{"id":4809,"date":"2014-06-03T10:23:42","date_gmt":"2014-06-03T08:23:42","guid":{"rendered":"http:\/\/www.ladislavjakl.cz\/?p=4809"},"modified":"2014-06-03T10:23:42","modified_gmt":"2014-06-03T08:23:42","slug":"ladislav-jakl-vse-citim-pres-rytmus","status":"publish","type":"post","link":"https:\/\/www.ladislavjakl.cz\/?p=4809","title":{"rendered":"Ladislav Jakl: V\u0161e c\u00edt\u00edm p\u0159es rytmus"},"content":{"rendered":"<p>B\u00fdval\u00fd tajemn\u00edk exprezidenta V\u00e1clava Klause nen\u00ed jen vystudovan\u00fdm \u017eurnalistou , ale tak\u00e9 muzikantem. Na Lidov\u00e9 konzervato\u0159i se v\u011bnoval zp\u011bvu. L\u00e1sku k hudb\u011b v sob\u011b na\u0161el u\u017e v \u00fatl\u00e9m v\u011bku. Dnes je frontmanem big beatov\u00e9 skupiny Folimanka Blues, kter\u00e1 ned\u00e1vno oslavila dvacet let na sc\u00e9n\u011b. O tom, \u017ee to um\u00ed Ladislav Jakl  na rockov\u00e9 sc\u00e9n\u011b pat\u0159i\u010dn\u011b rozjet se m\u016f\u017eou fanou\u0161ci p\u0159esv\u011bd\u010dit ji\u017e v \u010dervnu na festivalov\u00e9m vystoupen\u00ed v Modr\u00e9 vopici v pra\u017esk\u00fdch Vyso\u010danech.<\/p>\n<p><!--more--><\/p>\n<p><strong>Jste v\u00edce jak dvacet let frontman skupiny Folimanka Blues. Co v\u00e1s p\u0159ivedlo k hudb\u011b?<\/strong><\/p>\n<p>No to nev\u00edm. Asi proz\u0159etelnost. Cel\u00fd sv\u011bt kolem sebe vn\u00edm\u00e1m od d\u011btstv\u00ed jako hudbu a p\u0159es hudbu. Ale k rockov\u00e9 muzice m\u011b p\u0159ivedli brat\u0159i. Jsem nejmlad\u0161\u00ed ze \u010dty\u0159 bratr\u016f a jako mal\u00e9 d\u00edt\u011b jsem za\u017eil bigb\u00edtov\u00e9 \u010dasy 60. let. M\u016fj nejstar\u0161\u00ed bratr Mirek hr\u00e1l tehdy na basu v legend\u00e1rn\u00ed z\u00e1pado\u010desk\u00e9 kapele These Days, bratr V\u00e1clav se zas v\u011bnoval rockov\u00e9mu sb\u011bratelstv\u00ed a publicistice. Jen bratr Ji\u0159\u00ed hr\u00e1l na akordeon a k bigb\u00edtu se moc nem\u011bl. U mne to bylo jasn\u00e9 od kol\u00e9bky. V bigb\u00edtov\u00e9 zku\u0161ebn\u011b jsem byl poprv\u00e9 v p\u011bti letech a tuhle hudbu jsem vn\u00edmal \u00fapln\u011b samoz\u0159ejm\u011b jako tu z\u00e1kladn\u00ed. M\u00ed vrstevn\u00edci k n\u00ed p\u0159i\u0161li mnohem pozd\u011bji jako adolescenti. Asi proto u mnoha z nich to vlasat\u00e9 rockov\u00e9 obdob\u00ed zase brzo skon\u010dilo s dosp\u011blost\u00ed, prac\u00ed, rodinou. U mne trv\u00e1 dodnes, i kdy\u017e t\u011bch vlas\u016f u\u017e moc nem\u00e1m. Ale v\u0161echny t\u0159i jsou docela dlouh\u00e9.<\/p>\n<p><strong>Jak\u00fd hudebn\u00ed n\u00e1stroj je v\u00e1m nejbli\u017e\u0161\u00ed?<\/strong><\/p>\n<p>Kupodivu bubny. V\u0161e c\u00edt\u00edm p\u0159es rytmus. Jako lev\u00e1k jsem to ale nem\u011bl jednoduch\u00e9, nikdy jsem nemohl zasednout za ciz\u00ed bic\u00ed a n\u011bco p\u0159edv\u00e9st, musel bych v\u0161e p\u0159estav\u011bt. Tak\u017ee jsem vlastn\u011b z nouze z\u016fstal u kytary. A samoz\u0159ejm\u011b u zp\u011bvu. U\u017e jako d\u00edt\u011b jsem chodil do p\u011bveck\u00fdch krou\u017ek\u016f, pot\u00e9 jsem absolvoval Lidovou konzervato\u0159 J. Je\u017eka, obor zp\u011bv. Zp\u011bv\u00e1ci to maj\u00ed bezva, ostatn\u00ed se tahaj\u00ed s aparaturou, zp\u011bv\u00e1k sklapne hubu a m\u00e1 sbaleno.<\/p>\n<p><strong>Pro\u010d jste si vybral pr\u00e1v\u011b big beat?<\/strong><\/p>\n<p>Mo\u017en\u00e1 i kv\u016fli tomu rytmu. Je pro mne p\u0159irozen\u00fd. Ob\u010das mi leze na nervy, jak ti b\u011blo\u0161i hraj\u00ed v\u0161e dop\u0159edu a blb\u011b fr\u00e1zuj\u00ed. To my \u010derno\u0161i nem\u00e1me. Ale je\u0161t\u011b v\u00e1\u017en\u011bji: big beat pro m\u011b nikdy nebyl jen z\u00e1bavou. Je to hodn\u011b siln\u00fd v\u00fdrazov\u00fd prost\u0159edek, kter\u00fdm se lze pod\u011blit o ty nejsiln\u011bj\u0161\u00ed city.<\/p>\n<p><strong>M\u011bl jste tehdy, resp. m\u00e1te st\u00e1le n\u011bjak\u00e9 hudebn\u00ed vzory?<\/strong><\/p>\n<p>Je mnoho muzikant\u016f a kapel kter\u00e9 miluju a r\u00e1d poslouch\u00e1m, hlavn\u011b Led Zeppelin nebo Franka Zappu. Ale nikdy jsem se nesna\u017eil hr\u00e1t jako n\u011bkdo. Ani bych to neum\u011bl.<\/p>\n<p><strong>Kde hled\u00e1te nov\u00e9 invence?<\/strong><\/p>\n<p>Ony si najdou mne. Padaj\u00ed na mne spolu se \u017eivotem, spolu s t\u00edm, co \u017eivot p\u0159in\u00e1\u0161\u00ed.<\/p>\n<p><strong>V \u010dervnu se objev\u00edte na rockov\u00e9m festivalu. Co jste si pro svoje fanou\u0161ky p\u0159ichystali?<\/strong><\/p>\n<p>On je to sp\u00ed\u0161 festiv\u00e1lek, abych nep\u0159eh\u00e1n\u011bl. Bude 18. \u010dervna v klubu Modr\u00e1 vopice ve Vyso\u010danech. Krom\u011b m\u00e9 kapely Folimanka Blues tam zahraje kultovn\u00ed kapela woodstock\u00e9ho stylu Mick Wathling Experience a virtu\u00f3zn\u00ed kytarov\u00e9 trio ze Slovenska Eugenius Charon, kter\u00e9 t\u00edmto koncertem zahajuje sv\u00e9 evropsk\u00e9 turn\u00e9.<\/p>\n<p><strong>Kde jinde budete v l\u00e9t\u011b je\u0161t\u011b vystupovat?<\/strong><\/p>\n<p>Bohu\u017eel nikde. Po Modr\u00e9 vopici zahrajeme 20. \u010dervna ve Strakonic\u00edch a hned potom ud\u011bl\u00e1me pl\u00e1novanou zm\u011bnu na postu pianisty. Proto\u017ee jsme cel\u00e9 jaro nev\u011bd\u011bli, jak dopadne hled\u00e1n\u00ed nov\u00e9ho kl\u00e1ves\u00e1ka, nemohli jsme nic pl\u00e1novat. Ale u\u017e je v\u0161e vy\u0159e\u0161eno, tak\u017ee brzy se n\u00e1\u0161 kalend\u00e1\u0159 zase za\u010dne plnit, ale asi a\u017e od z\u00e1\u0159\u00ed, na l\u00e9to u\u017e je pozd\u011b.<\/p>\n<p><strong>Hrajete big beat. P\u0159esto, jak\u00fd jin\u00fd \u017e\u00e1nr hudby se v\u00e1m l\u00edb\u00ed?<\/strong><\/p>\n<p>Abych pravdu \u0159ekl, u rockov\u00e9 hudby si moc neodpo\u010dinu. M\u00e1m zlozvyk po\u0159\u00e1d poslouchat ty st\u0159eva a sou\u010d\u00e1stky uvnit\u0159, jak to d\u011blaj\u00ed. To je houby po\u017eitek. Zato n\u011bjak\u00e9 prastar\u00e9 blues nebo jazz, to je prav\u00e1 relaxace. Poslouch\u00e1m tak\u00e9 soudobou hudbu, pokud mo\u017eno co nejul\u00edtlej\u0161\u00ed. Ale stejn\u011b nejlep\u0161\u00ed recept na uvoln\u011bn\u00ed je pro mne n\u011bjak\u00e1 profl\u00e1knut\u00e1 klasick\u00e1 hudba. Tam moc nehroz\u00ed, \u017ee budu studovat, jak to ti skladatel\u00e9 d\u011blali, a nech\u00e1m na sebe p\u016fsobit celek, jak se hudba m\u00e1 spr\u00e1vn\u011b poslouchat.<\/p>\n<p><a href=\"http:\/\/www.viposobnosti.eu\/inpage\/ladislav-jakl-vse-citim-pres-rytmus\/\" target=\"_blank\">Zdroj<\/a><\/p>\n","protected":false},"excerpt":{"rendered":"<p>B\u00fdval\u00fd tajemn\u00edk exprezidenta V\u00e1clava Klause nen\u00ed jen vystudovan\u00fdm \u017eurnalistou , ale tak\u00e9 muzikantem. Na Lidov\u00e9 konzervato\u0159i se v\u011bnoval zp\u011bvu. L\u00e1sku k hudb\u011b v sob\u011b na\u0161el u\u017e v \u00fatl\u00e9m v\u011bku. Dnes je frontmanem big beatov\u00e9 skupiny Folimanka Blues, kter\u00e1 ned\u00e1vno oslavila dvacet let na sc\u00e9n\u011b. O tom, \u017ee to um\u00ed Ladislav Jakl na rockov\u00e9 sc\u00e9n\u011b pat\u0159i\u010dn\u011b [&hellip;]<\/p>\n","protected":false},"author":1,"featured_media":0,"comment_status":"open","ping_status":"open","sticky":false,"template":"","format":"standard","meta":{"ngg_post_thumbnail":0,"footnotes":""},"categories":[4,13],"tags":[],"class_list":["post-4809","post","type-post","status-publish","format-standard","hentry","category-hudba","category-rozhovory"],"_links":{"self":[{"href":"https:\/\/www.ladislavjakl.cz\/index.php?rest_route=\/wp\/v2\/posts\/4809","targetHints":{"allow":["GET"]}}],"collection":[{"href":"https:\/\/www.ladislavjakl.cz\/index.php?rest_route=\/wp\/v2\/posts"}],"about":[{"href":"https:\/\/www.ladislavjakl.cz\/index.php?rest_route=\/wp\/v2\/types\/post"}],"author":[{"embeddable":true,"href":"https:\/\/www.ladislavjakl.cz\/index.php?rest_route=\/wp\/v2\/users\/1"}],"replies":[{"embeddable":true,"href":"https:\/\/www.ladislavjakl.cz\/index.php?rest_route=%2Fwp%2Fv2%2Fcomments&post=4809"}],"version-history":[{"count":1,"href":"https:\/\/www.ladislavjakl.cz\/index.php?rest_route=\/wp\/v2\/posts\/4809\/revisions"}],"predecessor-version":[{"id":4810,"href":"https:\/\/www.ladislavjakl.cz\/index.php?rest_route=\/wp\/v2\/posts\/4809\/revisions\/4810"}],"wp:attachment":[{"href":"https:\/\/www.ladislavjakl.cz\/index.php?rest_route=%2Fwp%2Fv2%2Fmedia&parent=4809"}],"wp:term":[{"taxonomy":"category","embeddable":true,"href":"https:\/\/www.ladislavjakl.cz\/index.php?rest_route=%2Fwp%2Fv2%2Fcategories&post=4809"},{"taxonomy":"post_tag","embeddable":true,"href":"https:\/\/www.ladislavjakl.cz\/index.php?rest_route=%2Fwp%2Fv2%2Ftags&post=4809"}],"curies":[{"name":"wp","href":"https:\/\/api.w.org\/{rel}","templated":true}]}}