{"id":4816,"date":"2014-06-10T14:48:21","date_gmt":"2014-06-10T12:48:21","guid":{"rendered":"http:\/\/www.ladislavjakl.cz\/?p=4816"},"modified":"2014-06-10T14:48:21","modified_gmt":"2014-06-10T12:48:21","slug":"ladislav-jakl-nad-peheho-komentarem","status":"publish","type":"post","link":"https:\/\/www.ladislavjakl.cz\/?p=4816","title":{"rendered":"Ladislav Jakl nad Peheho koment\u00e1\u0159em"},"content":{"rendered":"<p style=\"margin: 1em 0px; font-family: Arial, Helvetica, sans-serif; font-size: 14px; line-height: 18.003999710083008px;\">Jedni z\u00a0p\u0159\u00e1tel na\u0161eho institutu n\u00e1m napsali, \u017ee je \u201ePehe sv\u00fdm dne\u0161n\u00edm koment\u00e1\u0159em zcela vypla\u0161il\u201c (Novinky, 4. \u010dervna 2014). Dodali v\u011btu \u201eJe pros\u00edm na tom n\u011bco mo\u017en\u00e9, p\u0159\u00edpustn\u00e9, nebo, a v to douf\u00e1m, jestli je koment\u00e1\u0159 nesmysl?\u201c. Odpov\u011bd\u011bli jsme jim stru\u010dn\u00fdm textem Ladislava Jakla, kter\u00fd stoj\u00ed za zve\u0159ejn\u011bn\u00ed:<\/p>\n<p style=\"margin: 1em 0px; font-family: Arial, Helvetica, sans-serif; font-size: 14px; line-height: 18.003999710083008px;\"><!--more--><\/p>\n<p style=\"margin: 1em 0px; font-family: Arial, Helvetica, sans-serif; font-size: 14px; line-height: 18.003999710083008px;\">Pan Pehe p\u00ed\u0161e na mnoha \u0159\u00e1dc\u00edch o sv\u00e9m v\u00fdkladu nejen \u00fasp\u011bchu euroskeptik\u016f ve volb\u00e1ch do EP, ale v\u016fbec o sv\u00e9m v\u00fdkladu d\u011bjin posledn\u00edch stalet\u00ed. Pozoruhodn\u00e9 je, \u017ee se na t\u011bch jeho mnoha \u0159\u00e1dc\u00edch neobjevuje ani jednou slovo svoboda, ani jednou slovo \u010dlov\u011bk. Demokracie jen jednou, a to v souvislosti s konstitu\u010dn\u00edmi demokraciemi p\u0159ed dv\u011bma sty lety. Mysl\u00edm, \u017ee je to pro lidi jeho typu docela charakteristick\u00e9. Vn\u00edmaj\u00ed d\u011bjiny jako z\u00e1pas mocn\u00fdch sil, zat\u00edmco \u010dlov\u00ed\u010dek se jim tam n\u011bjak ztr\u00e1c\u00ed. Proto v\u016fbec nedovedou pochopit sv\u00e9 odp\u016frce, odp\u016frce budov\u00e1n\u00ed evropsk\u00e9ho superst\u00e1tu. Vid\u00ed dne\u0161n\u00ed v\u00fdzvy jako st\u0159etnut\u00ed izolace, zp\u00e1te\u010dnictv\u00ed a \u0161ovinismu s modern\u00edm pokrokov\u00fdm otev\u0159en\u00fdm sv\u011btem.<\/p>\n<p style=\"margin: 1em 0px; font-family: Arial, Helvetica, sans-serif; font-size: 14px; line-height: 18.003999710083008px;\">Jen\u017ee tak to nen\u00ed. V\u00fdzvou dne\u0161ka je boj o demokracii. A demokracii se da\u0159\u00ed jen v demokratick\u00e9m st\u00e1tu, v parlamentn\u00ed demokracii, kde existuje d\u011blba moci a \u00fastavn\u00ed vyv\u00e1\u017eenost pravomoc\u00ed v\u0161ech instituc\u00ed. Ti, kdo cht\u011bj\u00ed budovat nov\u00fd \u0159\u00e1d, demokracii nepot\u0159ebuj\u00ed. Nadn\u00e1rodn\u00ed instituce v jejich pod\u00e1n\u00ed maj\u00ed stejnou moc vym\u00e1hat cokoli po ob\u010danovi jako demokratick\u00fd st\u00e1t, ale narozd\u00edl od n\u011bj nem\u00e1 u nich ob\u010dan \u017e\u00e1dnou mo\u017enost kontroly, neexistuje zp\u011btn\u00e1 vazba na \u010dlov\u011bka, neexistuj\u00ed z\u00e1ruky proti zneu\u017eit\u00ed moci a s\u00edly.<\/p>\n<p style=\"margin: 1em 0px; font-family: Arial, Helvetica, sans-serif; font-size: 14px; line-height: 18.003999710083008px;\">P\u0159\u00e1tel\u00e9 demokracie necht\u011bj\u00ed nic uzav\u00edrat a izolovat, p\u0159ej\u00ed si otev\u0159enou spolupr\u00e1ci a obchod se v\u0161emi svobodn\u00fdmi zem\u011bmi mezi sebou. To brusel\u0161t\u00ed centraliz\u00e1to\u0159i se cht\u011bj\u00ed izolovat. Od ob\u010dan\u016f i od okoln\u00edho sv\u011bta.<\/p>\n<p style=\"margin: 1em 0px; font-family: Arial, Helvetica, sans-serif; font-size: 14px; line-height: 18.003999710083008px;\">To oni pat\u0159\u00ed mezi starou vete\u0161 na vyhozen\u00ed, proto\u017ee svoboda nakonec v\u017edycky vyhraje. Oni to v\u011bd\u00ed, tak n\u00e1lepkuj\u00ed sv\u00e9 oponenty jako zastydl\u00e9 uzav\u0159en\u00e9 nacionalisty.<\/p>\n<p style=\"margin: 1em 0px; font-family: Arial, Helvetica, sans-serif; font-size: 14px; line-height: 18.003999710083008px;\"><em>Ladislav Jakl, 9. \u010dervna 2014.<\/em><\/p>\n<p style=\"margin: 1em 0px; font-family: Arial, Helvetica, sans-serif; font-size: 14px; line-height: 18.003999710083008px;\"><a href=\"http:\/\/www.institutvk.cz\/ostatni-texty\/ladislav-jakl-nad-peheho-komentarem\" target=\"_blank\">Zdroj<\/a><\/p>\n","protected":false},"excerpt":{"rendered":"<p>Jedni z\u00a0p\u0159\u00e1tel na\u0161eho institutu n\u00e1m napsali, \u017ee je \u201ePehe sv\u00fdm dne\u0161n\u00edm koment\u00e1\u0159em zcela vypla\u0161il\u201c (Novinky, 4. \u010dervna 2014). Dodali v\u011btu \u201eJe pros\u00edm na tom n\u011bco mo\u017en\u00e9, p\u0159\u00edpustn\u00e9, nebo, a v to douf\u00e1m, jestli je koment\u00e1\u0159 nesmysl?\u201c. Odpov\u011bd\u011bli jsme jim stru\u010dn\u00fdm textem Ladislava Jakla, kter\u00fd stoj\u00ed za zve\u0159ejn\u011bn\u00ed:<\/p>\n","protected":false},"author":1,"featured_media":0,"comment_status":"open","ping_status":"open","sticky":false,"template":"","format":"standard","meta":{"ngg_post_thumbnail":0,"footnotes":""},"categories":[1],"tags":[],"class_list":["post-4816","post","type-post","status-publish","format-standard","hentry","category-publikovane-clanky"],"_links":{"self":[{"href":"https:\/\/www.ladislavjakl.cz\/index.php?rest_route=\/wp\/v2\/posts\/4816","targetHints":{"allow":["GET"]}}],"collection":[{"href":"https:\/\/www.ladislavjakl.cz\/index.php?rest_route=\/wp\/v2\/posts"}],"about":[{"href":"https:\/\/www.ladislavjakl.cz\/index.php?rest_route=\/wp\/v2\/types\/post"}],"author":[{"embeddable":true,"href":"https:\/\/www.ladislavjakl.cz\/index.php?rest_route=\/wp\/v2\/users\/1"}],"replies":[{"embeddable":true,"href":"https:\/\/www.ladislavjakl.cz\/index.php?rest_route=%2Fwp%2Fv2%2Fcomments&post=4816"}],"version-history":[{"count":2,"href":"https:\/\/www.ladislavjakl.cz\/index.php?rest_route=\/wp\/v2\/posts\/4816\/revisions"}],"predecessor-version":[{"id":4818,"href":"https:\/\/www.ladislavjakl.cz\/index.php?rest_route=\/wp\/v2\/posts\/4816\/revisions\/4818"}],"wp:attachment":[{"href":"https:\/\/www.ladislavjakl.cz\/index.php?rest_route=%2Fwp%2Fv2%2Fmedia&parent=4816"}],"wp:term":[{"taxonomy":"category","embeddable":true,"href":"https:\/\/www.ladislavjakl.cz\/index.php?rest_route=%2Fwp%2Fv2%2Fcategories&post=4816"},{"taxonomy":"post_tag","embeddable":true,"href":"https:\/\/www.ladislavjakl.cz\/index.php?rest_route=%2Fwp%2Fv2%2Ftags&post=4816"}],"curies":[{"name":"wp","href":"https:\/\/api.w.org\/{rel}","templated":true}]}}