{"id":4826,"date":"2014-06-11T12:24:27","date_gmt":"2014-06-11T10:24:27","guid":{"rendered":"http:\/\/www.ladislavjakl.cz\/?p=4826"},"modified":"2014-06-11T13:16:43","modified_gmt":"2014-06-11T11:16:43","slug":"pojdte-se-mnou-na-pivo","status":"publish","type":"post","link":"https:\/\/www.ladislavjakl.cz\/?p=4826","title":{"rendered":"Poj\u010fte se mnou na pivo!"},"content":{"rendered":"<p>V p\u00e1tek a v sobotu si m\u016f\u017eeme spole\u010dn\u011b u\u017e\u00edt snad nejkr\u00e1sn\u011bj\u0161\u00ed pivn\u00ed festival u n\u00e1s. Jmenuje se Pivo na Hrad a prob\u011bhne na tzv. St\u0159eleck\u00e9 cest\u011b (mezi Belvederem a F\u00edkovnou) v Kr\u00e1lovsk\u00e9 zahrad\u011b Pra\u017esk\u00e9ho hradu. U vstupu zaplat\u00edte 350 korun, dostanete katalog a degusta\u010dn\u00ed skleni\u010dku a pak u\u017e si m\u016f\u017eete bez dal\u0161\u00edho placen\u00ed pochutn\u00e1vat na nejlep\u0161\u00edch pivech, kter\u00e1 se u n\u00e1s d\u011blaj\u00ed.<\/p>\n<p><!--more--><\/p>\n<p>Svou produkc\u00ed se tam bude chlubit 70 mikropivovar\u016f, k ochutn\u00e1n\u00ed tam bude na 150 r\u016fzn\u00fdch piv. \u00a0Tenhle pivn\u00ed sv\u00e1tek po\u0159\u00e1d\u00e1 \u010ceskomoravsk\u00fd svaz minipivovar\u016f a skoro u ka\u017ed\u00e9ho st\u00e1nku tam proto bude s\u00e1m majitel nebo sl\u00e1dek, se kter\u00fdmi lze pokecat o tom, jak ty sv\u00e9 dobroty vyr\u00e1b\u011bj\u00ed. V p\u00e1tek je festival otev\u0159en od 14 do 20 hodin, v sobotu od 10 do 20. V\u00edce informac\u00ed najdete na <a href=\"http:\/\/www.pivonahrad.cz\">www.pivonahrad.cz<\/a><\/p>\n<p>J\u00e1 tam tedy rozhodn\u011b jdu. Co vy?<\/p>\n<p>L. J.<\/p>\n","protected":false},"excerpt":{"rendered":"<p>V p\u00e1tek a v sobotu si m\u016f\u017eeme spole\u010dn\u011b u\u017e\u00edt snad nejkr\u00e1sn\u011bj\u0161\u00ed pivn\u00ed festival u n\u00e1s. Jmenuje se Pivo na Hrad a prob\u011bhne na tzv. St\u0159eleck\u00e9 cest\u011b (mezi Belvederem a F\u00edkovnou) v Kr\u00e1lovsk\u00e9 zahrad\u011b Pra\u017esk\u00e9ho hradu. U vstupu zaplat\u00edte 350 korun, dostanete katalog a degusta\u010dn\u00ed skleni\u010dku a pak u\u017e si m\u016f\u017eete bez dal\u0161\u00edho placen\u00ed pochutn\u00e1vat na [&hellip;]<\/p>\n","protected":false},"author":1,"featured_media":0,"comment_status":"open","ping_status":"open","sticky":false,"template":"","format":"standard","meta":{"ngg_post_thumbnail":0,"footnotes":""},"categories":[5],"tags":[],"class_list":["post-4826","post","type-post","status-publish","format-standard","hentry","category-rodina"],"_links":{"self":[{"href":"https:\/\/www.ladislavjakl.cz\/index.php?rest_route=\/wp\/v2\/posts\/4826","targetHints":{"allow":["GET"]}}],"collection":[{"href":"https:\/\/www.ladislavjakl.cz\/index.php?rest_route=\/wp\/v2\/posts"}],"about":[{"href":"https:\/\/www.ladislavjakl.cz\/index.php?rest_route=\/wp\/v2\/types\/post"}],"author":[{"embeddable":true,"href":"https:\/\/www.ladislavjakl.cz\/index.php?rest_route=\/wp\/v2\/users\/1"}],"replies":[{"embeddable":true,"href":"https:\/\/www.ladislavjakl.cz\/index.php?rest_route=%2Fwp%2Fv2%2Fcomments&post=4826"}],"version-history":[{"count":2,"href":"https:\/\/www.ladislavjakl.cz\/index.php?rest_route=\/wp\/v2\/posts\/4826\/revisions"}],"predecessor-version":[{"id":4828,"href":"https:\/\/www.ladislavjakl.cz\/index.php?rest_route=\/wp\/v2\/posts\/4826\/revisions\/4828"}],"wp:attachment":[{"href":"https:\/\/www.ladislavjakl.cz\/index.php?rest_route=%2Fwp%2Fv2%2Fmedia&parent=4826"}],"wp:term":[{"taxonomy":"category","embeddable":true,"href":"https:\/\/www.ladislavjakl.cz\/index.php?rest_route=%2Fwp%2Fv2%2Fcategories&post=4826"},{"taxonomy":"post_tag","embeddable":true,"href":"https:\/\/www.ladislavjakl.cz\/index.php?rest_route=%2Fwp%2Fv2%2Ftags&post=4826"}],"curies":[{"name":"wp","href":"https:\/\/api.w.org\/{rel}","templated":true}]}}