{"id":4829,"date":"2014-06-17T14:08:07","date_gmt":"2014-06-17T12:08:07","guid":{"rendered":"http:\/\/www.ladislavjakl.cz\/?p=4829"},"modified":"2014-06-17T14:08:36","modified_gmt":"2014-06-17T12:08:36","slug":"festival-minipivovaru-si-pochvalovali-poradatele-i-navstevnici","status":"publish","type":"post","link":"https:\/\/www.ladislavjakl.cz\/?p=4829","title":{"rendered":"Festival minipivovar\u016f si pochvalovali po\u0159adatel\u00e9 i n\u00e1v\u0161t\u011bvn\u00edci"},"content":{"rendered":"<p><a href=\"https:\/\/www.ladislavjakl.cz\/wp-content\/uploads\/2014\/06\/praha-festival-minipivovaru-prazsky-hrad03_galerie-980.jpg\"><img loading=\"lazy\" decoding=\"async\" class=\"alignleft size-thumbnail wp-image-4830\" title=\"Festival minipivovar\u016f\" src=\"https:\/\/www.ladislavjakl.cz\/wp-content\/uploads\/2014\/06\/praha-festival-minipivovaru-prazsky-hrad03_galerie-980-150x150.jpg\" alt=\"praha-festival-minipivovaru-prazsky-hrad03_galerie-980\" width=\"150\" height=\"150\" \/><\/a>Festival minipivovar\u016f nav\u0161t\u00edvilo na Pra\u017esk\u00e9m hrad\u011b rekordn\u00edch 2500 milovn\u00edk\u016f piva, co\u017e je tak\u00e9 maxim\u00e1ln\u00ed po\u010det, kter\u00fd se m\u016f\u017ee v prostor\u00e1ch St\u0159eleck\u00e9 cesty pod Kr\u00e1lovsk\u00fdm letohr\u00e1dkem, kde se setk\u00e1n\u00ed pravideln\u011b kon\u00e1, pohybovat.<\/p>\n<p><!--more--><\/p>\n<p>Po\u0159adatelem akce je \u010ceskomoravsk\u00fd svaz minipivovar\u016f a p\u0159edstavilo se na n\u00ed 61 pivovar\u016f se 120 druhy piva 25 r\u016fzn\u00fdch styl\u016f z cel\u00e9 republiky, kde ka\u017ed\u00fd z pivovar\u016f vybral sv\u00e1 dv\u011b nejlep\u0161\u00ed piva a celkov\u011b se zdarma vy\u010depovalo p\u0159es 6000 litr\u016f.<\/p>\n<p>\u201eAkce se pevn\u011b usadila v programu milovn\u00edk\u016f piva, co\u017e bylo vid\u011bt na zv\u00fd\u0161en\u00e9 n\u00e1v\u0161t\u011bvnosti. Ji\u017e v\u0161ichni pochopili, co o\u010dek\u00e1vat, a koloto\u010de u\u017e nikdo nehledal. V\u0161e prob\u011bhlo v klidu a v pohod\u011b,&#8220; hodnot\u00ed Jan \u0160ur\u00e1\u0148, prezident \u010ceskomoravsk\u00e9ho svazu minipivovar\u016f.<\/p>\n<p>Na festivalu byli p\u0159\u00edtomni sl\u00e1dci a majitel\u00e9 z ka\u017ed\u00e9ho pivovaru, kte\u0159\u00ed pod\u00e1vali n\u00e1v\u0161t\u011bvn\u00edk\u016fm akce co nejobs\u00e1hlej\u0161\u00ed a nep\u0159esn\u011bj\u0161\u00ed informace.<\/p>\n<p>\u201eTento festival je povedenou kulturn\u00ed a kultivovanou degusta\u010dn\u00ed akc\u00ed, kterou nav\u0161t\u011bvuj\u00ed pou\u010den\u00ed laici. Nejde tedy o b\u011b\u017en\u00fd pivn\u00ed festival, kam lidi p\u0159ijdou vyp\u00edt co nejv\u00edce. Je to tak\u00e9 skv\u011bl\u00e9 m\u00edsto na zprost\u0159edkov\u00e1n\u00ed kontakt\u016f mezi v\u00fdrobci piva a majiteli pivot\u00e9k a restaurac\u00ed, kte\u0159\u00ed zde mohou rovnou ochutnat a porovnat piva, je\u017e mohou skon\u010dit u nich na \u010depu. A v neposledn\u00ed \u0159ad\u011b tak\u00e9 skv\u011bl\u00e1 p\u0159\u00edle\u017eitost setkat se s kolegy pivovarn\u00edky,&#8220; \u0159\u00edk\u00e1 David M\u00e1\u0161a, sl\u00e1dek z Pivovaru Anto\u0161 Slan\u00fd.<\/p>\n<p>Po\u010das\u00ed vy\u0161lo skv\u011ble<\/p>\n<p>Festival minipivovar\u016f si ale chv\u00e1lili i n\u00e1v\u0161t\u011bvn\u00edci. \u201eAkce je to skv\u011bl\u00e1, organizace \u00fa\u017easn\u00e1, po\u010das\u00ed vy\u0161lo kr\u00e1sn\u011b a je tu spousta zaj\u00edmav\u00fdch a dobr\u00fdch piv. Nejv\u00edce m\u011b zaujala Flekovsk\u00e1 13\u00b0 z Pivovaru arestaurace U Flek\u016f, d\u00e1le Abbey 16\u00b0 z Joes garage brewery nebo Hop Swill IPA 17\u00b0z Pivovaru Zh\u016f\u0159\u00e1k Nepomuk,&#8220; \u0159\u00edk\u00e1 Ji\u0159\u00ed z Prahy, n\u00e1v\u0161t\u011bvn\u00edk festivalu. \u201eSuper akce, hlavn\u011b a\u0165 pokra\u010duje d\u00e1l, jeliko\u017e m\u00e1 smysl podporovat minipivovary. \u010c\u00edm v\u00edc, t\u00edm l\u00edp,&#8220; dod\u00e1v\u00e1 n\u00e1v\u0161t\u011bvn\u00edk Marek z Opavy.<\/p>\n<p>Akce se z\u00fa\u010dastnil i zn\u00e1m\u00fd milovn\u00edk piva, Ladislav Jakl, z\u00e1rove\u0148 prezident Prvn\u00ed pivn\u00ed extraligy, kter\u00fd hodnotil: \u201eNeexistuje \u017e\u00e1dn\u00fd jin\u00fd festival, na kter\u00e9m by byli v takov\u00e9 m\u00ed\u0159e p\u0159\u00edtomni sl\u00e1dci a majitel\u00e9 pivovar\u016f, co\u017e je skv\u011bl\u00e9 jak pro n\u00e1v\u0161t\u011bvn\u00edky, jeliko\u017e se od nich mohou mnoh\u00e9 dozv\u011bd\u011bt, tak p\u0159\u00edmo pro pivovarn\u00edky, proto\u017ee spolu mohou pohovo\u0159it. Pochv\u00e1lit mus\u00edm i organizaci, kter\u00e1 je rok od roku lep\u0161\u00ed. Festival se kon\u00e1 na kr\u00e1sn\u00e9m a presti\u017en\u00edm m\u00edst\u011b, co\u017e si pivo jako u\u0161lechtil\u00fd a presti\u017en\u00edn\u00e1poj zaslou\u017e\u00ed. Tak\u00e9 mus\u00edm dodat, \u017ee Honza \u0160ur\u00e1\u0148 m\u00e1 ur\u010dit\u011b smlouvu s \u010f\u00e1blem, proto\u017ee nen\u00ed mo\u017en\u00e9, aby m\u011bl ji\u017e t\u0159et\u00edm rokem takov\u00e9 \u0161t\u011bst\u00ed na po\u010das\u00ed.&#8220;<\/p>\n<p>Pivo nen\u00ed p\u0159e\u017eitek minulosti<\/p>\n<p>V \u010cech\u00e1ch bohu\u017eel z\u016fst\u00e1v\u00e1 p\u0159e\u017eitek minulosti, kde je pivo spojeno se zakou\u0159enou restaurac\u00ed, pit\u00edm v pracovn\u00ed dob\u011b a \u010d\u00edmsi primitivn\u00edm a tento festival ukazuje prav\u00fd opak, unik\u00e1tn\u00ed prost\u0159ed\u00ed, v\u00fdrazn\u00e9 chut\u011b, kr\u00e1sn\u00e9 chov\u00e1n\u00ed lid\u00ed v\u016f\u010di sob\u011b, kte\u0159\u00ed mezi sebou diskutuj\u00ed, ale neop\u00edjej\u00ed se. Velkou p\u0159ednost\u00ed festivalu je to, \u017ee jsou pivovary postaveny sob\u011b na rove\u0148, kde nikdo nem\u00e1 v\u011bt\u0161\u00ed nebo men\u0161\u00ed st\u00e1nek.<\/p>\n<p><a href=\"http:\/\/prazsky.denik.cz\/zpravy_region\/festival-minipivovaru-si-pochvalovali-poradatele-i-navstevnici-20140616.html\" target=\"_self\">Zdroj<\/a><\/p>\n","protected":false},"excerpt":{"rendered":"<p>Festival minipivovar\u016f nav\u0161t\u00edvilo na Pra\u017esk\u00e9m hrad\u011b rekordn\u00edch 2500 milovn\u00edk\u016f piva, co\u017e je tak\u00e9 maxim\u00e1ln\u00ed po\u010det, kter\u00fd se m\u016f\u017ee v prostor\u00e1ch St\u0159eleck\u00e9 cesty pod Kr\u00e1lovsk\u00fdm letohr\u00e1dkem, kde se setk\u00e1n\u00ed pravideln\u011b kon\u00e1, pohybovat.<\/p>\n","protected":false},"author":1,"featured_media":0,"comment_status":"open","ping_status":"open","sticky":false,"template":"","format":"standard","meta":{"ngg_post_thumbnail":0,"footnotes":""},"categories":[11],"tags":[],"class_list":["post-4829","post","type-post","status-publish","format-standard","hentry","category-ozvena"],"_links":{"self":[{"href":"https:\/\/www.ladislavjakl.cz\/index.php?rest_route=\/wp\/v2\/posts\/4829","targetHints":{"allow":["GET"]}}],"collection":[{"href":"https:\/\/www.ladislavjakl.cz\/index.php?rest_route=\/wp\/v2\/posts"}],"about":[{"href":"https:\/\/www.ladislavjakl.cz\/index.php?rest_route=\/wp\/v2\/types\/post"}],"author":[{"embeddable":true,"href":"https:\/\/www.ladislavjakl.cz\/index.php?rest_route=\/wp\/v2\/users\/1"}],"replies":[{"embeddable":true,"href":"https:\/\/www.ladislavjakl.cz\/index.php?rest_route=%2Fwp%2Fv2%2Fcomments&post=4829"}],"version-history":[{"count":2,"href":"https:\/\/www.ladislavjakl.cz\/index.php?rest_route=\/wp\/v2\/posts\/4829\/revisions"}],"predecessor-version":[{"id":4832,"href":"https:\/\/www.ladislavjakl.cz\/index.php?rest_route=\/wp\/v2\/posts\/4829\/revisions\/4832"}],"wp:attachment":[{"href":"https:\/\/www.ladislavjakl.cz\/index.php?rest_route=%2Fwp%2Fv2%2Fmedia&parent=4829"}],"wp:term":[{"taxonomy":"category","embeddable":true,"href":"https:\/\/www.ladislavjakl.cz\/index.php?rest_route=%2Fwp%2Fv2%2Fcategories&post=4829"},{"taxonomy":"post_tag","embeddable":true,"href":"https:\/\/www.ladislavjakl.cz\/index.php?rest_route=%2Fwp%2Fv2%2Ftags&post=4829"}],"curies":[{"name":"wp","href":"https:\/\/api.w.org\/{rel}","templated":true}]}}