{"id":4859,"date":"2014-07-04T16:21:20","date_gmt":"2014-07-04T14:21:20","guid":{"rendered":"http:\/\/www.ladislavjakl.cz\/?p=4859"},"modified":"2014-07-04T16:21:20","modified_gmt":"2014-07-04T14:21:20","slug":"autor-amnestie-konecne-odhalen","status":"publish","type":"post","link":"https:\/\/www.ladislavjakl.cz\/?p=4859","title":{"rendered":"Autor amnestie kone\u010dn\u011b odhalen"},"content":{"rendered":"<p>Do\u010detl jsem se, \u017ee pr\u00e1vn\u00edk Pavel Hasenkopf se soud\u00ed s\u00a0prezidentskou kancel\u00e1\u0159\u00ed, po kter\u00e9 \u017e\u00e1d\u00e1 od\u0161kodn\u011bn\u00ed v\u00a0\u0159\u00e1du stovek tis\u00edc\u016f korun za to, \u017ee ho sou\u010dasn\u00fd prezident a vedouc\u00ed KPR ozna\u010dili za jednoho z \u201eautor\u016f\u201c lo\u0148sk\u00e9 amnestie. U\u017e jsem na toto t\u00e9ma \u0159ekl a napsal asi \u00fapln\u011b v\u0161echno, ale balvan se op\u011bt skut\u00e1lel, jak soud\u00edm z\u00a0n\u011bkter\u00fdch medi\u00e1ln\u00edch ohlas\u016f. Tak\u017ee ho jdu op\u011bt valit nahoru:<\/p>\n<p><!--more--><\/p>\n<ol>\n<li>Nen\u00ed mi jasn\u00e9, pro\u010d se st\u00e1le operuje s\u00a0jak\u00fdmsi autorstv\u00edm amnestie. Autorem je prezident republiky V\u00e1clav Klaus, kter\u00fd je pod n\u00ed podeps\u00e1n a kter\u00fd t\u00edmto podpisem stvrzuje i svou politickou odpov\u011bdnost za jej\u00ed vyhl\u00e1\u0161en\u00ed. Jist\u011b\u017ee se o jej\u00edm zn\u011bn\u00ed radil, jist\u011b\u017ee \u010derpal z\u00a0r\u016fzn\u00fdch n\u00e1m\u011bt\u016f z\u00a0minulosti i sou\u010dasnosti, mohl mu leccos poradit kdokoli z\u00a0jeho okol\u00ed, mohl v\u011bc konzultovat s\u00a0k\u00fdmkoli, u koho to usoudil za pot\u0159ebn\u00e9. Ale t\u00edm se nikdo dal\u0161\u00ed nest\u00e1v\u00e1 autorem \u010di spoluautorem. U mnoha \u00fastavn\u00edch akt\u016f je prezident inspirov\u00e1n r\u016fzn\u00fdmi n\u00e1vrhy, podn\u011bty \u010di radami, ne\u017e se rozhodne. Jsou ale pak inici\u00e1to\u0159i t\u011bchto podn\u011bt\u016f autory nebo spoluautory? A v\u00a0jak\u00e9m pom\u011bru? Jak m\u011b\u0159it, kter\u00e1 v\u011bta prezidenta ovlivnila v\u00edce a kter\u00e9 m\u00e9n\u011b? To by pak \u201espoluautorem\u201c n\u011bkter\u00fdch rozhodnut\u00ed mohl b\u00fdt naz\u00fdv\u00e1n leckter\u00fd koment\u00e1tor leckter\u00fdch novin.<\/li>\n<li>Jin\u00e1 v\u011bc by byla, kdyby V\u00e1clav Klaus podepsal podstr\u010den\u00fd text, od podpisu se pak distancoval a \u017e\u00e1dal hledat autora a inici\u00e1tora podstr\u010deniny.\u00a0 Nic takov\u00e9ho se ale nestalo, V\u00e1clav Klaus se ke sv\u00e9mu podpisu a tedy i autorstv\u00ed hl\u00e1s\u00ed. Cel\u00e9 ono \u201ehled\u00e1n\u00ed autora\u201c iniciovali pravd\u011bpodobn\u011b takov\u00ed politici, kte\u0159\u00ed bez rozmyslu podep\u00ed\u0161\u00ed cokoli, co jim kdo k\u00a0podpisu p\u0159edlo\u017e\u00ed, a jednaj\u00ed podle hesla \u201epodle sebe soud\u00edm tebe.\u201c<\/li>\n<li>Ji\u017e prvn\u00ed den \u00fa\u010dinnosti amnestie jsem ve\u0159ejn\u011b ozn\u00e1mil, jak jej\u00ed zn\u011bn\u00ed vznikalo. \u017de to bylo na (mnohdy velmi ostr\u00fdch) debat\u00e1ch pana prezidenta se t\u0159emi nejbli\u017e\u0161\u00edmi spolupracovn\u00edky, p\u0159i\u010dem\u017e j\u00e1 jsem byl mezi nimi. \u0158\u00edk\u00e1m to dokola celou dobu a nikdo to nesly\u0161\u00ed, To by toti\u017e ne\u0161lo \u017eivit kauzu jak\u00e9hosi skryt\u00e9ho \u201eautorstv\u00ed\u201c amnestie.\u201c<\/li>\n<li>Nen\u00ed mi jasn\u00e9, jak by mohlo pana Hasenkopfa po\u0161kodit tvrzen\u00ed, \u017ee se na p\u0159\u00edprav\u011b amnestie pod\u00edlel. Jej\u00ed vyhl\u00e1\u0161en\u00ed bylo \u00fastavn\u011b leg\u00e1ln\u00edm krokem, bylo realizac\u00ed \u00fastavn\u00edho pr\u00e1va prezidenta republiky, kter\u00e9 hojn\u011b vyu\u017e\u00edvali v\u0161ichni jeho p\u0159edch\u016fdci. Jist\u011b\u017ee na konkr\u00e9tn\u00ed amnestii lze m\u00edt r\u016fzn\u00e9 pr\u00e1vn\u00ed, politick\u00e9 \u010di ob\u010dansk\u00e9 n\u00e1zory, jako na jak\u00fdkoli jin\u00fd \u00fastavn\u00ed nebo politicky akt. T\u011b\u017eko ale m\u016f\u017ee b\u00fdt n\u011bkdo po\u0161kozen t\u00edm, \u017ee je mu p\u0159isuzov\u00e1n pod\u00edl na rozhodnut\u00ed, kter\u00e9 r\u016fzn\u00ed lid\u00e9 hodnot\u00ed r\u016fzn\u011b. Pokud by byla pravdiv\u00e1 slova prezidenta Milo\u0161e Zemana, \u017ee lo\u0148sk\u00e1 amnestie byla \u201ezlo\u010dinem\u201c a tedy poru\u0161en\u00edm pr\u00e1va, pak by pod\u00edl na takov\u00e9m zlo\u010dinu mohl b\u00fdt posuzov\u00e1n jako spolupachatelstv\u00ed a neopr\u00e1vn\u011bn\u00e9 ozna\u010den\u00ed kohokoli za \u201espolupachatele\u201c by adres\u00e1ta mohlo po\u0161kodit. Amnestie ale byla jen jedn\u00edm z\u00a0mnoha rozhodnut\u00ed prezidenta republiky a tak\u00e9 v\u0161echna ostatn\u00ed nejsou neutr\u00e1ln\u00ed, av\u0161ak pr\u00e1vn\u011b korektn\u00ed \u010diny. Dost by mne mrzelo, kdyby n\u011bkdo tvrdil, \u017ee jsem sv\u00fdm vlivem dos\u00e1hl podpisu n\u011bjak\u00e9ho z\u00e1kona, kter\u00fd jsem p\u0159itom prezidentovi navrhoval vr\u00e1tit. Ve snu by m\u011b ale nenapadlo se kv\u016fli takov\u00e9mu tvrzen\u00ed soudit. Jen bych takov\u00e9 tvrzen\u00ed uvedl na pravou m\u00edru.<\/li>\n<li>Pavel Hasenkopf nen\u00ed autorem, spoluautorem ani inici\u00e1torem lo\u0148sk\u00e9 amnestie. Na jej\u00edm zn\u011bn\u00ed se nijak nepod\u00edlel, nebyl ani u jedn\u00e9 porady, na kter\u00e9 jej\u00ed zn\u011bn\u00ed vznikalo. Byl jen jedn\u00edm z\u00a0mnoha pr\u00e1vn\u00edk\u016f, na kter\u00e9 jsem se j\u00e1 \u0159adu let obracel s\u00a0prosbou o n\u00e1vrhy, n\u00e1pady, n\u00e1zory a podn\u011bty na tuto problematiku. Byl jsem toti\u017e od za\u010d\u00e1tku p\u0159\u00edvr\u017eencem toho, aby prezident amnestii vyhl\u00e1sil, a zku\u0161enost m\u011b vedla k tomu, \u017ee pravd\u011bpodobnost jej\u00edho vyhl\u00e1\u0161en\u00ed zv\u00fd\u0161\u00edm t\u00edm, \u017ee budu na t\u00e9ma l\u00e9pe p\u0159ipraven. Podn\u011bty jsem m\u011bl nap\u0159\u00edklad od snad v\u0161ech ministr\u016f spravedlnosti a dal\u0161\u00edch expert\u016f. Obracel jsem se na n\u011b neofici\u00e1ln\u011b, proto\u017ee nikdo nem\u011bl z\u00edskat dojem, \u017ee se n\u011bjak\u00e1 amnestie chyst\u00e1, to je pravidlo u amnesti\u00ed platn\u00e9 odjak\u017eiva. I na pana Hasenkopfa jsem se soukrom\u011b obr\u00e1til u\u017e p\u0159ed lety, dokonce v\u00a0dob\u011b, kdy je\u0161t\u011b ani nebyl m\u00fdm pod\u0159\u00edzen\u00fdm, stejn\u011b jako na n\u011bkter\u00e9 jeho p\u0159edch\u016fdce. I jeho n\u00e1m\u011bty slou\u017eily pouze pro mou osobn\u00ed pot\u0159ebu a prezident republiky s\u00a0nimi nikdy nepracoval. Trval na tom, \u017ee zn\u011bn\u00ed mus\u00ed vznikat od nuly u stolu v\u00a0jeho pracovn\u011b p\u0159i porad\u00e1ch.<\/li>\n<li>Je mi z\u00e1hadou, pro\u010d p\u00e1nov\u00e9 Zeman a Myn\u00e1\u0159 ozna\u010duj\u00ed Hasenkopfa jako \u201espoluautora amnestie. Mohli p\u0159ece za n\u00e1mi kdykoli p\u0159ij\u00edt a zeptat se. Proto jsou prezidentsk\u00e9 volby u\u017e n\u011bkolik t\u00fddn\u016f p\u0159ed za\u010d\u00e1tkem funk\u010dn\u00edho obdob\u00ed, aby nov\u00fd prezident a jeho t\u00fdm mohl p\u0159evz\u00edt \u00fa\u0159ad a jeho agendu. Za mnou za cel\u00e9 t\u00fddny nikdo ze Zemanov\u00fdch lid\u00ed nep\u0159i\u0161el, aby se t\u0159eba zeptali, co se vlastn\u011b v\u00a0m\u00e9m odboru d\u011bl\u00e1. Ostatn\u011b Zeman si v\u017edy myslel, \u017ee n\u00e1pln\u00ed m\u00e9 pr\u00e1ce bylo figurovat coby jak\u00fdsi osobn\u00ed sekret\u00e1\u0159, n\u011bco jako komorn\u00edk. Myslel si tak\u00e9, \u017ee sou\u010d\u00e1st\u00ed m\u00e9 pr\u00e1ce bylo chodit do m\u00e9di\u00ed, kam jsem ale p\u0159itom nikdy nebyl vysl\u00e1n a mluvil jsem v\u00a0nich jen za sebe. Nikdo nep\u0159i\u0161el a nezeptal se na nic, nato\u017e na amnestii. Ochotn\u011b bych to sd\u011blil do podrobnost\u00ed. Pan kancl\u00e9\u0159 Ji\u0159\u00ed Weigl dokonce z\u016fstal na Hrad\u011b n\u011bkolik m\u011bs\u00edc\u016f po n\u00e1stupu Milo\u0161e Zemana do \u00fa\u0159adu a byl s\u00a0jeho lidmi denn\u011b v\u00a0kontaktu. Ani jeho se nikdo na nic nezeptal. A tak jedin\u00fdm zdrojem my\u0161lenky na Hasenkopfovo \u201espoluautorstv\u00ed\u201c byla asi m\u00e1 osobn\u00ed korespondence s\u00a0n\u00edm. Nemysl\u00edm, \u017ee by prezident Klaus pana Hasenkopfa n\u011bkdy osobn\u011b pracovn\u011b vid\u011bl nebo s\u00a0n\u00edm o \u010demkoli kdy diskutoval. Pan Hasenkopf stejn\u011b jako kdokoli dal\u0161\u00ed z\u00a0Kancel\u00e1\u0159e prezidenta republiky nebyl do p\u0159\u00edpravy amnestie v\u016fbec zasv\u011bcen. Tato p\u0159\u00edprava neprob\u00edhala po \u00fa\u0159edn\u00ed linii, proto\u017ee by hrozilo vynesen\u00ed informac\u00ed. A\u017e do vyhl\u00e1\u0161en\u00ed amnestie se poda\u0159ilo ji utajit jen proto, \u017ee o jej\u00ed p\u0159\u00edprav\u011b krom\u011b pana prezidenta jeho t\u0159\u00ed spolupracovn\u00edk\u016f nikdo nev\u011bd\u011bl.<\/li>\n<li>Nen\u00ed to k\u00a0v\u011bci, ale stejn\u011b mus\u00edm dodat cosi i k\u00a0amnestii samotn\u00e9, nejen k\u00a0jej\u00edmu autorstv\u00ed. Na amnestii lze m\u00edt jak\u00fdkoli n\u00e1zor, nen\u00ed povinn\u00e9 s\u00a0n\u00ed souhlasit, stejn\u011b jako s\u00a0jak\u00fdmkoli jin\u00fdm prezidentov\u00fdm rozhodnut\u00edm. Jej\u00ed vyhl\u00e1\u0161en\u00ed bylo ale leg\u00e1ln\u00ed a \u00fastavn\u011b zcela konformn\u00ed. Amnestie se v\u00a0z\u00e1sad\u011b t\u00fdkala dvou skupin lid\u00ed. Prv\u00ed skupinou byli lid\u00e9 odsouzen\u00ed k\u00a0n\u00edzk\u00fdm trest\u016fm. Tito lid\u00e9 ve v\u011bt\u0161in\u011b civilizovan\u00fdch zem\u00ed v\u016fbec ve v\u011bzen\u00ed nesed\u00ed a jsou trest\u00e1ni jinak. U n\u00e1s ano, a proto jsme a\u017e do vyhl\u00e1\u0161en\u00ed amnestie byli na \u010dele evropsk\u00fdch st\u00e1t\u016f podle po\u010dtu lid\u00ed ve v\u011bzen\u00edch na po\u010det obyvatel. Druhou skupinou tvo\u0159ili lid\u00e9, kter\u00fdm soudy za deset \u010di patn\u00e1ct let neprok\u00e1zaly vinu, \u010dasto ji dokonce ani nepro\u0161et\u0159ovaly a kauzy l\u00e9ta le\u017eely bez pov\u0161imnut\u00ed. Rovn\u011b\u017e tato skupina by v\u00a0\u0159\u00e1dn\u00e9 zemi u\u017e d\u00e1vno musel b\u00fdt osvobozena soudem a ne popotahov\u00e1na p\u0159es p\u016fl generace. Ale t\u0159eba se n\u011bkomu takov\u00e1 praxe l\u00edb\u00ed. Takov\u00fd mus\u00ed s\u00a0amnesti\u00ed nesouhlasit. Ale t\u011b\u017eko m\u016f\u017ee n\u011bkdo tvrdit, \u017ee autorem byl kdosi jin\u00fd ne\u017e prezident Klaus.<\/li>\n<\/ol>\n","protected":false},"excerpt":{"rendered":"<p>Do\u010detl jsem se, \u017ee pr\u00e1vn\u00edk Pavel Hasenkopf se soud\u00ed s\u00a0prezidentskou kancel\u00e1\u0159\u00ed, po kter\u00e9 \u017e\u00e1d\u00e1 od\u0161kodn\u011bn\u00ed v\u00a0\u0159\u00e1du stovek tis\u00edc\u016f korun za to, \u017ee ho sou\u010dasn\u00fd prezident a vedouc\u00ed KPR ozna\u010dili za jednoho z \u201eautor\u016f\u201c lo\u0148sk\u00e9 amnestie. U\u017e jsem na toto t\u00e9ma \u0159ekl a napsal asi \u00fapln\u011b v\u0161echno, ale balvan se op\u011bt skut\u00e1lel, jak soud\u00edm z\u00a0n\u011bkter\u00fdch medi\u00e1ln\u00edch [&hellip;]<\/p>\n","protected":false},"author":1,"featured_media":0,"comment_status":"open","ping_status":"open","sticky":false,"template":"","format":"standard","meta":{"ngg_post_thumbnail":0,"footnotes":""},"categories":[18],"tags":[],"class_list":["post-4859","post","type-post","status-publish","format-standard","hentry","category-postrehy"],"_links":{"self":[{"href":"https:\/\/www.ladislavjakl.cz\/index.php?rest_route=\/wp\/v2\/posts\/4859","targetHints":{"allow":["GET"]}}],"collection":[{"href":"https:\/\/www.ladislavjakl.cz\/index.php?rest_route=\/wp\/v2\/posts"}],"about":[{"href":"https:\/\/www.ladislavjakl.cz\/index.php?rest_route=\/wp\/v2\/types\/post"}],"author":[{"embeddable":true,"href":"https:\/\/www.ladislavjakl.cz\/index.php?rest_route=\/wp\/v2\/users\/1"}],"replies":[{"embeddable":true,"href":"https:\/\/www.ladislavjakl.cz\/index.php?rest_route=%2Fwp%2Fv2%2Fcomments&post=4859"}],"version-history":[{"count":1,"href":"https:\/\/www.ladislavjakl.cz\/index.php?rest_route=\/wp\/v2\/posts\/4859\/revisions"}],"predecessor-version":[{"id":4860,"href":"https:\/\/www.ladislavjakl.cz\/index.php?rest_route=\/wp\/v2\/posts\/4859\/revisions\/4860"}],"wp:attachment":[{"href":"https:\/\/www.ladislavjakl.cz\/index.php?rest_route=%2Fwp%2Fv2%2Fmedia&parent=4859"}],"wp:term":[{"taxonomy":"category","embeddable":true,"href":"https:\/\/www.ladislavjakl.cz\/index.php?rest_route=%2Fwp%2Fv2%2Fcategories&post=4859"},{"taxonomy":"post_tag","embeddable":true,"href":"https:\/\/www.ladislavjakl.cz\/index.php?rest_route=%2Fwp%2Fv2%2Ftags&post=4859"}],"curies":[{"name":"wp","href":"https:\/\/api.w.org\/{rel}","templated":true}]}}