{"id":4892,"date":"2014-07-31T13:47:04","date_gmt":"2014-07-31T11:47:04","guid":{"rendered":"http:\/\/www.ladislavjakl.cz\/?p=4892"},"modified":"2014-07-31T13:47:04","modified_gmt":"2014-07-31T11:47:04","slug":"bude-valka","status":"publish","type":"post","link":"https:\/\/www.ladislavjakl.cz\/?p=4892","title":{"rendered":"Bude v\u00e1lka"},"content":{"rendered":"<p style=\"margin: 0px 0px 0.5em; padding: 6px 0px; font-size: 16px; line-height: 1.6; font-family: Arial, Helvetica, sans-serif;\">P\u0159ipom\u00ednek stolet\u00e9ho v\u00fdro\u010d\u00ed Sv\u011btov\u00e9 v\u00e1lky je v\u0161ude plno. Jist\u011b, je to atraktivn\u00ed t\u00e9ma. Prvn\u00ed sv\u011btov\u00e1 v\u00e1lka byla nej\u0161\u00edlen\u011bj\u0161\u00ed trag\u00e9di\u00ed, jakou sv\u011bt do t\u00e9 doby poznal, p\u0159inesla nesl\u00fdchan\u00e1 utrpen\u00ed a nav\u017edy zm\u011bnila n\u00e1\u0161 sv\u011bt. K\u00a0hor\u0161\u00edmu. V\u00a0jist\u00e9m smyslu jej redefinovala s\u00a0platnost\u00ed a\u017e dodne\u0161ka. Je\u0161t\u011b dnes \u017eijeme v\u00a0r\u00e1mci, kter\u00fd vznikl pr\u00e1v\u011b touto v\u00e1lkou.<\/p>\n<p style=\"margin: 0px 0px 0.5em; padding: 6px 0px; font-size: 16px; line-height: 1.6; font-family: Arial, Helvetica, sans-serif;\"><!--more--><\/p>\n<div style=\"font-size: 14px; font-family: Arial, Helvetica, sans-serif;\">\n<p style=\"margin: 0px; padding: 6px 0px; font-size: 16px; line-height: 1.6;\">Myslel jsem ale, \u017ee to nen\u00ed jedin\u00fd d\u016fvod, pro\u010d si v\u00a0t\u011bchto dnech smutn\u00e9 stolet\u00e9 v\u00fdro\u010d\u00ed tolik p\u0159ipom\u00edn\u00e1me. Myslel jsem, \u017ee to je skv\u011bl\u00fd zdroj pou\u010den\u00ed, \u017ee se m\u016f\u017eeme poctiv\u011b zam\u00fd\u0161let, jak\u00e9 postoje p\u0159ed sto lety dostrkaly sv\u011bt a\u017e k\u00a0takov\u00e9 hr\u016fze. \u017de jsme o sto let zku\u0161enost\u00ed moud\u0159ej\u0161\u00ed a procesy, vedouc\u00ed k\u00a0v\u00e1lce, m\u00e1me nastudovan\u00e9 a um\u00edme je ji\u017e v\u010das dob\u0159e rozpoznat. Ne. Nen\u00ed tomu tak. V\u0161e se se stejnou hloupost\u00ed opakuje a sv\u011bt vesele kr\u00e1\u010d\u00ed k\u00a0dal\u0161\u00ed katastrof\u011b.<\/p>\n<p style=\"margin: 0px; padding: 6px 0px; font-size: 16px; line-height: 1.6;\">Carl von Clausewitz \u0159\u00edkal, \u017ee v\u00e1lka je pokra\u010dov\u00e1n\u00edm politiky jin\u00fdmi prost\u0159edky. To ur\u010dit\u011b plat\u00ed pro skoro v\u0161echny v\u00e1lky. Pokud se z\u00e1jmy potkaj\u00ed s\u00a0moc\u00ed, posiluj\u00ed se navz\u00e1jem a v\u00e1lka jako prost\u0159edek sledov\u00e1n\u00ed z\u00e1jmu je tak snadno poruce. Clausewitz\u016fv cit\u00e1t ale pro Prvn\u00ed sv\u011btovou v\u00e1lku tak \u00fapln\u011b neplat\u00ed.<\/p>\n<p style=\"margin: 0px; padding: 6px 0px; font-size: 16px; line-height: 1.6;\">Mocnosti tehdej\u0161\u00edho sv\u011bta se pasivn\u00edm a zaslepen\u00fdm zp\u016fsobem nechaly dostrkat do konfliktu velikosti, kter\u00e1 se zcela vymykala jejich p\u016fvodn\u00edm z\u00e1jm\u016fm. Prvn\u00ed sv\u011btov\u00e1 v\u00e1lka tedy nebyla vedena z\u00e1jmy, l\u00e9pe \u0159e\u010deno z\u00e1jmy v\u00a0n\u00ed hr\u00e1ly okrajovou roli a naprosto nepokr\u00fdvaly obludn\u00fd rozm\u011br sv\u011btov\u00e9ho konfliktu.<\/p>\n<p style=\"margin: 0px; padding: 6px 0px; font-size: 16px; line-height: 1.6;\">Co bylo tedy p\u0159\u00ed\u010dinou Sv\u011btov\u00e9 v\u00e1lky, kdy\u017e ne konkuren\u010dn\u00ed z\u00e1jmy v\u00e1l\u010d\u00edc\u00edch mocnost\u00ed? Hloup\u00e9 zvy\u0161ov\u00e1n\u00ed s\u00e1zek. Nemoudr\u00e9 spojeneck\u00e9 vazby, znemo\u017e\u0148uj\u00edc\u00ed kdykoli znovu posoudit skute\u010dn\u00fd potenci\u00e1ln\u00ed p\u0159\u00ednos a potenci\u00e1ln\u00ed n\u00e1klady cel\u00e9 hry na v\u00e1lku. Vz\u00e1jemn\u00e9 trumfov\u00e1n\u00ed, p\u0159eb\u00edjen\u00ed, hara\u0161en\u00ed hrozbami, kter\u00e9 pak bylo nutno splnit, aby si mocn\u00ed zachovali tv\u00e1\u0159. A tak\u00e9 propaganda. Ta zab\u00edj\u00ed v\u017edy a v\u0161ude.<\/p>\n<p style=\"margin: 0px; padding: 6px 0px; font-size: 16px; line-height: 1.6;\">Jsme po sto letech pou\u010deni? V\u016fbec ne. I nyn\u00ed se trumfujeme, \u0159in\u010d\u00edme sankcemi a hrozbami, kter\u00e9 se budou muset splnit, aby si n\u011bkdo zachoval tv\u00e1\u0159. I nyn\u00ed se vede nen\u00e1vistn\u00e1 sil\u00e1ck\u00e1 propaganda, kter\u00e1 nese sv\u00e9 plody. Pod\u00edvejte se do diskus\u00ed pod \u010dl\u00e1nky na internetu. Mnoho oby\u010dejn\u00fdch lid\u00ed vyhro\u017euje t\u011bm s\u00a0jin\u00fdm n\u00e1zorem t\u0159eba i smrt\u00ed, vyn\u00e1\u0161ej\u00ed se soudy a odsudky nad skupinami osob i cel\u00fdmi n\u00e1rody, odsudky, kter\u00e9 se tolik podobaj\u00ed vra\u017eedn\u00e9 d\u011blost\u0159eleck\u00e9 p\u0159\u00edprav\u011b.<\/p>\n<p style=\"margin: 0px; padding: 6px 0px; font-size: 16px; line-height: 1.6;\">Dnes by se Clausewitzova slova dala oto\u010dit. Dne\u0161n\u00ed mezin\u00e1rodn\u00ed politika je jen veden\u00edm v\u00e1lky (do\u010dasn\u011b) jin\u00fdmi prost\u0159edky. Nejde o spor o zdroje, o kontrolu cest, o p\u0159\u00edstup na trhy. To jsou jen okrajov\u00e9 z\u00e1minky. Jde o boj pro boj, o neschopnost se zastavit a dal\u0161\u00ed krok u\u017e neud\u011blat. Neschopnost zastavit se a zeptat se: tohle opravdu chci?<\/p>\n<p style=\"margin: 0px; padding: 6px 0px; font-size: 16px; line-height: 1.6;\">Tak\u017ee bude v\u00e1lka. A mnoz\u00ed mezi n\u00e1mi se na ni t\u011b\u0161\u00ed.<\/p>\n<p style=\"margin: 0px; padding: 6px 0px; font-size: 16px; line-height: 1.6;\"><a href=\"http:\/\/jakl.blog.idnes.cz\/c\/419782\/Bude-valka.html\" target=\"_blank\">Zdroj<\/a><\/p>\n<\/div>\n","protected":false},"excerpt":{"rendered":"<p>P\u0159ipom\u00ednek stolet\u00e9ho v\u00fdro\u010d\u00ed Sv\u011btov\u00e9 v\u00e1lky je v\u0161ude plno. Jist\u011b, je to atraktivn\u00ed t\u00e9ma. Prvn\u00ed sv\u011btov\u00e1 v\u00e1lka byla nej\u0161\u00edlen\u011bj\u0161\u00ed trag\u00e9di\u00ed, jakou sv\u011bt do t\u00e9 doby poznal, p\u0159inesla nesl\u00fdchan\u00e1 utrpen\u00ed a nav\u017edy zm\u011bnila n\u00e1\u0161 sv\u011bt. K\u00a0hor\u0161\u00edmu. V\u00a0jist\u00e9m smyslu jej redefinovala s\u00a0platnost\u00ed a\u017e dodne\u0161ka. Je\u0161t\u011b dnes \u017eijeme v\u00a0r\u00e1mci, kter\u00fd vznikl pr\u00e1v\u011b touto v\u00e1lkou.<\/p>\n","protected":false},"author":1,"featured_media":0,"comment_status":"open","ping_status":"open","sticky":false,"template":"","format":"standard","meta":{"ngg_post_thumbnail":0,"footnotes":""},"categories":[18],"tags":[],"class_list":["post-4892","post","type-post","status-publish","format-standard","hentry","category-postrehy"],"_links":{"self":[{"href":"https:\/\/www.ladislavjakl.cz\/index.php?rest_route=\/wp\/v2\/posts\/4892","targetHints":{"allow":["GET"]}}],"collection":[{"href":"https:\/\/www.ladislavjakl.cz\/index.php?rest_route=\/wp\/v2\/posts"}],"about":[{"href":"https:\/\/www.ladislavjakl.cz\/index.php?rest_route=\/wp\/v2\/types\/post"}],"author":[{"embeddable":true,"href":"https:\/\/www.ladislavjakl.cz\/index.php?rest_route=\/wp\/v2\/users\/1"}],"replies":[{"embeddable":true,"href":"https:\/\/www.ladislavjakl.cz\/index.php?rest_route=%2Fwp%2Fv2%2Fcomments&post=4892"}],"version-history":[{"count":1,"href":"https:\/\/www.ladislavjakl.cz\/index.php?rest_route=\/wp\/v2\/posts\/4892\/revisions"}],"predecessor-version":[{"id":4893,"href":"https:\/\/www.ladislavjakl.cz\/index.php?rest_route=\/wp\/v2\/posts\/4892\/revisions\/4893"}],"wp:attachment":[{"href":"https:\/\/www.ladislavjakl.cz\/index.php?rest_route=%2Fwp%2Fv2%2Fmedia&parent=4892"}],"wp:term":[{"taxonomy":"category","embeddable":true,"href":"https:\/\/www.ladislavjakl.cz\/index.php?rest_route=%2Fwp%2Fv2%2Fcategories&post=4892"},{"taxonomy":"post_tag","embeddable":true,"href":"https:\/\/www.ladislavjakl.cz\/index.php?rest_route=%2Fwp%2Fv2%2Ftags&post=4892"}],"curies":[{"name":"wp","href":"https:\/\/api.w.org\/{rel}","templated":true}]}}