{"id":490,"date":"2010-08-05T09:38:55","date_gmt":"2010-08-05T08:38:55","guid":{"rendered":"http:\/\/www.ladislavjakl.cz\/?p=490"},"modified":"2010-08-05T09:54:38","modified_gmt":"2010-08-05T08:54:38","slug":"l-j-na-radiozurnalu-o-audienci-pavla-drobila-u-pana-prezidenta","status":"publish","type":"post","link":"https:\/\/www.ladislavjakl.cz\/?p=490","title":{"rendered":"L.J. na Radio\u017eurn\u00e1lu o audienci Pavla Drobila u pana prezidenta"},"content":{"rendered":"<p>Zvukov\u00fd p\u0159ehr\u00e1va\u010d uvnit\u0159 \u010dl\u00e1nku.<\/p>\n<p><!--more--><\/p>\n<p style=\"text-align: center;\">\n<p style=\"text-align: center;\"><object classid=\"clsid:d27cdb6e-ae6d-11cf-96b8-444553540000\" width=\"280\" height=\"40\" codebase=\"http:\/\/download.macromedia.com\/pub\/shockwave\/cabs\/flash\/swflash.cab#version=6,0,40,0\"><param name=\"src\" value=\"https:\/\/www.ladislavjakl.cz\/data\/radiozurnal_280_40.swf\" \/><embed type=\"application\/x-shockwave-flash\" width=\"280\" height=\"40\" src=\"https:\/\/www.ladislavjakl.cz\/data\/radiozurnal_280_40.swf\"><\/embed><\/object><\/p>\n<p style=\"text-align: center;\">\n<p><a href=\"http:\/\/www.rozhlas.cz\/zpravy\/politika\/_zprava\/klaus-podporuje-nove-smerovani-ministerstva-zivotniho-prostredi--766552\" target=\"_blank\">ZDROJ<\/a><\/p>\n","protected":false},"excerpt":{"rendered":"<p>Zvukov\u00fd p\u0159ehr\u00e1va\u010d uvnit\u0159 \u010dl\u00e1nku.<\/p>\n","protected":false},"author":1,"featured_media":0,"comment_status":"open","ping_status":"open","sticky":false,"template":"","format":"standard","meta":{"ngg_post_thumbnail":0,"footnotes":""},"categories":[13],"tags":[],"class_list":["post-490","post","type-post","status-publish","format-standard","hentry","category-rozhovory"],"_links":{"self":[{"href":"https:\/\/www.ladislavjakl.cz\/index.php?rest_route=\/wp\/v2\/posts\/490","targetHints":{"allow":["GET"]}}],"collection":[{"href":"https:\/\/www.ladislavjakl.cz\/index.php?rest_route=\/wp\/v2\/posts"}],"about":[{"href":"https:\/\/www.ladislavjakl.cz\/index.php?rest_route=\/wp\/v2\/types\/post"}],"author":[{"embeddable":true,"href":"https:\/\/www.ladislavjakl.cz\/index.php?rest_route=\/wp\/v2\/users\/1"}],"replies":[{"embeddable":true,"href":"https:\/\/www.ladislavjakl.cz\/index.php?rest_route=%2Fwp%2Fv2%2Fcomments&post=490"}],"version-history":[{"count":6,"href":"https:\/\/www.ladislavjakl.cz\/index.php?rest_route=\/wp\/v2\/posts\/490\/revisions"}],"predecessor-version":[{"id":496,"href":"https:\/\/www.ladislavjakl.cz\/index.php?rest_route=\/wp\/v2\/posts\/490\/revisions\/496"}],"wp:attachment":[{"href":"https:\/\/www.ladislavjakl.cz\/index.php?rest_route=%2Fwp%2Fv2%2Fmedia&parent=490"}],"wp:term":[{"taxonomy":"category","embeddable":true,"href":"https:\/\/www.ladislavjakl.cz\/index.php?rest_route=%2Fwp%2Fv2%2Fcategories&post=490"},{"taxonomy":"post_tag","embeddable":true,"href":"https:\/\/www.ladislavjakl.cz\/index.php?rest_route=%2Fwp%2Fv2%2Ftags&post=490"}],"curies":[{"name":"wp","href":"https:\/\/api.w.org\/{rel}","templated":true}]}}