{"id":4914,"date":"2014-08-12T14:43:28","date_gmt":"2014-08-12T12:43:28","guid":{"rendered":"http:\/\/www.ladislavjakl.cz\/?p=4914"},"modified":"2014-08-12T14:52:33","modified_gmt":"2014-08-12T12:52:33","slug":"na-chatu-na-chalupu-na-hrady-a-zamky-na-sidliste","status":"publish","type":"post","link":"https:\/\/www.ladislavjakl.cz\/?p=4914","title":{"rendered":"Na chatu? Na chalupu? Na hrady a z\u00e1mky? Na s\u00eddli\u0161t\u011b!"},"content":{"rendered":"<p>M\u011bl jsem kdysi takov\u00e9 r\u010den\u00ed: tr\u00e1va roste i na asfaltu, stromy rostou rovn\u011b i na \u0161ikm\u00e9m svahu. Cht\u011bl jsem t\u00edm \u0159\u00edct, \u017ee \u017eivot si v\u017edycky cestu najde, \u017ee pravda se prosad\u00ed a \u017ee nem\u00e1 cenu se vymlouvat na okolnosti.<\/p>\n<p><!--more--><\/p>\n<p>Kdybych tehdy v\u011bd\u011bl, co v\u00edm dnes, dodal bych je\u0161t\u011b, \u017ee skv\u011bl\u00fd pivovar m\u016f\u017ee vyr\u016fst a fungovat i na betonov\u00e9m s\u00eddli\u0161ti. Tehdy, t\u00edm mysl\u00edm dobu tak p\u0159ed 28 lety. To jsem d\u011blal vedouc\u00edho Kulturn\u00edho st\u0159ediska Litochleby, p\u0159\u00edmo uprost\u0159ed na\u0161eho nejv\u011bt\u0161\u00edho panel\u00e1kov\u00e9ho labyrintu s n\u00e1zvem Ji\u017en\u00ed M\u011bsto.<\/p>\n<p>To byl mal\u00fd s\u00e1l, n\u011bkolik u\u010deben, t\u011blocvi\u010dna a kancel\u00e1\u0159. Prob\u00edhaly tam nejr\u016fzn\u011bj\u0161\u00ed kursy, kupodivu docela nav\u0161t\u011bvovan\u00e9. A tak\u00e9 n\u011bjak\u00fd ten kulturn\u00ed program. Do m\u00e9ho p\u0159\u00edchodu i diskot\u00e9ky v horn\u00ed vin\u00e1rn\u011b, ale ty jsem hned po sv\u00e9m n\u00e1stupu zatrhl. Tehdy toti\u017e platilo idiotsk\u00e9 na\u0159\u00edzen\u00ed, \u017ee vedouc\u00ed nebo jeho z\u00e1stupce mus\u00ed b\u00fdt p\u0159\u00edtomen ka\u017ed\u00e9mu ve\u010dern\u00edmu programu. A uznejte, jedna diskot\u00e9ka za \u017eivot docela sta\u010dila.<\/p>\n<p>Ta jedin\u00e1 mi poskytla nesmrteln\u00fd z\u00e1\u017eitek. P\u0159i\u0161la jeden\u00e1ct\u00e1 a d\u00fdd\u017eej ohl\u00e1sil posledn\u00ed duc duc (p\u00edsni\u010dkou bych to teda nenaz\u00fdval). V p\u016fl dvan\u00e1ct\u00e9 tam toti\u017e u\u017e nesm\u011bla b\u00fdt ani noha, proto\u017ee to by soudruzi p\u0159\u00edslu\u0161n\u00edci mohli zak\u00e1zat i ve\u010dern\u00ed koncerty. Nav\u00edc jsem tehdy bydlel na Barrandov\u011b, tamn\u00ed most p\u0159es Vltavu je\u0161t\u011b neexistoval a bez n\u011bj to byla dom\u016f \u0161treka a\u017e do r\u00e1na.<\/p>\n<p>Juchaj\u00edc\u00ed diskop\u00e1ry se jaly umlouvat d\u00fdd\u017eeje, aby jim je\u0161t\u011b chv\u00edli zaducal, ale on pov\u00edd\u00e1: nejde to, tamhle vzadu sed\u00ed m\u016fj \u0161\u00e9f. I p\u0159i\u0161la deputace, statn\u00ed ml\u00e1denci, \u0159ekl bych tak v m\u00e9m tehdej\u0161\u00edm v\u011bku. Prosili, \u017eadonili, pan\u00e1ky nab\u00edzeli, a pak jako posledn\u00ed trumf jeden z nich pravil: Tak to je\u0161t\u011b povolte, v\u017edy\u0165 jste byl taky mladej. To \u0159\u00edkal mn\u011b!!  Rockersk\u00e9 m\u00e1ni\u010dce stejn\u00e9 generace! No, asi jsem si to jen myslel, \u017ee jsou stejn\u00e1 generace. Byl jsem z toho \u0161patnej t\u0159i dny.<\/p>\n<p>Ji\u017en\u00ed M\u011bsto bylo tehdy je\u0161t\u011b bez vzrostl\u00e9 zelen\u011b, planinami mezi panel\u00e1ky se cel\u00e9 dny proh\u00e1n\u011bla bezprizorn\u00ed d\u011bcka s kl\u00ed\u010di na krku, ne\u017e ve\u010der dorazili rodi\u010de z pr\u00e1ce. Proto ty rekordy v r\u00e1mci republiky: nejmlad\u0161\u00ed narkoman, nejmlad\u0161\u00ed matka, nejmlad\u0161\u00ed vrah a tak. Chodil m\u011b nav\u0161t\u011bvovat pan architekt Oupor a plakal, jak mu byrokrat\u00e9 zni\u010dili jeho projekty, donutili u\u017e\u00edt levn\u00e9 materi\u00e1ly a zastav\u011bt p\u016fvodn\u011b zam\u00fd\u0161len\u00e9 pr\u016fhledy a proluky.<br \/>\nNebylo snadn\u00e9 v Litochleb\u00edch cokoli po\u0159\u00e1dat. Zavedl jsem jazzov\u00e9 i rockov\u00e9 koncerty, ale t\u0159eba na takov\u00e9ho Milana Svobodu, co\u017e je podle mne mistr sv\u011bta, tam p\u0159i\u0161li \u010dty\u0159i plat\u00edc\u00ed. U bigb\u00edtu jsem zase ob\u010das tak n\u011bjak nedal ke schv\u00e1len\u00ed texty a nechal hr\u00e1t kapely bez \u201epovolova\u010dky\u201c, co\u017e mi p\u0159ineslo velk\u00fd z\u00e1jem zlopov\u011bstn\u00e9 kulturn\u00ed inspektorky Prahy 4 soudru\u017eky K\u0159\u00ed\u017eov\u00e9. Rozhoduj\u00edc\u00ed pr\u016f\u0161vih jsem si ale vykoledoval, kdy\u017e jsem tu betonovou krychli nechal zevnit\u0159 i zven\u010d\u00ed vymalovat bizarn\u00edmi malbami.<\/p>\n<p>Byl jsem se tam po \u010dase te\u010f o v\u00edkendu pod\u00edvat. M\u00edsto kulturn\u00edho st\u0159ediska je tam po\u0161ta a n\u011bco mi \u0159\u00edk\u00e1, \u017ee je tam u\u017eite\u010dn\u011bj\u0161\u00ed ne\u017e m\u00e9 marn\u00e9 prad\u00e1vn\u00e9 pokusy o kulturu. I kdy\u017e ona i ta pobo\u010dka je mo\u017en\u00e1 taky dotovan\u00e1.<br \/>\nA kdy\u017e u\u017e jsem tam byl, za\u0161el jsem i o blok vedle. St\u00e1val tam ohromn\u00fd betonov\u00fd v\u00fdm\u011bn\u00edk, nebo co to bylo. A z n\u011bj p\u0159ed lety proslul\u00fd sl\u00e1dek Franta Richter vykouzlil o\u00e1zu v panelov\u00e9 pou\u0161ti. Jihom\u011bstsk\u00fd pivovar. Zahr\u00e1dka, velk\u00fd s\u00e1l se v\u0161\u00edm vybaven\u00edm, dlouh\u00e9 lavice v bavorsk\u00e9m stylu a j\u00eddlo taky, kolena jak od Mnichova a takov\u00e9 ty v\u011bci. Piva stejn\u011b dobr\u00e1 jeho v jeho mate\u0159sk\u00e9m pivovaru U Bulovky, zejm\u00e9na letn\u00ed pale ale mi \u0161lo k duhu. A vynikaj\u00edc\u00ed pivn\u00ed lik\u00e9r zraj\u00edc\u00ed v sudu po portsk\u00e9m.<\/p>\n<p>Jihom\u011b\u0161\u0165an\u00e9 u\u017e nemusej\u00ed br\u00e1t do ruky sekyrku, h\u016fl a p\u0159es rameno uzl\u00ed\u010dek s buchtami na t\u0159i dny, kdy\u017e se cht\u011bj\u00ed pobavit, pop\u00edt dobr\u00e9 pivo s p\u0159\u00e1teli nebo zaj\u00edt s man\u017eelkou na ve\u010de\u0159i. Ba naopak. Zn\u00ed to hodn\u011b ul\u00edtle, ale n\u011bkdy nemus\u00ed b\u00fdt k zahozen\u00ed vydat se na v\u00fdlet naopak z centra na to nejs\u00eddli\u0161\u0165ovat\u011bj\u0161\u00ed s\u00eddli\u0161t\u011b.<\/p>\n<p><a href=\"http:\/\/jakl.blog.idnes.cz\/c\/421499\/Na-chatu-Na-chalupu-Na-hrady-a-zamky-Na-sidliste.html\" target=\"_blank\">Zdroj<\/a><\/p>\n<p><a href=\"https:\/\/www.ladislavjakl.cz\/wp-content\/uploads\/2014\/08\/blog2.jpg\"><img loading=\"lazy\" decoding=\"async\" class=\"alignnone size-medium wp-image-4922\" title=\"A te\u010f je tu po\u0161ta...\" src=\"https:\/\/www.ladislavjakl.cz\/wp-content\/uploads\/2014\/08\/blog2-264x158.jpg\" alt=\"blog\" width=\"264\" height=\"158\" srcset=\"https:\/\/www.ladislavjakl.cz\/wp-content\/uploads\/2014\/08\/blog2-264x158.jpg 264w, https:\/\/www.ladislavjakl.cz\/wp-content\/uploads\/2014\/08\/blog2.jpg 900w\" sizes=\"auto, (max-width: 264px) 100vw, 264px\" \/><\/a><\/p>\n","protected":false},"excerpt":{"rendered":"<p>M\u011bl jsem kdysi takov\u00e9 r\u010den\u00ed: tr\u00e1va roste i na asfaltu, stromy rostou rovn\u011b i na \u0161ikm\u00e9m svahu. Cht\u011bl jsem t\u00edm \u0159\u00edct, \u017ee \u017eivot si v\u017edycky cestu najde, \u017ee pravda se prosad\u00ed a \u017ee nem\u00e1 cenu se vymlouvat na okolnosti.<\/p>\n","protected":false},"author":1,"featured_media":0,"comment_status":"open","ping_status":"open","sticky":false,"template":"","format":"standard","meta":{"ngg_post_thumbnail":0,"footnotes":""},"categories":[10],"tags":[],"class_list":["post-4914","post","type-post","status-publish","format-standard","hentry","category-zlehka"],"_links":{"self":[{"href":"https:\/\/www.ladislavjakl.cz\/index.php?rest_route=\/wp\/v2\/posts\/4914","targetHints":{"allow":["GET"]}}],"collection":[{"href":"https:\/\/www.ladislavjakl.cz\/index.php?rest_route=\/wp\/v2\/posts"}],"about":[{"href":"https:\/\/www.ladislavjakl.cz\/index.php?rest_route=\/wp\/v2\/types\/post"}],"author":[{"embeddable":true,"href":"https:\/\/www.ladislavjakl.cz\/index.php?rest_route=\/wp\/v2\/users\/1"}],"replies":[{"embeddable":true,"href":"https:\/\/www.ladislavjakl.cz\/index.php?rest_route=%2Fwp%2Fv2%2Fcomments&post=4914"}],"version-history":[{"count":7,"href":"https:\/\/www.ladislavjakl.cz\/index.php?rest_route=\/wp\/v2\/posts\/4914\/revisions"}],"predecessor-version":[{"id":4924,"href":"https:\/\/www.ladislavjakl.cz\/index.php?rest_route=\/wp\/v2\/posts\/4914\/revisions\/4924"}],"wp:attachment":[{"href":"https:\/\/www.ladislavjakl.cz\/index.php?rest_route=%2Fwp%2Fv2%2Fmedia&parent=4914"}],"wp:term":[{"taxonomy":"category","embeddable":true,"href":"https:\/\/www.ladislavjakl.cz\/index.php?rest_route=%2Fwp%2Fv2%2Fcategories&post=4914"},{"taxonomy":"post_tag","embeddable":true,"href":"https:\/\/www.ladislavjakl.cz\/index.php?rest_route=%2Fwp%2Fv2%2Ftags&post=4914"}],"curies":[{"name":"wp","href":"https:\/\/api.w.org\/{rel}","templated":true}]}}