{"id":4948,"date":"2014-08-15T13:57:32","date_gmt":"2014-08-15T11:57:32","guid":{"rendered":"http:\/\/www.ladislavjakl.cz\/?p=4948"},"modified":"2014-08-15T16:43:55","modified_gmt":"2014-08-15T14:43:55","slug":"udelame-z-cernokneznika-svatouska","status":"publish","type":"post","link":"https:\/\/www.ladislavjakl.cz\/?p=4948","title":{"rendered":"Ud\u011bl\u00e1me z \u010dernokn\u011b\u017en\u00edka svatou\u0161ka"},"content":{"rendered":"<p>Redakto\u0159i Lidov\u00fdch novin a Mlad\u00e9 fronty dnes dostali za \u00fakol vybudovat pateru Hal\u00edkovi image p\u0159\u00ed\u0161t\u00edho prezidenta republiky. Informace poch\u00e1z\u00ed p\u0159\u00edmo od zam\u011bstnanc\u016f novin. Zadavatele to asi p\u0159ijde na p\u011bkn\u00e9 pen\u00edze a zase se to nepovede. Mo\u017en\u00e1 by pomohlo, kdyby maskot havlist\u016f p\u0159ijal nov\u00e9 \u0159eholn\u00ed jm\u00e9no Tom\u00e1\u0161 Hal\u00edk Masar\u00edk.<\/p>\n<p style=\"text-align: center;\"><!--more--><img loading=\"lazy\" decoding=\"async\" class=\"size-large wp-image-4949 aligncenter\" title=\"Tom\u00e1\u0161 Hal\u00edk Masar\u00edk\" src=\"https:\/\/www.ladislavjakl.cz\/wp-content\/uploads\/2014\/08\/halik-467x700.jpg\" alt=\"halik\" width=\"414\" height=\"621\" srcset=\"https:\/\/www.ladislavjakl.cz\/wp-content\/uploads\/2014\/08\/halik-467x700.jpg 467w, https:\/\/www.ladislavjakl.cz\/wp-content\/uploads\/2014\/08\/halik-206x310.jpg 206w, https:\/\/www.ladislavjakl.cz\/wp-content\/uploads\/2014\/08\/halik.JPG 1475w\" sizes=\"auto, (max-width: 414px) 100vw, 414px\" \/><\/p>\n","protected":false},"excerpt":{"rendered":"<p>Redakto\u0159i Lidov\u00fdch novin a Mlad\u00e9 fronty dnes dostali za \u00fakol vybudovat pateru Hal\u00edkovi image p\u0159\u00ed\u0161t\u00edho prezidenta republiky. Informace poch\u00e1z\u00ed p\u0159\u00edmo od zam\u011bstnanc\u016f novin. Zadavatele to asi p\u0159ijde na p\u011bkn\u00e9 pen\u00edze a zase se to nepovede. Mo\u017en\u00e1 by pomohlo, kdyby maskot havlist\u016f p\u0159ijal nov\u00e9 \u0159eholn\u00ed jm\u00e9no Tom\u00e1\u0161 Hal\u00edk Masar\u00edk.<\/p>\n","protected":false},"author":1,"featured_media":0,"comment_status":"open","ping_status":"open","sticky":false,"template":"","format":"standard","meta":{"ngg_post_thumbnail":0,"footnotes":""},"categories":[10],"tags":[],"class_list":["post-4948","post","type-post","status-publish","format-standard","hentry","category-zlehka"],"_links":{"self":[{"href":"https:\/\/www.ladislavjakl.cz\/index.php?rest_route=\/wp\/v2\/posts\/4948","targetHints":{"allow":["GET"]}}],"collection":[{"href":"https:\/\/www.ladislavjakl.cz\/index.php?rest_route=\/wp\/v2\/posts"}],"about":[{"href":"https:\/\/www.ladislavjakl.cz\/index.php?rest_route=\/wp\/v2\/types\/post"}],"author":[{"embeddable":true,"href":"https:\/\/www.ladislavjakl.cz\/index.php?rest_route=\/wp\/v2\/users\/1"}],"replies":[{"embeddable":true,"href":"https:\/\/www.ladislavjakl.cz\/index.php?rest_route=%2Fwp%2Fv2%2Fcomments&post=4948"}],"version-history":[{"count":6,"href":"https:\/\/www.ladislavjakl.cz\/index.php?rest_route=\/wp\/v2\/posts\/4948\/revisions"}],"predecessor-version":[{"id":4951,"href":"https:\/\/www.ladislavjakl.cz\/index.php?rest_route=\/wp\/v2\/posts\/4948\/revisions\/4951"}],"wp:attachment":[{"href":"https:\/\/www.ladislavjakl.cz\/index.php?rest_route=%2Fwp%2Fv2%2Fmedia&parent=4948"}],"wp:term":[{"taxonomy":"category","embeddable":true,"href":"https:\/\/www.ladislavjakl.cz\/index.php?rest_route=%2Fwp%2Fv2%2Fcategories&post=4948"},{"taxonomy":"post_tag","embeddable":true,"href":"https:\/\/www.ladislavjakl.cz\/index.php?rest_route=%2Fwp%2Fv2%2Ftags&post=4948"}],"curies":[{"name":"wp","href":"https:\/\/api.w.org\/{rel}","templated":true}]}}