{"id":4958,"date":"2014-08-19T08:49:22","date_gmt":"2014-08-19T06:49:22","guid":{"rendered":"http:\/\/www.ladislavjakl.cz\/?p=4958"},"modified":"2014-08-19T08:49:22","modified_gmt":"2014-08-19T06:49:22","slug":"rok-od-svrzeni-necasovy-vlady","status":"publish","type":"post","link":"https:\/\/www.ladislavjakl.cz\/?p=4958","title":{"rendered":"Rok od svr\u017een\u00ed Ne\u010dasovy vl\u00e1dy"},"content":{"rendered":"<p>Boj o samu politiku je mnohem d\u016fle\u017eit\u011bj\u0161\u00ed ne\u017e politick\u00fd boj s\u00e1m. Existence politiky je toti\u017e prvn\u00edm p\u0159edpokladem toho, aby politick\u00fd boj mohl v\u016fbec prob\u00edhat. I pro fotbal je z\u00e1sadn\u011bj\u0161\u00ed sama existence h\u0159i\u0161t\u011b ne\u017e v\u00fdsledek jednotliv\u00e9ho z\u00e1pasu. Bez h\u0159i\u0161t\u011b toti\u017e nebude \u017e\u00e1dn\u00fd z\u00e1pas.<\/p>\n<p><!--more--><\/p>\n<p>Boj o vznik skute\u010dn\u00e9 politiky u n\u00e1s za\u010dal ji\u017e v\u00a0den zalo\u017een\u00ed Ob\u010dansk\u00e9ho f\u00f3ra 19. listopadu 1989. Ji\u017e tam od sam\u00e9ho po\u010d\u00e1tku ho\u0159ely polemiky o tom, jestli je stranick\u00e1 a parlamentn\u00ed politika v\u011bc\u00ed p\u0159ekonanou nebo naopak nutn\u00fdm p\u0159edpokladem demokracie. Mimo p\u016fdu OF pak ra\u0161ily dal\u0161\u00ed polick\u00e9 iniciativy: \u010ceskoslovensk\u00e1 demokratick\u00e1 iniciativa, ODA, Obroda, K\u0159es\u0165ansko- demokratick\u00e1 strana a vlastn\u011b i Sl\u00e1dkovi republik\u00e1ni.<\/p>\n<p>Hlavn\u00ed a rozhoduj\u00edc\u00ed st\u0159ed ale prob\u011bhl na p\u016fd\u011b OF a vyvrcholil na pam\u00e1tn\u00e9m Hostiva\u0159sk\u00e9m sn\u011bmu p\u0159em\u011bnou OF v\u00a0politickou pravicovou stranu s\u00a0p\u0159edsedou V\u00e1clavem Klausem. Pora\u017een\u00e1 Palou\u0161ova, Dienstbierova a Pithartova skupina se s\u00a0prohrou nesm\u00ed\u0159ila a vynutila si odchod z\u00a0OF v\u010detn\u011b poloviny v\u0161ech aktiv, a\u010dkoliv vliv u voli\u010d\u016f m\u011bla sotva desetinov\u00fd.<\/p>\n<p>Vyhr\u00e1no? V\u016fbec ne. Boj o strukturovanou politickou sc\u00e9nu prob\u00edhal i nad\u00e1le a hlavn\u00ed ba\u0161tou boje proti standardn\u00ed politice se stal Havl\u016fv Hrad. S\u00a0jeho pomoc\u00ed byla svr\u017eena vl\u00e1da v\u00a0roce 1997 a zd\u00e1lo se, \u017ee politick\u00e9 strany to maj\u00ed spo\u010d\u00edtan\u00e9. Smlouva, kterou pora\u017een\u00e1 ODS umo\u017enila v\u00edt\u011bzi \u010cSSD sestavit vl\u00e1du, v\u0161ak do\u010dasn\u011b h\u0159i\u0161t\u011b pro politick\u00fd souboj uchr\u00e1nila.<\/p>\n<p>St\u0159et ale neprob\u00edhal jen mocensk\u00fdmi prost\u0159edky. Cel\u00e1 l\u00e9ta jsme sly\u0161eli v\u011bty o tom, jak spor pravice s\u00a0levic\u00ed je zastaral\u00fd a p\u0159ekonan\u00fd, jak je zapot\u0159eb\u00ed vl\u00e1dy odborn\u00edk\u016f. Sou\u010dasn\u011b s\u00edlil a\u017e skoro t\u0159\u00eddn\u00ed boj proti \u017eivo\u010dichovi zvan\u00e9mu politik. Zd\u00e1lo se, \u017ee lid\u00e9 si sv\u00e9 p\u0159edstavitele vol\u00ed proto, aby m\u011bli n\u00e1sleduj\u00edc\u00ed l\u00e9ta koho nen\u00e1vid\u011bt.<\/p>\n<p>Z\u00a0p\u0159edchoz\u00edch \u0159\u00e1dek to vypad\u00e1, \u017ee za posledn\u00ed rok, tedy od p\u00e1du Ne\u010dasovy vl\u00e1dy, k\u00a0\u017e\u00e1dn\u00e9 kvalitativn\u00ed zm\u011bn\u011b nedo\u0161lo, \u017ee to byl jen dal\u0161\u00ed kvantitativn\u00ed krok sm\u011brem pry\u010d od politiky. Je tomu ale opravdu tak? Nenastaly zm\u011bny i zcela kvalitativn\u00ed?<\/p>\n<p>Ob\u00e1v\u00e1m se, \u017ee ano. Po vl\u00e1dn\u00edm p\u0159evratu, proveden\u00e9m &#8211; jak se na ban\u00e1novou republiku slu\u0161\u00ed \u2013 silov\u00fdmi slo\u017ekami moci, je mnoh\u00e9 u\u017e zcela jinak. Nikdy d\u0159\u00edve se nestalo, aby spole\u010dnost tleskala tomu, \u017ee si n\u011bkdo koup\u00ed moc. Nikdy d\u0159\u00edve se nestalo, \u017ee by spole\u010dnost tak lehce tolerovala spojen\u00ed medi\u00e1ln\u00edho a ekonomick\u00e9ho vlivu s\u00a0moc\u00ed. Nikdy d\u0159\u00edv se nestalo, \u017ee by kriminalizace pov\u00fd\u0161ila na hlavn\u00ed n\u00e1stroj politick\u00e9ho boje.<\/p>\n<p>Ilustrativn\u00ed ale nen\u00ed jen sou\u010dasn\u00e1 vl\u00e1da, kde \u201etradi\u010dn\u00ed\u201c soci\u00e1ln\u00ed demokrat\u00e9, d\u00e1vno ji\u017e ovl\u00e1dnuti havlovsk\u00fdm elementem, jen poslu\u0161n\u011b pln\u00ed \u00fakol dodat sou\u010dasn\u00e9 moci zd\u00e1n\u00ed politick\u00e9 vl\u00e1dy. Ilustrativn\u00ed je i chov\u00e1n\u00ed zdecimovan\u00e9 opozice a zejm\u00e9na t\u00e9mata, kter\u00fdmi \u201e\u017eije\u201c n\u00e1\u0161 sou\u010dasn\u00fd kvazipolitick\u00fd st\u0159et. Slu\u017eebn\u00ed z\u00e1kon? Spot\u0159ebn\u00ed da\u0148 z\u00a0pohonn\u00fdch hmot? To m\u00e1 b\u00fdt z\u00e1kladn\u00ed politick\u00fd boj o postaven\u00ed \u010dlov\u011bka ve st\u00e1t\u011b?<\/p>\n<p>Ne, to nen\u00ed politika, to je jen hra na politiku. A z\u00a0t\u011bchto garnitur obrozen\u00ed politiky u\u017e nevzejde. Pokud v\u016fbec, p\u0159ijde odjinud.<\/p>\n<p><em> <\/em><\/p>\n<p><em>Ps\u00e1no pro Newsletter IVK <\/em><\/p>\n","protected":false},"excerpt":{"rendered":"<p>Boj o samu politiku je mnohem d\u016fle\u017eit\u011bj\u0161\u00ed ne\u017e politick\u00fd boj s\u00e1m. Existence politiky je toti\u017e prvn\u00edm p\u0159edpokladem toho, aby politick\u00fd boj mohl v\u016fbec prob\u00edhat. I pro fotbal je z\u00e1sadn\u011bj\u0161\u00ed sama existence h\u0159i\u0161t\u011b ne\u017e v\u00fdsledek jednotliv\u00e9ho z\u00e1pasu. Bez h\u0159i\u0161t\u011b toti\u017e nebude \u017e\u00e1dn\u00fd z\u00e1pas.<\/p>\n","protected":false},"author":1,"featured_media":0,"comment_status":"open","ping_status":"open","sticky":false,"template":"","format":"standard","meta":{"ngg_post_thumbnail":0,"footnotes":""},"categories":[1],"tags":[],"class_list":["post-4958","post","type-post","status-publish","format-standard","hentry","category-publikovane-clanky"],"_links":{"self":[{"href":"https:\/\/www.ladislavjakl.cz\/index.php?rest_route=\/wp\/v2\/posts\/4958","targetHints":{"allow":["GET"]}}],"collection":[{"href":"https:\/\/www.ladislavjakl.cz\/index.php?rest_route=\/wp\/v2\/posts"}],"about":[{"href":"https:\/\/www.ladislavjakl.cz\/index.php?rest_route=\/wp\/v2\/types\/post"}],"author":[{"embeddable":true,"href":"https:\/\/www.ladislavjakl.cz\/index.php?rest_route=\/wp\/v2\/users\/1"}],"replies":[{"embeddable":true,"href":"https:\/\/www.ladislavjakl.cz\/index.php?rest_route=%2Fwp%2Fv2%2Fcomments&post=4958"}],"version-history":[{"count":1,"href":"https:\/\/www.ladislavjakl.cz\/index.php?rest_route=\/wp\/v2\/posts\/4958\/revisions"}],"predecessor-version":[{"id":4959,"href":"https:\/\/www.ladislavjakl.cz\/index.php?rest_route=\/wp\/v2\/posts\/4958\/revisions\/4959"}],"wp:attachment":[{"href":"https:\/\/www.ladislavjakl.cz\/index.php?rest_route=%2Fwp%2Fv2%2Fmedia&parent=4958"}],"wp:term":[{"taxonomy":"category","embeddable":true,"href":"https:\/\/www.ladislavjakl.cz\/index.php?rest_route=%2Fwp%2Fv2%2Fcategories&post=4958"},{"taxonomy":"post_tag","embeddable":true,"href":"https:\/\/www.ladislavjakl.cz\/index.php?rest_route=%2Fwp%2Fv2%2Ftags&post=4958"}],"curies":[{"name":"wp","href":"https:\/\/api.w.org\/{rel}","templated":true}]}}