{"id":4968,"date":"2014-08-21T09:01:50","date_gmt":"2014-08-21T07:01:50","guid":{"rendered":"http:\/\/www.ladislavjakl.cz\/?p=4968"},"modified":"2014-08-21T09:01:50","modified_gmt":"2014-08-21T07:01:50","slug":"jakl-homosexualove-vytvareji-umele-obraz-diskriminace","status":"publish","type":"post","link":"https:\/\/www.ladislavjakl.cz\/?p=4968","title":{"rendered":"Jakl: Homosexu\u00e1lov\u00e9 vytv\u00e1\u0159ej\u00ed um\u011ble obraz diskriminace"},"content":{"rendered":"<p>V ot\u00e1zce adopce d\u011bt\u00ed p\u00e1ry stejn\u00e9ho pohlav\u00ed jde t\u011bmto p\u00e1r\u016fm jen o zv\u00fdrazn\u011bn\u00ed diskriminace, soud\u00ed o boji za adopci Ladislav Jakl.<\/p>\n<p><!--more--><\/p>\n<p>\u201eSt\u00e1t m\u00e1 povinnost sledovat pouze z\u00e1jem d\u011bt\u00ed, ne z\u00e1jem \u017eadatel\u016f,&#8220; mysl\u00ed si o adopci b\u00fdval\u00fd tajemn\u00edk exprezidenta V\u00e1clava Klause Ladislav Jakl. Podle Jakla se d\u011blaj\u00ed z d\u011bt\u00ed hra\u010dky, kter\u00e9 se sna\u017e\u00ed p\u00e1ry (i heterosexu\u00e1ln\u00ed) vydupat, a kdy\u017e mu nen\u00ed vyhov\u011bno, tak se oh\u00e1n\u00ed diskriminac\u00ed.<\/p>\n<p>\u201eAdopce nejsou samoobsluhou, kam lze p\u0159ij\u00edt a zeptat se: nem\u00e1te n\u011bjak\u00e9 d\u011bcko, mn\u011b je doma smutno. A st\u00e1t \u0159ekne: tady m\u00e1me p\u011bkn\u00fd kousek, chcete ho zabalit? Ne, st\u00e1t mus\u00ed prov\u011b\u0159it, zda p\u0159\u00edpadn\u00fd budouc\u00ed rodi\u010dovsk\u00fd p\u00e1r sk\u00fdt\u00e1 z\u00e1ruky, \u017ee z\u00e1jem d\u00edt\u011bte nebude ohro\u017een,&#8220; uv\u00e1d\u00ed Jakl v koment\u00e1\u0159i pro T\u00fdden.<\/p>\n<p>Podle Jakla mus\u00ed st\u00e1t p\u0159ihl\u00ed\u017eet p\u0159i adopci ke v\u0161em faktor\u016fm a bojovn\u00edci za n\u00e1rok homosexu\u00e1l\u016f na adopci cht\u011bj\u00ed jen to, aby st\u00e1t nemohl p\u0159ihl\u00ed\u017eet k rizikov\u00fdm faktor\u016fm. Jakl zd\u016fraz\u0148uje, \u017ee i heterosexu\u00e1ln\u00ed p\u00e1ry maj\u00ed mnohdy pot\u00ed\u017ee p\u0159i adoptov\u00e1n\u00ed d\u00edt\u011bte a \u010dasto \u010dekaj\u00ed n\u011bkolik let.<\/p>\n<p>Homosexu\u00e1lov\u00e9 cht\u011bj\u00ed mnohdy adoptovat d\u011bti sv\u00fdch partner\u016f, kter\u00e9 v\u0161ak sv\u00e9ho druh\u00e9ho rodi\u010de n\u011bkde maj\u00ed. V podobn\u00e9 situaci \u017eij\u00ed mnoh\u00e9 heterosexu\u00e1ln\u00ed p\u00e1ry, kde v\u0161ak nen\u00ed takov\u00e1 snaha o adopci d\u00edt\u011bte partnera. Jakl proto dod\u00e1v\u00e1: \u201eHomosexu\u00e1l\u016fm nejde o adopce. Ty jim slou\u017e\u00ed jen jako vhodn\u00e1 agenda ke zd\u016frazn\u011bn\u00ed obrazu sama sebe jako objektu diskriminace.&#8220;<\/p>\n<p><a href=\"http:\/\/domaci.eurozpravy.cz\/politika\/100344-provokater-jakl-homosexualove-vytvareji-obraz-sebe-sama-jako-objekt-diskriminace\/\" target=\"_blank\">Zdroj<\/a><\/p>\n","protected":false},"excerpt":{"rendered":"<p>V ot\u00e1zce adopce d\u011bt\u00ed p\u00e1ry stejn\u00e9ho pohlav\u00ed jde t\u011bmto p\u00e1r\u016fm jen o zv\u00fdrazn\u011bn\u00ed diskriminace, soud\u00ed o boji za adopci Ladislav Jakl.<\/p>\n","protected":false},"author":1,"featured_media":0,"comment_status":"open","ping_status":"open","sticky":false,"template":"","format":"standard","meta":{"ngg_post_thumbnail":0,"footnotes":""},"categories":[11],"tags":[],"class_list":["post-4968","post","type-post","status-publish","format-standard","hentry","category-ozvena"],"_links":{"self":[{"href":"https:\/\/www.ladislavjakl.cz\/index.php?rest_route=\/wp\/v2\/posts\/4968","targetHints":{"allow":["GET"]}}],"collection":[{"href":"https:\/\/www.ladislavjakl.cz\/index.php?rest_route=\/wp\/v2\/posts"}],"about":[{"href":"https:\/\/www.ladislavjakl.cz\/index.php?rest_route=\/wp\/v2\/types\/post"}],"author":[{"embeddable":true,"href":"https:\/\/www.ladislavjakl.cz\/index.php?rest_route=\/wp\/v2\/users\/1"}],"replies":[{"embeddable":true,"href":"https:\/\/www.ladislavjakl.cz\/index.php?rest_route=%2Fwp%2Fv2%2Fcomments&post=4968"}],"version-history":[{"count":1,"href":"https:\/\/www.ladislavjakl.cz\/index.php?rest_route=\/wp\/v2\/posts\/4968\/revisions"}],"predecessor-version":[{"id":4969,"href":"https:\/\/www.ladislavjakl.cz\/index.php?rest_route=\/wp\/v2\/posts\/4968\/revisions\/4969"}],"wp:attachment":[{"href":"https:\/\/www.ladislavjakl.cz\/index.php?rest_route=%2Fwp%2Fv2%2Fmedia&parent=4968"}],"wp:term":[{"taxonomy":"category","embeddable":true,"href":"https:\/\/www.ladislavjakl.cz\/index.php?rest_route=%2Fwp%2Fv2%2Fcategories&post=4968"},{"taxonomy":"post_tag","embeddable":true,"href":"https:\/\/www.ladislavjakl.cz\/index.php?rest_route=%2Fwp%2Fv2%2Ftags&post=4968"}],"curies":[{"name":"wp","href":"https:\/\/api.w.org\/{rel}","templated":true}]}}