{"id":5124,"date":"2014-09-23T15:20:29","date_gmt":"2014-09-23T13:20:29","guid":{"rendered":"http:\/\/www.ladislavjakl.cz\/?p=5124"},"modified":"2014-09-23T15:20:29","modified_gmt":"2014-09-23T13:20:29","slug":"zastavme-rozpinavost-ukrajiny","status":"publish","type":"post","link":"https:\/\/www.ladislavjakl.cz\/?p=5124","title":{"rendered":"Zastavme rozp\u00ednavost Ukrajiny!"},"content":{"rendered":"<p>Rozp\u00ednavost Ukrajinc\u016f nezn\u00e1 mez\u00ed. Je na\u010dase se j\u00ed postavit. Pro za\u010d\u00e1tek alespo\u0148 t\u0159eba mal\u00fdm st\u00e1nkem na Starom\u011bstsk\u00e9m n\u00e1m\u011bst\u00ed. Proto\u017ee ml\u010det ji\u017e d\u00e1le nelze.<\/p>\n<p><!--more--><\/p>\n<p>P\u0159ed p\u00e1r generacemi \u017e\u00e1dn\u00ed Ukrajinci neexistovali. V Kyjev\u011b s\u00eddlila Kyjevsk\u00e1 Rus. Pak se objevil prvn\u00ed Ukrajinec a za\u010dalo to. Nejd\u0159\u00edv malink\u00fdm \u00fazem\u00edm kolem dne\u0161n\u00edho \u017ditomiru. Ale t\u00edm to zdaleka neskon\u010dilo.<br \/>\nZ\u00e1bavou Ukrajinc\u016f byla krevn\u00ed msta. Vyhlazov\u00e1n\u00ed cel\u00fdch polsk\u00fdch rod\u016f a vesnic bylo b\u011b\u017en\u00e9, jednou na\u0161li svateb\u010dan\u00e9, kte\u0159\u00ed p\u0159i\u0161li na hostinu pozd\u011b, na dlouh\u00e9 tabuli osmdes\u00e1t u\u0159\u00edznut\u00fdch polsk\u00fdch hlav na tal\u00ed\u0159\u00edch.<br \/>\nPo Prvn\u00ed sv\u011btov\u00e9 v\u00e1lce jim jeden protirusk\u00fd Gruz\u00ednec daroval rozs\u00e1hl\u00e1 rusk\u00e1 \u00fazem\u00ed bohat\u00e1 na uhl\u00ed a \u017eelezo a centrum rusk\u00e9 kultury Od\u011bsu. Po Druh\u00e9 sv\u011btov\u00e9 v\u00e1lce Ukrajinci zabrali p\u016flku Hali\u010de v\u010detn\u011b jednoho z neslavn\u011bj\u0161\u00edch polsk\u00fdch m\u011bst Lvova, Podkarpatskou Rus i s Rus\u00edny a Ma\u010fary a k tomu Severn\u00ed Bukovinu. Ozbrojen\u00ed Ukrajinci se ale dostali a\u017e na Moravu. Pak jim dlouholet\u00fd \u0161\u00e9f ukrajinsk\u00fdch komunist\u016f a man\u017eel Ukrajinky Chru\u0161\u010dov daroval nav\u00edc rusk\u00fd Krym.<\/p>\n<p>Ukrajinsk\u00fd rod\u00e1k Bre\u017en\u011bv pak s arm\u00e1dou, kde Ukrajinci tvo\u0159ili jednu ze dvou hlavn\u00edch slo\u017eek, obsadil i na\u0161i vlast. A v posledn\u00edch letech na\u0161e stavebn\u00ed firmy a zem\u011bd\u011blsk\u00e9 podniky obsazuj\u00ed dal\u0161\u00ed Ukrajinci.<br \/>\nTe\u010f by r\u00e1di pod prapory SS ukousli dal\u0161\u00ed kus Polska, Ruska, B\u011bloruska a mo\u017en\u00e1 i Nuselsk\u00e9ho \u00fadol\u00ed.<\/p>\n<p>Zdaj\u00ed se v\u00e1m tato slova p\u0159ep\u00edskl\u00e1 a p\u0159\u00edli\u0161 vyost\u0159en\u00e1? Mn\u011b taky. U\u017e proto, \u017ee jsem s\u00e1m ze \u010dtvrtiny Ukrajincem, v d\u011btstv\u00ed jsem doma sl\u00fdchal huculsk\u00e9 p\u00edsn\u011b \u010dast\u011bji ne\u017e \u010desk\u00e9 a rozp\u00edn\u00e1m se p\u0159itom l\u00e9ta v\u00fdhradn\u011b jen v pase. Chci demonstrovat, jak\u00e9 konstrukce lze na d\u011bjin\u00e1ch postavit, kdy\u017e tou\u017e\u00edte degradovat n\u011bjak\u00fd n\u00e1rod.<\/p>\n<p>Nem\u00e1m nic proti Ukrajinc\u016fm ani proti jin\u00fdm n\u00e1rod\u016fm. Nechov\u00e1m v tomhle smyslu \u017e\u00e1dn\u00e9 komplexy ani p\u0159edsudky. Kolem sebe je ale vid\u00edm a sly\u0161\u00edm, jako n\u00e1hra\u017ekov\u00fd my\u0161lenkov\u00fd a \u017eivotn\u00ed program. Jako program, kter\u00fd v historii n\u011bkolikr\u00e1t zdegeneroval a\u017e k smrt\u00edc\u00ed hysterii.<\/p>\n<p>A kdy\u017e u\u017e jsme u t\u00e9 rozp\u00ednavost: co takhle ta rusk\u00e1? Rusko je od n\u00e1s nejd\u00e1l za posledn\u00edch 400 let. Takhle sp\u00ed\u0161 vypad\u00e1 imploze ne\u017e rozp\u00edn\u00e1n\u00ed. Nehodl\u00e1m si nikoho idealizovat, ale ani nikoho d\u00e9monizovat.<br \/>\nJen naiva nevid\u00ed, \u017ee sv\u011btov\u00e1 politika je politikou z\u00e1jm\u016f. Nic proti tomu. Pozor ale na idealistick\u00fd mesianismus, komplexy a p\u0159edsudky. Ty zab\u00edjej\u00ed v\u00edc ne\u017e nikotin a p\u0159itom na sob\u011b nemaj\u00ed varovn\u00e9 n\u00e1lepky.<\/p>\n","protected":false},"excerpt":{"rendered":"<p>Rozp\u00ednavost Ukrajinc\u016f nezn\u00e1 mez\u00ed. Je na\u010dase se j\u00ed postavit. Pro za\u010d\u00e1tek alespo\u0148 t\u0159eba mal\u00fdm st\u00e1nkem na Starom\u011bstsk\u00e9m n\u00e1m\u011bst\u00ed. Proto\u017ee ml\u010det ji\u017e d\u00e1le nelze.<\/p>\n","protected":false},"author":1,"featured_media":0,"comment_status":"open","ping_status":"open","sticky":false,"template":"","format":"standard","meta":{"ngg_post_thumbnail":0,"footnotes":""},"categories":[18],"tags":[],"class_list":["post-5124","post","type-post","status-publish","format-standard","hentry","category-postrehy"],"_links":{"self":[{"href":"https:\/\/www.ladislavjakl.cz\/index.php?rest_route=\/wp\/v2\/posts\/5124","targetHints":{"allow":["GET"]}}],"collection":[{"href":"https:\/\/www.ladislavjakl.cz\/index.php?rest_route=\/wp\/v2\/posts"}],"about":[{"href":"https:\/\/www.ladislavjakl.cz\/index.php?rest_route=\/wp\/v2\/types\/post"}],"author":[{"embeddable":true,"href":"https:\/\/www.ladislavjakl.cz\/index.php?rest_route=\/wp\/v2\/users\/1"}],"replies":[{"embeddable":true,"href":"https:\/\/www.ladislavjakl.cz\/index.php?rest_route=%2Fwp%2Fv2%2Fcomments&post=5124"}],"version-history":[{"count":1,"href":"https:\/\/www.ladislavjakl.cz\/index.php?rest_route=\/wp\/v2\/posts\/5124\/revisions"}],"predecessor-version":[{"id":5125,"href":"https:\/\/www.ladislavjakl.cz\/index.php?rest_route=\/wp\/v2\/posts\/5124\/revisions\/5125"}],"wp:attachment":[{"href":"https:\/\/www.ladislavjakl.cz\/index.php?rest_route=%2Fwp%2Fv2%2Fmedia&parent=5124"}],"wp:term":[{"taxonomy":"category","embeddable":true,"href":"https:\/\/www.ladislavjakl.cz\/index.php?rest_route=%2Fwp%2Fv2%2Fcategories&post=5124"},{"taxonomy":"post_tag","embeddable":true,"href":"https:\/\/www.ladislavjakl.cz\/index.php?rest_route=%2Fwp%2Fv2%2Ftags&post=5124"}],"curies":[{"name":"wp","href":"https:\/\/api.w.org\/{rel}","templated":true}]}}