{"id":5126,"date":"2014-09-24T13:59:32","date_gmt":"2014-09-24T11:59:32","guid":{"rendered":"http:\/\/www.ladislavjakl.cz\/?p=5126"},"modified":"2014-09-24T14:02:30","modified_gmt":"2014-09-24T12:02:30","slug":"klausuv-muz-jizlive-napsal-neco-co-mozna-ukrajince-rozzhavi-dobela","status":"publish","type":"post","link":"https:\/\/www.ladislavjakl.cz\/?p=5126","title":{"rendered":"Klaus\u016fv mu\u017e j\u00edzliv\u011b napsal n\u011bco, co mo\u017en\u00e1 Ukrajince roz\u017ehav\u00ed dob\u011bla"},"content":{"rendered":"<p>B\u00fdval\u00fd spolupracovn\u00edk prezidenta V\u00e1clava Klause Ladislav Jakl se na sv\u00fdch internetov\u00fdch str\u00e1nk\u00e1ch LadislavJakl.cz vtipn\u00fdm textem nazvan\u00fdm \u201eZastavme rozp\u00ednavost Ukrajiny!\u201c sna\u017e\u00ed uk\u00e1zat, jak\u00e9 konstrukce lze na d\u011bjin\u00e1ch postavit, kdy\u017e tou\u017e\u00edte degradovat n\u011bjak\u00fd n\u00e1rod.<\/p>\n<p><!--more--><\/p>\n<p>Ve sv\u00e9m textu, jak u\u017e jeho titulek napov\u00edd\u00e1, se pokusil degradovat Ukrajince. Tvrd\u00ed nap\u0159\u00edklad, \u017ee jejich z\u00e1bavou byla krevn\u00ed msta. \u201eVyhlazov\u00e1n\u00ed cel\u00fdch polsk\u00fdch rod\u016f a vesnic bylo b\u011b\u017en\u00e9, jednou na\u0161li svateb\u010dan\u00e9, kte\u0159\u00ed p\u0159i\u0161li na hostinu pozd\u011b, na dlouh\u00e9 tabuli osmdes\u00e1t u\u0159\u00edznut\u00fdch polsk\u00fdch hlav na tal\u00ed\u0159\u00edch,\u201c p\u00ed\u0161e Jakl.<\/p>\n<p><strong>Po druh\u00e9 sv\u011btov\u00e9 v\u00e1lce Ukrajinci zabrali p\u016flku Hali\u010de&#8230;<\/strong><\/p>\n<p>A ve sv\u00e9r\u00e1zn\u00e9m exkursu do ukrajinsk\u00e9 historie pokra\u010duje: \u201ePo prvn\u00ed sv\u011btov\u00e9 v\u00e1lce jim jeden protirusk\u00fd Gruz\u00ednec daroval rozs\u00e1hl\u00e1 rusk\u00e1 \u00fazem\u00ed bohat\u00e1 na uhl\u00ed a \u017eelezo a centrum rusk\u00e9 kultury Od\u011bsu. Po druh\u00e9 sv\u011btov\u00e9 v\u00e1lce Ukrajinci zabrali p\u016flku Hali\u010de v\u010detn\u011b jednoho z neslavn\u011bj\u0161\u00edch polsk\u00fdch m\u011bst Lvova, Podkarpatskou Rus i s Rus\u00edny a Ma\u010fary a k tomu Severn\u00ed Bukovinu,\u201c uv\u00e1d\u00ed Jakl a v podobn\u00e9m duchu pokra\u010duje d\u00e1l.<\/p>\n<p>P\u0159ipou\u0161t\u00ed, \u017ee jeho slova jsou p\u0159ep\u00edskl\u00e1 a p\u0159\u00edli\u0161 vyost\u0159en\u00e1 a p\u0159id\u00e1v\u00e1 vysv\u011btlen\u00ed, co jej k seps\u00e1n\u00ed tohoto zvl\u00e1\u0161tn\u00edho textu p\u0159im\u011blo: \u201eChci demonstrovat, jak\u00e9 konstrukce lze na d\u011bjin\u00e1ch postavit, kdy\u017e tou\u017e\u00edte degradovat n\u011bjak\u00fd n\u00e1rod,\u201c uvedl s t\u00edm, \u017ee proti Ukrajinc\u016fm ani proti jin\u00fdm n\u00e1rod\u016fm nic nem\u00e1.<\/p>\n<p><strong>Mesianismus, p\u0159edsudky a komplexy zab\u00edjej\u00ed v\u00edc ne\u017e nikotin<\/strong><\/p>\n<p>Z\u00e1v\u011brem uv\u00e1d\u00ed, \u017ee sv\u011btov\u00e1 politika je politikou z\u00e1jm\u016f, pozor bychom si ale m\u011bli d\u00e1t na idealistick\u00fd mesianismus, komplexy a p\u0159edsudky. \u201eTy zab\u00edjej\u00ed v\u00edc ne\u017e nikotin a p\u0159itom na sob\u011b nemaj\u00ed varovn\u00e9 n\u00e1lepky,\u201c uzav\u00edr\u00e1 Jakl sv\u016fj pozoruhodn\u00fd text.<\/p>\n<p><a href=\"http:\/\/www.parlamentnilisty.cz\/arena\/monitor\/Klausuv-muz-jizlive-napsal-neco-co-mozna-Ukrajince-rozzhavi-dobela-336404\" target=\"_blank\">Zdroj<\/a><\/p>\n","protected":false},"excerpt":{"rendered":"<p>B\u00fdval\u00fd spolupracovn\u00edk prezidenta V\u00e1clava Klause Ladislav Jakl se na sv\u00fdch internetov\u00fdch str\u00e1nk\u00e1ch LadislavJakl.cz vtipn\u00fdm textem nazvan\u00fdm \u201eZastavme rozp\u00ednavost Ukrajiny!\u201c sna\u017e\u00ed uk\u00e1zat, jak\u00e9 konstrukce lze na d\u011bjin\u00e1ch postavit, kdy\u017e tou\u017e\u00edte degradovat n\u011bjak\u00fd n\u00e1rod.<\/p>\n","protected":false},"author":1,"featured_media":0,"comment_status":"open","ping_status":"open","sticky":false,"template":"","format":"standard","meta":{"ngg_post_thumbnail":0,"footnotes":""},"categories":[11],"tags":[],"class_list":["post-5126","post","type-post","status-publish","format-standard","hentry","category-ozvena"],"_links":{"self":[{"href":"https:\/\/www.ladislavjakl.cz\/index.php?rest_route=\/wp\/v2\/posts\/5126","targetHints":{"allow":["GET"]}}],"collection":[{"href":"https:\/\/www.ladislavjakl.cz\/index.php?rest_route=\/wp\/v2\/posts"}],"about":[{"href":"https:\/\/www.ladislavjakl.cz\/index.php?rest_route=\/wp\/v2\/types\/post"}],"author":[{"embeddable":true,"href":"https:\/\/www.ladislavjakl.cz\/index.php?rest_route=\/wp\/v2\/users\/1"}],"replies":[{"embeddable":true,"href":"https:\/\/www.ladislavjakl.cz\/index.php?rest_route=%2Fwp%2Fv2%2Fcomments&post=5126"}],"version-history":[{"count":4,"href":"https:\/\/www.ladislavjakl.cz\/index.php?rest_route=\/wp\/v2\/posts\/5126\/revisions"}],"predecessor-version":[{"id":5129,"href":"https:\/\/www.ladislavjakl.cz\/index.php?rest_route=\/wp\/v2\/posts\/5126\/revisions\/5129"}],"wp:attachment":[{"href":"https:\/\/www.ladislavjakl.cz\/index.php?rest_route=%2Fwp%2Fv2%2Fmedia&parent=5126"}],"wp:term":[{"taxonomy":"category","embeddable":true,"href":"https:\/\/www.ladislavjakl.cz\/index.php?rest_route=%2Fwp%2Fv2%2Fcategories&post=5126"},{"taxonomy":"post_tag","embeddable":true,"href":"https:\/\/www.ladislavjakl.cz\/index.php?rest_route=%2Fwp%2Fv2%2Ftags&post=5126"}],"curies":[{"name":"wp","href":"https:\/\/api.w.org\/{rel}","templated":true}]}}