{"id":513,"date":"2010-08-19T09:48:41","date_gmt":"2010-08-19T08:48:41","guid":{"rendered":"http:\/\/www.ladislavjakl.cz\/?p=513"},"modified":"2010-08-19T09:48:41","modified_gmt":"2010-08-19T08:48:41","slug":"jakl-media-me-a-prezidentovo-okoli-lyncuji-za-nase-nazory","status":"publish","type":"post","link":"https:\/\/www.ladislavjakl.cz\/?p=513","title":{"rendered":"Jakl: M\u00e9dia m\u011b a prezidentovo okol\u00ed lyn\u010duj\u00ed za na\u0161e n\u00e1zory"},"content":{"rendered":"<p><span>19.8.2010 5:41<\/span> &#8211; Parlamentn\u00edListy.cz  z\u00edskaly exkluzivn\u00ed vyj\u00e1d\u0159en\u00ed prezidentova tajemn\u00edka Ladislava Jakla k  \u010dl\u00e1nku v MF Dnes kritizuj\u00edc\u00edho jeho osobu v souvislosti s ropnou hav\u00e1ri\u00ed  v Mexick\u00e9m z\u00e1livu a jeho kritick\u00fdm vyj\u00e1d\u0159en\u00edm k d\u00edlu Alfonse Muchy  Slovansk\u00e1 epopej.<\/p>\n<p><strong><!--more--><br \/>\n<\/strong><\/p>\n<p>Ond\u0159ej \u0160\u0165astn\u00fd napsal na iDnes.cz i v MF Dnes \u010dl\u00e1nek s titulkem ironicky  nazna\u010duj\u00edc\u00edm, \u017ee Ladislav Jakl a prezident\u016fv vicekancl\u00e9\u0159 Petr H\u00e1jek  v\u011bd\u00ed \u00fapln\u011b v\u0161echno. Jakla jsme se zeptali, zda je tomu vskutku tak a zda  tedy v\u00ed v\u0161echno.<\/p>\n<p><strong>Nejsem v\u0161ev\u011bdouc\u00ed<\/p>\n<p><\/strong>\u201eNev\u00edm v\u0161echno. A ani to netvrd\u00edm. \u010cl\u00e1nek pana \u0160\u0165astn\u00e9ho vy\u0161el  nejd\u0159\u00edve na iDnes. To m\u011b velmi udivilo. P\u0159ed t\u0159emi lety m\u011b toti\u017e redakce  iDnes umluvila, abych si u nich z\u0159\u00eddil sv\u016fj blog. Kdy\u017e jsem se nemohl  rozhoupat, p\u0159esv\u011bd\u010dovali m\u011b, \u017ee blog je takov\u00fd lehk\u00fd \u017e\u00e1nr, \u017ee m\u016f\u017eu ps\u00e1t  kdykoli o \u010demkoli, o z\u00e1\u017eitc\u00edch, o denn\u00edch v\u011bcech kolem, o obecn\u00fdch  spole\u010densk\u00fdch t\u00e9matech. A tak jsem to p\u0159ijal a asi tak jednou za \u010dty\u0159i  t\u00fddny jsem tam psal n\u011bco o sv\u00e9m cestov\u00e1n\u00ed po republice, o pivu, o  n\u011bjak\u00e9m \u010dl\u00e1nku v novin\u00e1ch. A najednou mi z t\u00e9to redakce vzkazuje pan  \u0160\u0165asn\u00fd, \u017ee nem\u016f\u017eu ps\u00e1t o \u010demkoli, jako ka\u017ed\u00fd jin\u00fd, ale jen o tom, \u010demu  pr\u00fd rozum\u00edm. Nev\u011bd\u011bl jsem, \u017ee dostanu seznam povolen\u00fdch t\u00e9mat. To bych  jejich nab\u00eddku nikdy nep\u0159ijal,&#8220; \u0159ekl redakci Jakl.<\/p>\n<p><strong>\u0160\u0165astn\u00fd Ond\u0159ej<\/p>\n<p><\/strong>\u201eCo kdyby m\u011b napadlo napsat t\u0159eba o fotbale? Pan \u0160\u0165astn\u00fd by mi  p\u0159ed statis\u00edci \u010dten\u00e1\u0159\u016f vzk\u00e1zal, a\u0165 si nehraju na v\u0161ezn\u00e1lka a \u017ee nem\u00e1m  tren\u00e9rsk\u00e9 zkou\u0161ky. Nemohu podle n\u011bj napsat ani o sv\u00e9m pocitu z n\u011bjak\u00e9ho  um\u011bleck\u00e9ho d\u00edla, proto\u017ee bych se t\u00edm &#8211; jak p\u00ed\u0161e pan \u0160\u0165astn\u00fd &#8211; \u00b4pasoval  na odborn\u00edka na v\u00fdtvarn\u00e9 um\u011bn\u00ed\u00b4, p\u0159esto\u017ee ve sv\u00e9m doty\u010dn\u00e9m blogu o  Muchov\u011b Slovansk\u00e9 epopeji doslova p\u00ed\u0161u, \u017ee v\u00fdtvarn\u00e9mu um\u011bn\u00ed houby  rozum\u00edm,&#8220; dodal Jakl.<\/p>\n<p>Jakl uvedl, \u017ee si zvykl na nen\u00e1vistn\u00e9 a sprost\u00e9 ur\u00e1\u017eky jak v diskus\u00edch,  tak v reaguj\u00edc\u00edch \u010dl\u00e1nc\u00edch. Zvykl si i pr\u00fd na to, jak mu anonymov\u00e9 p\u0159ej\u00ed  smrt, jak ho zu\u0159iv\u011b nen\u00e1vid\u00ed u\u017e za to, jak vypad\u00e1, a ani ne\u010dtou, co  p\u00ed\u0161e. Podle Jakla se proti n\u011bmu v m\u00e9di\u00edch zvedla velk\u00e1 vlna odporu,  proto\u017ee p\u00ed\u0161e o jejich praktik\u00e1ch.<\/p>\n<p><strong>Nejsem z cukru<\/p>\n<p><\/strong>\u201eNejsem z cukru a podobn\u00ed lid\u00e9 holt mezi n\u00e1mi \u017eij\u00ed. Pan \u0160\u0165astn\u00fd  ale ud\u011blal cosi jin\u00e9ho: nevy\u010d\u00edt\u00e1 mi \u00fadajn\u011b vadn\u00fd n\u00e1zor, ale s\u00e1m fakt,  \u017ee jsem si dovolil vybrat ur\u010dit\u00e9 t\u00e9ma. Proto\u017ee o jist\u00fdch t\u00e9matech se asi  sm\u00ed ps\u00e1t jen obecn\u011b obl\u00edben\u00e9 fr\u00e1ze a to j\u00e1 neum\u00edm. Podle \u0160\u0165astn\u00e9ho  svobodnou volbou t\u00e9mat sd\u011bluji sv\u011btu, \u017ee rozum\u00edm v\u0161emu, navzdory tomu,  \u017ee pro pomaleji mysl\u00edc\u00ed lidi rad\u011bji rovnou nap\u00ed\u0161u, \u017ee t\u00e9matu nerozum\u00edm,&#8220;  dodal Jakl.<\/p>\n<p>Podle Jakla lid\u00e9 mluv\u00ed o lec\u010dem, co je zaj\u00edm\u00e1. A lid\u00e9 p\u00ed\u0161\u00ed i blogy o  tom, co je zaujalo a o \u010demkoli. \u201eJen j\u00e1 to podle \u0160\u0165astn\u00e9ho d\u011blat nesm\u00edm.  A tak podle n\u011bj nesm\u00edm ani ps\u00e1t o novin\u00e1\u0159sk\u00e9m p\u0159est\u0159elen\u00ed t\u00e9matu ropn\u00e9  hav\u00e1rie na Deep Horizon, p\u0159esto\u017ee jsem novina\u0159inu vystudoval. On mi  nevy\u010d\u00edt\u00e1 n\u011bjak\u00fd n\u00e1zor. Na to jsem zvykl\u00fd, i formou nad\u00e1vek. On se  pohor\u0161uje, \u017ee jsem to v\u016fbec napsal. A to je pro mne z\u00e1sadn\u00ed informace o  iDnes,&#8220; dodal Jakl.<\/p>\n<p><strong>S bloga\u0159en\u00edm asi skon\u010d\u00edm<\/p>\n<p><\/strong>Jakl nyn\u00ed zva\u017euje, \u017ee po t\u0159ech letech s psan\u00edm blog\u016f na iDnes  skon\u010d\u00ed. \u201eOni si m\u011b p\u0159ed t\u0159ema lety pozvali a te\u010f mi \u0159\u00edkaj\u00ed, \u017ee jejich  nab\u00eddka u\u017e neplat\u00ed, \u017ee narozd\u00edl od v\u0161ech ostatn\u00edch blogger\u016f j\u00e1 nesm\u00edm  ps\u00e1t o \u010demkoli, ale pouze o tom, k \u010demu jsem opr\u00e1vn\u011bn. Nejd\u0159\u00edv m\u011b  hecuj\u00ed, a\u0165 p\u00ed\u0161u svobodn\u011b o \u010demkoli, potom mi to vy\u010dtou. To, \u017ee \u0160\u0165astn\u00e9ho  \u010dl\u00e1nek vydala i pap\u00edrov\u00e1 MF Dnes pro statis\u00edce \u010dten\u00e1\u0159\u016f, kte\u0159\u00ed si v tu  chv\u00edli nemohli p\u0159e\u010d\u00edst m\u016fj origin\u00e1l, to u\u017e je holt styl dne\u0161n\u00edch  medi\u00e1ln\u00edch lyn\u010d\u016f,&#8220; m\u00edn\u00ed Jakl podle n\u011bho\u017e je \u010dl\u00e1nek propagandou s c\u00edlem  urazit a po\u0161kodit okol\u00ed prezidenta.<\/p>\n<p>\u201eJe to trest za to, \u017ee m\u00e1me sv\u00e9 n\u00e1zory a \u0159\u00edk\u00e1me je nahlas. Podle n\u011bj  m\u00e1me jako \u00fa\u0159edn\u00edci pr\u00e1vo leda \u010d\u00edst ofici\u00e1ln\u00ed komunik\u00e9. Ale pokud bychom  to tak d\u011blali, bude n\u00e1s zas ur\u00e1\u017eet za to, \u017ee n\u00e1zor nem\u00e1me,&#8220; dodal Jakl.<\/p>\n<p><strong>Um\u011bn\u00ed houby rozum\u00edm<\/p>\n<p><\/strong>Parlamentn\u00edListy.cz se Jakla zeptaly, zda se pova\u017eujete za v\u00fdtvarn\u00e9ho kritika a experta na ropn\u00e9 hav\u00e1rie.<\/p>\n<p>\u201eAle to v\u016fbec ne. O t\u00e9matu Slovansk\u00e9 epopeje jsem v onom sv\u00e9m blogu  zat\u00edm jako jedin\u00fd napsal, \u017ee debata o n\u00ed se vede \u0161patn\u011b, \u017ee Epopej  nepat\u0159\u00ed \u00b4v\u0161emulidu\u00b4, aby se te\u010f \u00b4v\u0161eholid\u00b4 rozhodoval, kam s n\u00ed. \u017de  existuje cosi jako vlastnictv\u00ed a \u017ee jen vlastn\u00edk m\u016f\u017ee rozhodnout, co s  n\u00ed bude. A p\u0159ipojit jsem sv\u016fj n\u00e1zor, \u017ee to je k\u00fd\u010d. Mus\u00edm m\u00edt na takov\u00fd  n\u00e1zor pap\u00edr a raz\u00edtkem? Nav\u00edc, kdy\u017e doslova nap\u00ed\u0161u, \u017ee v\u00fdtvarn\u00e9mu um\u011bn\u00ed  houby rozum\u00edm? A ropn\u00e1 hav\u00e1rie? M\u016fj doty\u010dn\u00fd \u010dl\u00e1nek byl o medi\u00e1ln\u00ed  kampani. A na medi\u00e1ln\u00ed problematiku se expertem b\u00fdt c\u00edt\u00edm. Ale nikdy  bych na toto t\u00e9ma neup\u00edral pr\u00e1vo ps\u00e1t blogy komukoli,&#8220; odpov\u011bd\u011bl Jakl.<\/p>\n<p><a href=\"http:\/\/www.parlamentnilisty.cz\/parlament\/172901.aspx\" target=\"_blank\">ZDROJ<\/a><\/p>\n","protected":false},"excerpt":{"rendered":"<p>19.8.2010 5:41 &#8211; Parlamentn\u00edListy.cz z\u00edskaly exkluzivn\u00ed vyj\u00e1d\u0159en\u00ed prezidentova tajemn\u00edka Ladislava Jakla k \u010dl\u00e1nku v MF Dnes kritizuj\u00edc\u00edho jeho osobu v souvislosti s ropnou hav\u00e1ri\u00ed v Mexick\u00e9m z\u00e1livu a jeho kritick\u00fdm vyj\u00e1d\u0159en\u00edm k d\u00edlu Alfonse Muchy Slovansk\u00e1 epopej.<\/p>\n","protected":false},"author":1,"featured_media":0,"comment_status":"open","ping_status":"open","sticky":false,"template":"","format":"standard","meta":{"ngg_post_thumbnail":0,"footnotes":""},"categories":[11],"tags":[],"class_list":["post-513","post","type-post","status-publish","format-standard","hentry","category-ozvena"],"_links":{"self":[{"href":"https:\/\/www.ladislavjakl.cz\/index.php?rest_route=\/wp\/v2\/posts\/513","targetHints":{"allow":["GET"]}}],"collection":[{"href":"https:\/\/www.ladislavjakl.cz\/index.php?rest_route=\/wp\/v2\/posts"}],"about":[{"href":"https:\/\/www.ladislavjakl.cz\/index.php?rest_route=\/wp\/v2\/types\/post"}],"author":[{"embeddable":true,"href":"https:\/\/www.ladislavjakl.cz\/index.php?rest_route=\/wp\/v2\/users\/1"}],"replies":[{"embeddable":true,"href":"https:\/\/www.ladislavjakl.cz\/index.php?rest_route=%2Fwp%2Fv2%2Fcomments&post=513"}],"version-history":[{"count":1,"href":"https:\/\/www.ladislavjakl.cz\/index.php?rest_route=\/wp\/v2\/posts\/513\/revisions"}],"predecessor-version":[{"id":514,"href":"https:\/\/www.ladislavjakl.cz\/index.php?rest_route=\/wp\/v2\/posts\/513\/revisions\/514"}],"wp:attachment":[{"href":"https:\/\/www.ladislavjakl.cz\/index.php?rest_route=%2Fwp%2Fv2%2Fmedia&parent=513"}],"wp:term":[{"taxonomy":"category","embeddable":true,"href":"https:\/\/www.ladislavjakl.cz\/index.php?rest_route=%2Fwp%2Fv2%2Fcategories&post=513"},{"taxonomy":"post_tag","embeddable":true,"href":"https:\/\/www.ladislavjakl.cz\/index.php?rest_route=%2Fwp%2Fv2%2Ftags&post=513"}],"curies":[{"name":"wp","href":"https:\/\/api.w.org\/{rel}","templated":true}]}}