{"id":5164,"date":"2014-10-10T15:14:37","date_gmt":"2014-10-10T13:14:37","guid":{"rendered":"http:\/\/www.ladislavjakl.cz\/?p=5164"},"modified":"2014-10-10T15:14:37","modified_gmt":"2014-10-10T13:14:37","slug":"vyhlasit-sankce-bombardovat","status":"publish","type":"post","link":"https:\/\/www.ladislavjakl.cz\/?p=5164","title":{"rendered":"Vyhl\u00e1sit sankce! Bombardovat!"},"content":{"rendered":"<p>Shl\u00e9dl jsem p\u0159ed p\u00e1r dny v televizi zaj\u00edmav\u00fd dokument. Odv\u00e1\u017en\u00fd dobrodruh spolu s kameramanem nav\u0161t\u00edvil misijn\u00ed osadu na kraji pralesa kdesi v Tramt\u00e1rii. Ocho\u010den\u00ed domorodci si mision\u00e1\u0159e chv\u00e1lili, \u017ee jim dali j\u00edst, p\u00edt, oble\u010den\u00ed i l\u016f\u017eko a nau\u010dili je hodn\u011b v\u011bc\u00ed. A \u017ee ti, co z\u016fstali v pralese, ty na\u0161e b\u00fdval\u00e9 rodiny, tam d\u00e1l \u017eij\u00ed jako \u201edivok\u00e1 prasata\u201c.<\/p>\n<p><!--more--><\/p>\n<p>Dobrodruh si vzal ocho\u010den\u00e9ho domorodce jako tlumo\u010dn\u00edka a za t\u011bmi \u201edivok\u00fdmi prasaty\u201c se vydal. Na\u0161el je. \u017dili bez jedin\u00e9ho dotyku s civilizac\u00ed, j\u00eddlo si p\u0159ipravovali v palmov\u00fdch listech, znali jen d\u0159ev\u011bn\u00e9 a kamenn\u00e9 n\u00e1stroje, bydleli na stromech, oble\u010den\u00e9 m\u011bli jen p\u00e1nsk\u00e9 \u00fady a ob\u010das pojedli souseda.<br \/>\nDobrodruh byl unesen jejich sepjet\u00edm s p\u0159\u00edrodou, ochotn\u011b poj\u00eddal spolu s nimi kobylky, je\u0161t\u011brky a my\u0161i. I netop\u00fdra si dal a dle z\u00e1sad m\u00edstn\u00edho stolni\u010den\u00ed mu nejd\u0159\u00edv vys\u00e1l hlen z \u010dum\u00e1ku, ne\u017e ho oh\u0159\u00e1t\u00e9ho na kameni zkonzumoval. Domorodci byli ned\u016fv\u011b\u0159iv\u00ed, \u0161ermovali o\u0161t\u011bpy, ale nakonec se nechali koupit za p\u00e1r cigaret (ty jako jedin\u00fd v\u00fddobytek civilizace znali).<br \/>\nDobrodruhovo nad\u0161en\u00ed z divoch\u016f jsem nesd\u00edlel. Naopak bych proti nim tvrd\u011b zakro\u010dil. Nejprve sankcemi, cigaretov\u00fdm embargem a pot\u00e9 bych je rovnou bombardoval za nerespektov\u00e1n\u00ed univerz\u00e1ln\u00edch civiliza\u010dn\u00edch hodnot. Ob\u017ealoba je dlouh\u00e1 a zdrcuj\u00edc\u00ed:<br \/>\n&#8211;  Neexistuje zde rovnopr\u00e1vnost \u017een, \u017eeny maj\u00ed n\u00e1rok jen rodit a vyr\u00e1b\u011bt \u0161krobovou hmotu ze stromov\u00e9 du\u017einy zvanou s\u00e1go.<br \/>\n&#8211;  Ignoruj\u00ed hygienick\u00e9 p\u0159edpisy.<br \/>\n&#8211;  N\u00e1\u010deln\u00edci se zde nevol\u00ed, stane se j\u00edm ten, kdo uml\u00e1t\u00ed sv\u00e9 soky.<br \/>\n&#8211;  Mu\u017ei prod\u00e1vaj\u00ed sv\u00e9 \u017eeny, aby nah\u00e9 p\u00f3zovaly \u00fachyln\u00fdm kameraman\u016fm za p\u00e1r cigaret.<br \/>\n&#8211;  Neznaj\u00ed zde n\u00e1bo\u017eenskou toleranci a registrovan\u00e9 partnerstv\u00ed.<br \/>\n&#8211;  Neexistuje zde svobodn\u00fd tisk.<br \/>\n&#8211;  Zv\u00ed\u0159ata se nezab\u00edjej\u00ed \u0161etrn\u011b podle \u00famluvy o pr\u00e1vech zv\u00ed\u0159at, ale prost\u011b se s nimi fl\u00e1kne o \u0161utr, v\u010detn\u011b zv\u00ed\u0159at celosv\u011btov\u011b chr\u00e1n\u011bn\u00fdch.<br \/>\n&#8211;  Kou\u0159\u00ed se zde bez ohledu na p\u0159\u00edtomnost d\u011bt\u00ed.<br \/>\n&#8211;  D\u011btem je odep\u00edr\u00e1n p\u0159\u00edstup ke vzd\u011bl\u00e1n\u00ed a ekologick\u00e9 v\u00fdchov\u011b.<br \/>\n&#8211;  Nejsou zde podm\u00ednky pro volnou politickou sout\u011b\u017e, neznaj\u00ed zde strany ani parlament.<br \/>\n&#8211;  Neexistuje zde ob\u010dansk\u00e1 spole\u010dnost, lid\u00e9 nemaj\u00ed mo\u017enost sdru\u017eovat se ve spolky a neziskov\u00e9 organizace.<br \/>\n&#8211;  D\u011bti n\u00e1\u010deln\u00edk\u016f dost\u00e1vaj\u00ed tu\u010dn\u011bj\u0161\u00ed \u010dervy ne\u017e ostatn\u00ed.<br \/>\n&#8211;  Nepodepsali dohody o ne\u0161\u00ed\u0159en\u00ed zbran\u00ed hromadn\u00e9ho ni\u010den\u00ed.<br \/>\n&#8211;  Kritiky re\u017eimu uml\u010duj\u00ed se\u017er\u00e1n\u00edm.<br \/>\n&#8211;  Ten netop\u00fd\u0159\u00ed hlen je hnus.<br \/>\n&#8211;  A v\u016fbec.<br \/>\nKdy\u017e jinde silou nut\u00edme n\u00e1rody po cel\u00e9m sv\u011bt\u011b \u017e\u00edt podle na\u0161ich norem, kdy\u017e k\u00e1c\u00edme re\u017eimy a rozvrac\u00edme po\u0159\u00e1dky neslu\u010diteln\u00e9 s na\u0161\u00ed p\u0159edstavou spr\u00e1vn\u00e9ho upo\u0159\u00e1d\u00e1n\u00ed, kdy\u017e bombardujeme a obsazujeme \u00fazem\u00ed horsk\u00fdch kmen\u016f kdesi uprost\u0159ed Asie, jak to, \u017ee tady se rozpl\u00fdv\u00e1me nad autentickou jinakost\u00ed?<br \/>\nJ\u00e1 v\u00edm, to n\u00e1m zat\u00edm jen uniklo, v\u0161ak proto to taky zatepla hl\u00e1s\u00edm. Sv\u011bt mus\u00ed b\u00fdt srovn\u00e1n do lat\u011b. Mimochodem, u\u017e v\u00e1s taky napadlo, \u017ee st\u00e1ty na\u0161eho civiliza\u010dn\u00edho okruhu prosazuj\u00ed v r\u00e1mci sv\u00e9 zem\u011b multikulturalismus, ale v r\u00e1mci cel\u00e9 planety jen glob\u00e1ln\u00ed hodnotov\u00fd univerzalismus? \u010c\u00edm to?<br \/>\nFuj, ten netop\u00fd\u0159\u00ed hlen, to mus\u00ed b\u00fdt ale \u0148amka.<\/p>\n<p><a href=\"http:\/\/jakl.blog.idnes.cz\/c\/430225\/Vyhlasit-sankce-Bombardovat.html\" target=\"_blank\">Zdroj<\/a><\/p>\n","protected":false},"excerpt":{"rendered":"<p>Shl\u00e9dl jsem p\u0159ed p\u00e1r dny v televizi zaj\u00edmav\u00fd dokument. Odv\u00e1\u017en\u00fd dobrodruh spolu s kameramanem nav\u0161t\u00edvil misijn\u00ed osadu na kraji pralesa kdesi v Tramt\u00e1rii. Ocho\u010den\u00ed domorodci si mision\u00e1\u0159e chv\u00e1lili, \u017ee jim dali j\u00edst, p\u00edt, oble\u010den\u00ed i l\u016f\u017eko a nau\u010dili je hodn\u011b v\u011bc\u00ed. A \u017ee ti, co z\u016fstali v pralese, ty na\u0161e b\u00fdval\u00e9 rodiny, tam d\u00e1l \u017eij\u00ed [&hellip;]<\/p>\n","protected":false},"author":1,"featured_media":0,"comment_status":"open","ping_status":"open","sticky":false,"template":"","format":"standard","meta":{"ngg_post_thumbnail":0,"footnotes":""},"categories":[1],"tags":[],"class_list":["post-5164","post","type-post","status-publish","format-standard","hentry","category-publikovane-clanky"],"_links":{"self":[{"href":"https:\/\/www.ladislavjakl.cz\/index.php?rest_route=\/wp\/v2\/posts\/5164","targetHints":{"allow":["GET"]}}],"collection":[{"href":"https:\/\/www.ladislavjakl.cz\/index.php?rest_route=\/wp\/v2\/posts"}],"about":[{"href":"https:\/\/www.ladislavjakl.cz\/index.php?rest_route=\/wp\/v2\/types\/post"}],"author":[{"embeddable":true,"href":"https:\/\/www.ladislavjakl.cz\/index.php?rest_route=\/wp\/v2\/users\/1"}],"replies":[{"embeddable":true,"href":"https:\/\/www.ladislavjakl.cz\/index.php?rest_route=%2Fwp%2Fv2%2Fcomments&post=5164"}],"version-history":[{"count":2,"href":"https:\/\/www.ladislavjakl.cz\/index.php?rest_route=\/wp\/v2\/posts\/5164\/revisions"}],"predecessor-version":[{"id":5166,"href":"https:\/\/www.ladislavjakl.cz\/index.php?rest_route=\/wp\/v2\/posts\/5164\/revisions\/5166"}],"wp:attachment":[{"href":"https:\/\/www.ladislavjakl.cz\/index.php?rest_route=%2Fwp%2Fv2%2Fmedia&parent=5164"}],"wp:term":[{"taxonomy":"category","embeddable":true,"href":"https:\/\/www.ladislavjakl.cz\/index.php?rest_route=%2Fwp%2Fv2%2Fcategories&post=5164"},{"taxonomy":"post_tag","embeddable":true,"href":"https:\/\/www.ladislavjakl.cz\/index.php?rest_route=%2Fwp%2Fv2%2Ftags&post=5164"}],"curies":[{"name":"wp","href":"https:\/\/api.w.org\/{rel}","templated":true}]}}