{"id":5167,"date":"2014-10-10T15:17:31","date_gmt":"2014-10-10T13:17:31","guid":{"rendered":"http:\/\/www.ladislavjakl.cz\/?p=5167"},"modified":"2014-10-10T15:17:31","modified_gmt":"2014-10-10T13:17:31","slug":"polemika-jak-mlejnek-jr-rve-co-muze","status":"publish","type":"post","link":"https:\/\/www.ladislavjakl.cz\/?p=5167","title":{"rendered":"POLEMIKA: Jak Mlejnek jr. rve, co m\u016f\u017ee"},"content":{"rendered":"<p>Josef Mlejnek junior za\u017eil asi \u00fapln\u011b jin\u00fd listopad 1989 ne\u017e j\u00e1. Za polistopadov\u00e9 motto vyd\u00e1v\u00e1 \u201eUrvi, co m\u016f\u017ee\u0161\u201c. Napsal to ve st\u0159edu ve sv\u00e9m \u010dl\u00e1nku na Neviditeln\u00e9m psu.<\/p>\n<p><!--more--><\/p>\n<p>Co bylo tedy podle n\u011bj mottem p\u0159edlistopadov\u00fdm? Je\u0161t\u011b n\u011bco hor\u0161\u00edho? To je\u0161t\u011b jde? Nebo bylo stejn\u00e9? Tak\u017ee \u017e\u00e1dn\u00fd listopad 89 Mlejnek junior vlastn\u011b neza\u017eil? Nebo t\u00edm mottem bylo n\u011bco lep\u0161\u00edho, tak\u017ee Mlejnek junior vid\u00ed listopad 89 jako zm\u011bnu k hor\u0161\u00edmu? To sp\u00ed\u0161 vypov\u00edd\u00e1 cosi o n\u011bm samotn\u00e9m, ale ur\u010dit\u011b ne o listopadu 89 a dob\u011b po n\u011bm.<\/p>\n<p>J\u00e1 pamatuju p\u0159edlistopadov\u00e9 motto \u201eKdo nekrade, okr\u00e1d\u00e1 vlastn\u00ed rodinu.\u201c A jako motto doby polistopadov\u00e9 pamatuji \u201eNejl\u00e9pe prosp\u011bje\u0161 sob\u011b t\u00edm, \u017ee prosp\u011bje\u0161 ostatn\u00edm.\u201c To je toti\u017e motto trhu, motto kapitalismu. Proto chod\u00edm ka\u017ed\u00fd rok 17. listopadu na Albertov, jako tenkr\u00e1t.<\/p>\n<p>Mlejnkovo motto mo\u017en\u00e1 vyzn\u00e1vali orli\u010dt\u00ed vrazi, mo\u017en\u00e1 Mlejnek junior s\u00e1m. Spole\u010densk\u00e9 motto to ale ur\u010dit\u011b nebylo.<\/p>\n<p>Ladislav Jakl<\/p>\n<p><a href=\"http:\/\/neviditelnypes.lidovky.cz\/polemika-jak-mlejnek-jr-rve-co-muze-dt2-\/p_spolecnost.aspx?c=A141008_213350_p_spolecnost_wag\" target=\"_blank\">Zdroj<\/a><\/p>\n","protected":false},"excerpt":{"rendered":"<p>Josef Mlejnek junior za\u017eil asi \u00fapln\u011b jin\u00fd listopad 1989 ne\u017e j\u00e1. Za polistopadov\u00e9 motto vyd\u00e1v\u00e1 \u201eUrvi, co m\u016f\u017ee\u0161\u201c. Napsal to ve st\u0159edu ve sv\u00e9m \u010dl\u00e1nku na Neviditeln\u00e9m psu.<\/p>\n","protected":false},"author":1,"featured_media":0,"comment_status":"open","ping_status":"open","sticky":false,"template":"","format":"standard","meta":{"ngg_post_thumbnail":0,"footnotes":""},"categories":[6],"tags":[],"class_list":["post-5167","post","type-post","status-publish","format-standard","hentry","category-co-jsem-nerekl"],"_links":{"self":[{"href":"https:\/\/www.ladislavjakl.cz\/index.php?rest_route=\/wp\/v2\/posts\/5167","targetHints":{"allow":["GET"]}}],"collection":[{"href":"https:\/\/www.ladislavjakl.cz\/index.php?rest_route=\/wp\/v2\/posts"}],"about":[{"href":"https:\/\/www.ladislavjakl.cz\/index.php?rest_route=\/wp\/v2\/types\/post"}],"author":[{"embeddable":true,"href":"https:\/\/www.ladislavjakl.cz\/index.php?rest_route=\/wp\/v2\/users\/1"}],"replies":[{"embeddable":true,"href":"https:\/\/www.ladislavjakl.cz\/index.php?rest_route=%2Fwp%2Fv2%2Fcomments&post=5167"}],"version-history":[{"count":1,"href":"https:\/\/www.ladislavjakl.cz\/index.php?rest_route=\/wp\/v2\/posts\/5167\/revisions"}],"predecessor-version":[{"id":5168,"href":"https:\/\/www.ladislavjakl.cz\/index.php?rest_route=\/wp\/v2\/posts\/5167\/revisions\/5168"}],"wp:attachment":[{"href":"https:\/\/www.ladislavjakl.cz\/index.php?rest_route=%2Fwp%2Fv2%2Fmedia&parent=5167"}],"wp:term":[{"taxonomy":"category","embeddable":true,"href":"https:\/\/www.ladislavjakl.cz\/index.php?rest_route=%2Fwp%2Fv2%2Fcategories&post=5167"},{"taxonomy":"post_tag","embeddable":true,"href":"https:\/\/www.ladislavjakl.cz\/index.php?rest_route=%2Fwp%2Fv2%2Ftags&post=5167"}],"curies":[{"name":"wp","href":"https:\/\/api.w.org\/{rel}","templated":true}]}}