{"id":517,"date":"2010-08-30T09:03:17","date_gmt":"2010-08-30T08:03:17","guid":{"rendered":"http:\/\/www.ladislavjakl.cz\/?p=517"},"modified":"2010-08-30T11:03:56","modified_gmt":"2010-08-30T10:03:56","slug":"co-jsem-napsal-a-jak-to-cetli-duhovi","status":"publish","type":"post","link":"https:\/\/www.ladislavjakl.cz\/?p=517","title":{"rendered":"Co jsem napsal a jak to \u010detli duhov\u00ed"},"content":{"rendered":"<p>iDnes m\u011b umluvila, abych k\u00a0nim psal sv\u016fj blog, \u017ee tam lze ps\u00e1t lehce o v\u0161em mo\u017en\u00e9m. Pochopil jsem, \u017ee to je jin\u00fd \u017e\u00e1nr ne\u017e novinov\u00fd \u010dl\u00e1nek, a tak tam ob\u010das nap\u00ed\u0161u n\u011bco o sv\u00fdch cest\u00e1ch, o piv\u011b, o m\u00e9di\u00edch. Asi jsem to pochopil \u0161patn\u011b.<\/p>\n<p><!--more-->HN otiskly reakci Vojt\u011bcha Koteck\u00e9ho na m\u016fj blog o medi\u00e1ln\u00edm t\u0159e\u0161t\u011bn\u00ed kolem vrtu Deep Horizon. Redakce se nenam\u00e1h\u00e1 zve\u0159ejnit odkaz a \u010dten\u00e1\u0159 se do\u010dte jen p\u0159ekrouceniny Koteck\u00e9ho.<\/p>\n<p>M\u016fj blog byl o m\u00e9di\u00edch a o proporc\u00edch. Po sv\u011bt\u011b se d\u011bj\u00ed hr\u016fzy, t\u00fdkaj\u00edc\u00ed se byt\u00ed tis\u00edc\u016f lid\u00ed. Ropn\u00e1 hav\u00e1rie v\u011bc nep\u0159\u00edjemn\u00e1. Ale po n\u011bkolik m\u011bs\u00edc\u016f byla\u00a0 sv\u011btovou medi\u00e1ln\u00ed bombou \u010d\u00edslo jedna. Je to p\u0159im\u011b\u0159en\u00e9? Psal jsem, \u017ee nikoli a \u017ee na t\u00e9 nep\u0159im\u011b\u0159enosti leckdo vyd\u011bl\u00e1v\u00e1. A co z\u00a0m\u00e9ho blogov\u00e9ho post\u0159ehu vyvozuje Koteck\u00fd?<\/p>\n<p><em>\u201eRopnou skvrnu vyrobila m\u00e9dia, aby n\u00e1m vybrala pen\u011b\u017eenky, napsal na sv\u00e9m blogu Ladislav Jakl.\u201c<\/em> Nic takov\u00e9ho jsem nepsal. M\u00e9dia ropnou skvrnu vyrobit nemohla, jen p\u0159ehnat jej\u00ed obraz. A nepsal jsem, \u017ee zrovna m\u00e9dia n\u00e1m cht\u011bj\u00ed vybrat pen\u011b\u017eenky. Z\u00e1jmov\u00fdch skupin, kter\u00e9 se tom mohou p\u0159i\u017eivit, je mnohem v\u00edc.<\/p>\n<p><em>\u201e,T\u0159i t\u00fddny trvalo stovk\u00e1m medi\u00e1ln\u00edch \u0161t\u00e1b\u016f, ne\u017e na\u0161ly prvn\u00edho zama\u0161t\u011bn\u00e9ho pt\u00e1ka\u00b4, p\u00ed\u0161e Jakl. Ve skute\u010dnosti t\u011bch pt\u00e1k\u016f je 5981, z toho 4080 mrtv\u00fdch.\u201c<\/em> Aha. J\u00e1 myslel, \u017ee prvn\u00ed pt\u00e1k je v\u017edy jeden. Nepsal jsem o celkov\u00e9m po\u010dtu pt\u00e1k\u016f zasa\u017een\u00fdch ropou, ale o tom, jak v\u00a0tu chv\u00edli v nejsledovan\u011bj\u0161\u00ed oblasti sv\u011bta trvalo \u0161t\u00e1b\u016fm t\u00fddny, ne\u017e vyfotily prvn\u00edho posti\u017een\u00e9ho pt\u00e1ka, a \u017ee jeho fotka byla dlouho jedin\u00e1, kterou jako obraz zk\u00e1zy nab\u00edzely v\u0161echny agentury.<\/p>\n<p><em>\u201eEkonomov\u00e9 o\u010dek\u00e1vaj\u00ed, \u017ee m\u00edstn\u00ed turistika p\u0159ijde o 23 miliard dolar\u016f.\u201c<\/em> Jin\u00ed ekonomov\u00e9 o\u010dek\u00e1vaj\u00ed, \u017ee to nebude ani tis\u00edcina t\u00e9to \u010d\u00e1stky. Je jasn\u00e9, \u017ee sugesce p\u0159est\u0159elen\u00fdch n\u00e1klad\u016f vyhovuje t\u011bm, co se ve v\u011bci anga\u017euj\u00ed. Dnes se v\u00a0oblasti lov\u00ed krevety, koupe se prezident Obama a odhady \u0161kod, vych\u00e1zej\u00edc\u00edch z\u00a0n\u011bkolika ztracen\u00fdch sez\u00f3n, jsou neudr\u017eiteln\u00e9.<\/p>\n<p><em>\u201e,<\/em><em>Ropa je p<\/em><em>\u0159\u00edrodn\u00ed produkt&#8230; Na mnoha m\u00edstech mo\u0159sk\u00e9ho dna i sou\u0161e prosakuje ropa.\u00b4 \u2026 tak\u017ee speci\u00e1ln\u011b pro Ladislava Jakla: \u00fanik bezm\u00e1la 800 milion\u016f litr\u016f soust\u0159ed\u011bn\u00fd v jedin\u00e9m m\u00edst\u011b nad\u011bl\u00e1, ehm, v\u011bt\u0161\u00ed \u0161kody ne\u017e prosakov\u00e1n\u00ed mal\u00fdch mno\u017estv\u00ed nafty\u2026\u201c<\/em> P\u00ed\u0161u j\u00e1, ehm, o tom, co ud\u011bl\u00e1 v\u011bt\u0161\u00ed \u010di men\u0161\u00ed \u0161kody? Nen\u00ed tedy pravdou, \u017ee ropa je p\u0159\u00edrodn\u00ed a \u017ee prosakuje? A odkdy se m\u011b\u0159\u00ed na litry a ne na tuny \u010di barely?<\/p>\n<p><em>\u201eJakl m\u00e1 tak\u00e9 vlastn\u00ed teorii o p\u0159\u00ed\u010din\u00e1ch: ropnou skvrnu vykonstruovaly medi\u00e1ln\u00ed korporace, aby prodaly noviny.\u201c<\/em> O medi\u00e1ln\u00edch korporac\u00edch jsem nenapsal ani slovo. Pouze si mysl\u00edm, \u017ee za kampan\u011bmi je dobr\u00e9 vid\u011bt re\u00e1ln\u00e9 z\u00e1jmy.<\/p>\n<p><em>\u201eJakl p\u0159estal radik\u00e1ln\u011b h\u00e1jit sv\u011btov\u00fd kapitalismus a za\u010dal si paranoidn\u011b vym\u00fd\u0161let glob\u00e1ln\u00ed konspirace.\u201c<\/em> O konspiraci jsem nepsal ani slovo. K\u00a0prosazov\u00e1n\u00ed z\u00e1jm\u016f prost\u0159ednictv\u00edm medi\u00e1ln\u00edch kampan\u00ed nen\u00ed t\u0159eba \u017e\u00e1dn\u00e1 konspirace.<\/p>\n<p><em>\u201eA\u0165 si p\u00ed\u0161e, co se mu zachce. A\u017e bude soukromou osobou.\u201c<\/em> Do t\u00e9 doby nesm\u00edm ps\u00e1t blogy?<\/p>\n<p><em>\u201e\u0158editel politick\u00e9ho odboru KPR ale nen\u00ed komik na voln\u00e9 noze.\u201c<\/em> Tak\u017ee blogy sm\u011bj\u00ed ps\u00e1t jen komici na voln\u00e9 noze. Nebo chce Koteck\u00fd jen ur\u00e1\u017eet?<\/p>\n<p><em>\u201eSv\u016fj \u010dl\u00e1nek pov\u011bsil na web v \u00fater\u00fd po 11 dopoledne, tedy patrn\u011b coby vysok\u00fd st\u00e1tn\u00ed \u00fa\u0159edn\u00edk ve sv\u00e9 kancel\u00e1\u0159i.\u201c<\/em> Blog jsem napsal o v\u00edkendu. Pov\u011bsit ho na web trv\u00e1 minutu. Tu jsem si napracoval. Tento text ale p\u00ed\u0161i v\u00a0pracovn\u00ed dob\u011b. Proto\u017ee polemizovat s\u00a0medi\u00e1ln\u00edmi \u00fatoky k\u00a0m\u00e9 pr\u00e1ci pat\u0159\u00ed.<\/p>\n<p><em>Hospod\u00e1\u0159sk\u00e9 noviny, 20. srpna 2010<\/em><\/p>\n","protected":false},"excerpt":{"rendered":"<p>iDnes m\u011b umluvila, abych k\u00a0nim psal sv\u016fj blog, \u017ee tam lze ps\u00e1t lehce o v\u0161em mo\u017en\u00e9m. Pochopil jsem, \u017ee to je jin\u00fd \u017e\u00e1nr ne\u017e novinov\u00fd \u010dl\u00e1nek, a tak tam ob\u010das nap\u00ed\u0161u n\u011bco o sv\u00fdch cest\u00e1ch, o piv\u011b, o m\u00e9di\u00edch. Asi jsem to pochopil \u0161patn\u011b.<\/p>\n","protected":false},"author":1,"featured_media":0,"comment_status":"open","ping_status":"open","sticky":false,"template":"","format":"standard","meta":{"ngg_post_thumbnail":0,"footnotes":""},"categories":[1],"tags":[],"class_list":["post-517","post","type-post","status-publish","format-standard","hentry","category-publikovane-clanky"],"_links":{"self":[{"href":"https:\/\/www.ladislavjakl.cz\/index.php?rest_route=\/wp\/v2\/posts\/517","targetHints":{"allow":["GET"]}}],"collection":[{"href":"https:\/\/www.ladislavjakl.cz\/index.php?rest_route=\/wp\/v2\/posts"}],"about":[{"href":"https:\/\/www.ladislavjakl.cz\/index.php?rest_route=\/wp\/v2\/types\/post"}],"author":[{"embeddable":true,"href":"https:\/\/www.ladislavjakl.cz\/index.php?rest_route=\/wp\/v2\/users\/1"}],"replies":[{"embeddable":true,"href":"https:\/\/www.ladislavjakl.cz\/index.php?rest_route=%2Fwp%2Fv2%2Fcomments&post=517"}],"version-history":[{"count":2,"href":"https:\/\/www.ladislavjakl.cz\/index.php?rest_route=\/wp\/v2\/posts\/517\/revisions"}],"predecessor-version":[{"id":519,"href":"https:\/\/www.ladislavjakl.cz\/index.php?rest_route=\/wp\/v2\/posts\/517\/revisions\/519"}],"wp:attachment":[{"href":"https:\/\/www.ladislavjakl.cz\/index.php?rest_route=%2Fwp%2Fv2%2Fmedia&parent=517"}],"wp:term":[{"taxonomy":"category","embeddable":true,"href":"https:\/\/www.ladislavjakl.cz\/index.php?rest_route=%2Fwp%2Fv2%2Fcategories&post=517"},{"taxonomy":"post_tag","embeddable":true,"href":"https:\/\/www.ladislavjakl.cz\/index.php?rest_route=%2Fwp%2Fv2%2Ftags&post=517"}],"curies":[{"name":"wp","href":"https:\/\/api.w.org\/{rel}","templated":true}]}}