{"id":520,"date":"2010-08-30T13:06:55","date_gmt":"2010-08-30T12:06:55","guid":{"rendered":"http:\/\/www.ladislavjakl.cz\/?p=520"},"modified":"2010-08-30T13:07:19","modified_gmt":"2010-08-30T12:07:19","slug":"spatny-gynekolog-to-je-pro-jakla-radim-uzel","status":"publish","type":"post","link":"https:\/\/www.ladislavjakl.cz\/?p=520","title":{"rendered":"\u0160patn\u00fd gynekolog. To je pro Jakla Radim Uzel"},"content":{"rendered":"<p><span>25.8.2010 20:07<\/span> &#8211; <strong>Tajemn\u00edk  prezidenta republiky Ladislav Jakl se na sv\u00e9 blogu je\u0161t\u011b vr\u00e1til k  \u010dl\u00e1nku Ond\u0159eje \u0160\u0165astn\u00e9ho z MF Dnes \u201eKlausovi mu\u017ei, co v\u011bd\u00ed \u00fapln\u011b  v\u0161echno\u201c, kde redaktor kritizuje Ladislava Jakla a vicekancl\u00e9\u0159e Petra  H\u00e1jka. Tentokr\u00e1t se Jakl zam\u011b\u0159il na ot\u00e1zku sexu\u00e1ln\u00ed v\u00fdchovy a zm\u00ednil se  zde i o sv\u00e9 osobn\u00ed neblah\u00e9 zku\u0161enosti s jedn\u00edm z autor\u016f p\u0159\u00edru\u010dky Radimem  Uzlem, kter\u00fd pr\u00fd de facto zp\u016fsobil, \u017ee Jaklova b\u00fdval\u00e1 \u017eena byla po  z\u00e1kroku neplodn\u00e1. <\/strong><\/p>\n<p><strong><!--more--><br \/>\n<\/strong><\/p>\n<p>\u201eUboh\u00fd Ond\u0159ej \u0160\u0165astn\u00fd byl redakc\u00ed MF Dnes pov\u011b\u0159en  naps\u00e1n\u00edm \u010dl\u00e1nku, kter\u00fd by co nejv\u00edc pozur\u00e1\u017eel a zesm\u011b\u0161nil prezidenta  republiky, t\u0159eba prost\u0159ednictv\u00edm jeho nejbli\u017e\u0161\u00edch spolupracovn\u00edk\u016f. Petra  H\u00e1jka a mne,&#8220; napsal Jakl.<\/p>\n<p><strong><span style=\"text-decoration: underline;\">K t\u00e9matu:<\/span><\/strong><br \/>\n<a title=\"Jakl: M\u00e9dia m\u011b a prezidentovo okol\u00ed lyn\u010duj\u00ed za na\u0161e n\u00e1zory\" href=\"http:\/\/www.parlamentnilisty.cz\/parlament\/172901.aspx\"><strong><span style=\"color: #993300;\">Jakl: M\u00e9dia m\u011b a prezidentovo okol\u00ed lyn\u010duj\u00ed za na\u0161e n\u00e1zory<\/span><\/strong><\/a><\/p>\n<p><strong>Sexu\u00e1ln\u00ed p\u0159\u00edru\u010dka<\/strong><\/p>\n<p><strong><\/strong>Na Petra H\u00e1jka si \u0160\u0165astn\u00fd vy\u0161l\u00e1pl kv\u016fli tomu, \u017ee si H\u00e1jek  dovolil zpochybnit podle Jakla velmi spornou, sv\u00fdm pojet\u00edm v\u00fdst\u0159edn\u00ed a  pro mnoh\u00e9 rodi\u010de zcela nemor\u00e1ln\u00ed a nep\u0159ijatelnou p\u0159\u00edru\u010dku ministerstva  \u0161kolstv\u00ed, doporu\u010duj\u00edc\u00ed u\u010ditel\u016fm, jak maj\u00ed d\u011btem vykl\u00e1dat o soulo\u017ei.<\/p>\n<p>Na tuto p\u0159\u00edru\u010dku i na samu v\u00fdchovu ve v\u011bcech sexu existuj\u00ed podle Jakla  velmi rozd\u00edln\u00e9 n\u00e1zory. Pro mnoh\u00e9 jde o pokrok k otev\u0159enosti, pro jin\u00e9 o  nep\u0159ijateln\u00e9 zasahov\u00e1n\u00ed do pr\u00e1v rodiny, rodi\u010d\u016f a o degradaci sexu na  z\u00e1bavn\u00fd t\u011blocvik.<\/p>\n<p><strong><span style=\"text-decoration: underline;\">V\u00edce v \u010dl\u00e1nku:<\/span><\/strong><br \/>\n<a href=\"http:\/\/www.parlamentnilisty.cz\/arena\/monitor\/172525.aspx\"><span style=\"color: #993300;\"><strong>Prezidentovi mu\u017e\u00ed \u00fato\u010d\u00ed. Epopej je k\u00fd\u010d a zama\u0161t\u011bn\u00ed pt\u00e1ci se t\u011b\u017eko hledaj\u00ed<\/strong><\/span><\/a><\/p>\n<p><strong>Oby\u010dejn\u00ed lid\u00e9 nesm\u00ed m\u00edt n\u00e1zor?<\/strong><\/p>\n<p>\u201eNa toto t\u00e9ma se vyjad\u0159uj\u00ed m\u00e1my a t\u00e1tov\u00e9, pedagogov\u00e9, aktivist\u00e9 r\u016fzn\u00fdch  n\u00e1zor\u016f, novin\u00e1\u0159i, politici. Jde p\u0159ece nepochybn\u011b o v\u00e1\u017en\u00e9 ve\u0159ejn\u00e9 t\u00e9ma.  T\u0159eba j\u00e1 si mysl\u00edm, \u017ee st\u00e1t m\u00e1 b\u00fdt nanejv\u00fd\u0161 opatrn\u00fd p\u0159i kroc\u00edch, kter\u00e9  by mohly v\u00e9st k dojmu, \u017ee to on je jak\u00fdmsi velk\u00fdm rodi\u010dem, jemu\u017e v\u0161echny  d\u011bti pat\u0159\u00ed a kter\u00fdm on m\u00e1 v\u0161t\u011bpovat jist\u00e9 hodnotov\u00e9 vzorce i proti v\u016fli  rodiny,&#8220; uvedl Jakl.<\/p>\n<p>Jaklovi vad\u00ed, \u017ee \u0160\u0165astn\u00fd zesm\u011b\u0161\u0148uje H\u00e1jka ne pro jeho n\u00e1zor, ale pro s\u00e1m  fakt, \u017ee si Petr H\u00e1jek v\u016fbec dovolil na toto t\u00e9ma ve\u0159ejn\u011b promluvit a  \u017ee pr\u00fd si t\u00edm pan H\u00e1jek p\u0159isuzuje roli odborn\u00edka na sexu\u00e1ln\u00ed v\u00fdchovu.<\/p>\n<p><strong>Kdo je odborn\u00edkem?<\/strong><\/p>\n<p>\u201ePodle \u0160\u0165astn\u00e9ho tedy na toto t\u00e9ma sm\u011bj\u00ed ve\u0159ejn\u011b mluvit pouze \u00b4odborn\u00edci  na sexu\u00e1ln\u00ed v\u00fdchovu\u00b4. A pokud promluv\u00ed kdokoli jin\u00fd, pak si na takov\u00e9ho  odborn\u00edka hraje a zaslou\u017e\u00ed posm\u011bch. Dobr\u00e1. A koho \u017ee tedy s\u00e1m \u0160\u0165astn\u00fd  za takov\u00e9ho odborn\u00edka pova\u017euje? Radima Uzla. Toho toti\u017e \u0160\u0165astn\u00fd nech\u00e1v\u00e1  komentovat H\u00e1jkova slova. A do\u010dkal se o\u010dek\u00e1vateln\u00e9 Uzlovy reakce:  \u00b4rozumn\u00fd \u010dlov\u011bk se takhle nem\u016f\u017ee vyjad\u0159ovat.\u00b4 Vida. Tak pan Uzel je tou  autoritou, kter\u00e1 se podle \u0160\u0165astn\u00e9ho sm\u00ed vyslovit nejen k tomu, kdo je  rozumn\u00fd \u010dlov\u011bk, ale hlavn\u011b k t\u00e9matu sexu\u00e1ln\u00ed v\u00fdchovy na \u0161kol\u00e1ch,&#8220; napsal  Jakl.<\/p>\n<p>Jakl se pt\u00e1, co podle \u0160\u0165astn\u00e9ho zrovna Uzla kvalifikuje k takov\u00e9mu  t\u00e9matu. \u201eJe snad Uzel d\u011btsk\u00fd psycholog? Pedagog? Pedagogick\u00fd metodik  nebo teoretik? Nikoli. Podle \u0160\u0165astn\u00e9ho je Uzel kvalifikov\u00e1n ve v\u011bci  v\u00fdchovy d\u011bt\u00ed t\u00edm, \u017ee je to sexuolog. Zaj\u00edmav\u00e9. Na\u0161e d\u011bti tedy maj\u00ed u\u010dit  sexuologov\u00e9,&#8220; uvedl Jakl.<\/p>\n<p><strong>Uzel nen\u00ed sexuolog <\/strong><\/p>\n<p>\u201eJen\u017ee on pan Uzel nen\u00ed ani sexuolog. Je to gynekolog, sexuologem se jen  nech\u00e1v\u00e1 titulovat, proto\u017ee slovo \u201esex&#8220; v n\u00e1zvu profese se l\u00e9pe vyj\u00edm\u00e1 v  jeho roli televizn\u00edho bavi\u010de v po\u0159adech s lechtiv\u00fdmi t\u00e9maty a postavy  televizn\u00edch reklam na prost\u0159edky pro mu\u017eskou potenci,&#8220; napsal o Uzlovi  Jakl.<\/p>\n<p>Jakl pak uv\u00e1d\u00ed vlastn\u00ed zku\u0161enost s l\u00e9ka\u0159skou prax\u00ed Radima Uzla. \u201eNev\u00edm,  jak Uzel je\u0161t\u011b dnes krom\u011b estr\u00e1d st\u00edh\u00e1 profesi gynekologa, ale v\u00edm, jak  ji st\u00edhal kdysi d\u00e1vno. Gynekolog \u010dasto \u0159e\u0161\u00ed v\u00e1\u017en\u00e9 zdravotn\u00ed probl\u00e9my a  stoj\u00ed i p\u0159ed slo\u017eit\u00fdmi dilematy. Nap\u0159\u00edklad jestli radik\u00e1ln\u011b zbavit \u017eenu  n\u011bkter\u00fdch gynekologick\u00fdch pot\u00ed\u017e\u00ed i za cenu, \u017ee u\u017e nikdy nebude m\u00edt d\u011bti,  nebo jestli je mate\u0159stv\u00ed takovou hodnotou, \u017ee stoj\u00ed za to d\u00e1l zkou\u0161et  l\u00e9\u010dbu konzervativn\u011bji. N\u011bkdy u takov\u00fdch dilemat nevysta\u010d\u00ed jen kasuistiky  v l\u00e9ka\u0159sk\u00fdch \u010dasopisech, n\u011bkdy je zapot\u0159eb\u00ed i \u017eivotn\u00ed ukotven\u00ed,&#8220; uvedl  Jakl.<\/p>\n<p><strong>Zku\u0161enost s Uzlem<\/strong><\/p>\n<p>Zrovna p\u0159ed takov\u00fdm dilematem st\u00e1l v Podolsk\u00e9 porodnici jednoho dne p\u0159ed  21 lety i gynekolog Uzel. \u201eRozhodl se pro \u0159e\u0161en\u00ed prvn\u00ed a zat\u00edmco  operovan\u00e1 \u017eena teprve p\u0159ich\u00e1zela k sob\u011b, pozval si do kancel\u00e1\u0159e jej\u00edho  man\u017eela. Tam mu ozn\u00e1mil, \u017ee d\u00edt\u011b u\u017e nebude. Aby str\u00e1ven\u00ed t\u00e9to noviny  zdrcen\u00e9mu man\u017eelovi trochu uleh\u010dil, d\u016fv\u011brn\u011b se k n\u011bmu naklonil a \u0159ekl  mi: ale ono to bude m\u00edt i sv\u00e9 v\u00fdhody. T\u0159eba, \u017ee u\u017e nebude menstruovat, a  to pro chlapa taky nen\u00ed k zahozen\u00ed, \u017ee, a spiklenecky zamrkal,&#8220; ukon\u010dil  svou v\u00fdpov\u011b\u010f Jakl.<\/p>\n<p>Reakce po\u017e\u00e1dala o vyj\u00e1d\u0159en\u00ed i Radima Uzla. \u201eTak co bylo p\u0159ed  jednadvaceti lety, tak to u\u017e si fakt nepamatuji. Pokud chce na m\u011b n\u011bkdo  podat n\u011bjakou st\u00ed\u017enost, tak a\u0165 to u\u010din\u00ed \u00fa\u0159edn\u00edm zp\u016fsobem. V\u00edce k tomu  nem\u00e1m co \u0159\u00edct,&#8220; \u0159ekl Parlamentn\u00edmList\u016fm.cz Uzel.<\/p>\n<p><strong>Odp\u016frci sexu\u00e1ln\u00ed v\u00fdchovy jsou dle Uzla tm\u00e1\u0159i <\/strong><\/p>\n<p>Sexu\u00e1ln\u00ed v\u00fdchova je podle Radima Uzla jedinou cestou, jak d\u011bti uchr\u00e1nit  od pohlavn\u00edch chorob a p\u0159ed\u010dasn\u00e9ho ot\u011bhotn\u011bn\u00ed. L\u00e9ka\u0159 prohl\u00e1sil, \u017ee  n\u00e1zory kritik\u016f p\u0159\u00edru\u010dky o sexu, pat\u0159\u00ed do st\u0159edov\u011bku.<\/p>\n<p>\u201eV\u016fbec m\u011b nep\u0159ekvapuje, \u017ee se objevily hlasy bou\u0159\u00edc\u00ed proti t\u00e9to sexu\u00e1ln\u00ed  p\u0159\u00edru\u010dce. Tm\u00e1\u0159i a zabedn\u011bnci toti\u017e \u017eij\u00ed v ka\u017ed\u00e9 dob\u011b a sv\u011bt s nimi  bojuje u\u017e stovky let. Jsem p\u0159esv\u011bd\u010den o tom, \u017ee tito lid\u00e9 zm\u00edn\u011bnou  p\u0159\u00edru\u010dku nikdy nedr\u017eeli v ruce. Jde o jedince, kte\u0159\u00ed kdy\u017e usly\u0161\u00ed slovo  sex, tak dost\u00e1vaj\u00ed kop\u0159ivku,&#8220; \u0159ekl Uzel v rozhovoru pro Prvnizpravy.cz.<\/p>\n<p><a href=\"http:\/\/www.parlamentnilisty.cz\/exkluzivne\/173426.aspx\" target=\"_blank\">ZDROJ<\/a><\/p>\n","protected":false},"excerpt":{"rendered":"<p>25.8.2010 20:07 &#8211; Tajemn\u00edk prezidenta republiky Ladislav Jakl se na sv\u00e9 blogu je\u0161t\u011b vr\u00e1til k \u010dl\u00e1nku Ond\u0159eje \u0160\u0165astn\u00e9ho z MF Dnes \u201eKlausovi mu\u017ei, co v\u011bd\u00ed \u00fapln\u011b v\u0161echno\u201c, kde redaktor kritizuje Ladislava Jakla a vicekancl\u00e9\u0159e Petra H\u00e1jka. Tentokr\u00e1t se Jakl zam\u011b\u0159il na ot\u00e1zku sexu\u00e1ln\u00ed v\u00fdchovy a zm\u00ednil se zde i o sv\u00e9 osobn\u00ed neblah\u00e9 zku\u0161enosti s [&hellip;]<\/p>\n","protected":false},"author":1,"featured_media":0,"comment_status":"open","ping_status":"open","sticky":false,"template":"","format":"standard","meta":{"ngg_post_thumbnail":0,"footnotes":""},"categories":[11],"tags":[],"class_list":["post-520","post","type-post","status-publish","format-standard","hentry","category-ozvena"],"_links":{"self":[{"href":"https:\/\/www.ladislavjakl.cz\/index.php?rest_route=\/wp\/v2\/posts\/520","targetHints":{"allow":["GET"]}}],"collection":[{"href":"https:\/\/www.ladislavjakl.cz\/index.php?rest_route=\/wp\/v2\/posts"}],"about":[{"href":"https:\/\/www.ladislavjakl.cz\/index.php?rest_route=\/wp\/v2\/types\/post"}],"author":[{"embeddable":true,"href":"https:\/\/www.ladislavjakl.cz\/index.php?rest_route=\/wp\/v2\/users\/1"}],"replies":[{"embeddable":true,"href":"https:\/\/www.ladislavjakl.cz\/index.php?rest_route=%2Fwp%2Fv2%2Fcomments&post=520"}],"version-history":[{"count":2,"href":"https:\/\/www.ladislavjakl.cz\/index.php?rest_route=\/wp\/v2\/posts\/520\/revisions"}],"predecessor-version":[{"id":522,"href":"https:\/\/www.ladislavjakl.cz\/index.php?rest_route=\/wp\/v2\/posts\/520\/revisions\/522"}],"wp:attachment":[{"href":"https:\/\/www.ladislavjakl.cz\/index.php?rest_route=%2Fwp%2Fv2%2Fmedia&parent=520"}],"wp:term":[{"taxonomy":"category","embeddable":true,"href":"https:\/\/www.ladislavjakl.cz\/index.php?rest_route=%2Fwp%2Fv2%2Fcategories&post=520"},{"taxonomy":"post_tag","embeddable":true,"href":"https:\/\/www.ladislavjakl.cz\/index.php?rest_route=%2Fwp%2Fv2%2Ftags&post=520"}],"curies":[{"name":"wp","href":"https:\/\/api.w.org\/{rel}","templated":true}]}}