{"id":5201,"date":"2014-11-10T08:46:50","date_gmt":"2014-11-10T07:46:50","guid":{"rendered":"http:\/\/www.ladislavjakl.cz\/?p=5201"},"modified":"2014-11-10T08:46:50","modified_gmt":"2014-11-10T07:46:50","slug":"vnimejme-media-pozorneji-nic-v-nich-neni-samozrejme-2","status":"publish","type":"post","link":"https:\/\/www.ladislavjakl.cz\/?p=5201","title":{"rendered":"Vn\u00edmejme m\u00e9dia pozorn\u011bji. Nic v nich nen\u00ed samoz\u0159ejm\u00e9."},"content":{"rendered":"<p>Nejprve mus\u00edm pod\u011bkovat Petru \u017dantovsk\u00e9mu za jeho knihu (\u010cesk\u00e1 politika a m\u00e9dia po roce 1989, IVK, Praha, 2013), kter\u00e1 se stala i podn\u011btem k\u00a0uspo\u0159\u00e1d\u00e1n\u00ed tohoto semin\u00e1\u0159e. Rozhodn\u011b si ji p\u0159e\u010dt\u011bte a doporu\u010dujte ve sv\u00e9m okruhu ke \u010dten\u00ed. I j\u00e1 ji budu doporu\u010dovat.<\/p>\n<p><!--more--><\/p>\n<p>A nenechte se p\u0159i \u010dten\u00ed odradit prvn\u00edmi \u010dty\u0159iceti str\u00e1nkami. P\u0159esko\u010dit je doporu\u010doval i V\u00e1clav Klaus p\u0159ed t\u0159emi dny p\u0159i uveden\u00ed t\u00e9to knihy na trh, proto\u017ee se ob\u00e1v\u00e1, \u017ee jsou m\u00e1lo z\u00e1\u017eivn\u00e9 a mohly by \u010dten\u00e1\u0159e odradit od n\u00e1sleduj\u00edc\u00edho, velmi z\u00e1sadn\u00edho textu.<\/p>\n<p>M\u00e9 v\u00fdhrady jsou ale trochu jin\u00e9. Pova\u017euji \u00favod t\u00e9to knihy trochu za \u00falitbu Petra \u017dantovsk\u00e9ho t\u00e9 skupin\u011b zvl\u00e1\u0161tn\u00edch \u017eivo\u010dich\u016f, kte\u0159\u00ed se naz\u00fdvaj\u00ed \u201emedi\u00e1ln\u00ed odborn\u00edci\u201c. Aby mohl \u017dantovsk\u00fd \u0161\u00ed\u0159it sv\u00e9 n\u00e1zory o medi\u00e1ln\u00edm sv\u011bt\u011b v\u00a0akademick\u00e9m prost\u0159ed\u00ed, pot\u0159ebuje, aby ho tak trochu po\u010d\u00edtali mezi sebe. Jen\u017ee aby to ud\u011blali, mus\u00ed se jim ka\u017ed\u00fd adept na \u010dlenstv\u00ed v\u00a0\u201eklubu\u201c p\u0159edv\u00e9st t\u00edm, \u017ee p\u0159ij\u00edm\u00e1 jejich slovn\u00edk, jejich metodick\u00fd p\u0159\u00edstup. Ten ale spo\u010d\u00edv\u00e1 v\u00a0p\u0159esv\u011bd\u010den\u00ed, \u017ee sv\u011bt m\u00e9di\u00ed je cosi zcela jin\u00e9ho ne\u017e ostatn\u00ed obory lidsk\u00e9 \u010dinnosti a \u017ee v\u00a0n\u011bm neplat\u00ed obecn\u00e1 pravidla platn\u00e1 pro v\u0161echny oblasti, ale jak\u00e1si pravidla speci\u00e1ln\u00ed. Tento p\u0159\u00edstup v\u0161ak jednak br\u00e1n\u00ed pochopit n\u011bkter\u00e9 procesy v\u00a0m\u00e9di\u00edch, jednak d\u00e1v\u00e1 zbra\u0148 do ruky t\u011bm, kdo z\u00a0\u00fadajn\u00e9 v\u00fdjime\u010dnosti medi\u00e1ln\u00edho sv\u011bta vyvozuj\u00ed bu\u010f po\u017eadavek na privilegia pro m\u00e9dia, nebo naopak speci\u00e1ln\u00ed regulace pro m\u00e9dia. Zaj\u00edmav\u00e9 je, \u017ee oba protich\u016fdn\u00e9 po\u017eadavky \u010dasto sl\u00fdch\u00e1me ze stejn\u00fdch \u00fast, ani\u017e by to majitel\u016fm t\u011bchto \u00fast bylo divn\u00e9. Privilegia i regulace jsou \u0161patn\u011b, proto se d\u00edvejme na m\u00e9dia pokud mo\u017eno standardn\u00edmi metodami zkoum\u00e1n\u00ed.<\/p>\n<p>Toto v\u0161e ale nijak neumen\u0161uje z\u00e1sadn\u00ed p\u0159\u00ednos n\u00e1sleduj\u00edc\u00edho obsahu \u017dantovsk\u00e9ho knihy. \u00a0Autor n\u00e1s v\u00a0n\u011bm prov\u00e1z\u00ed posledn\u00edmi 24 lety na\u0161\u00ed demokracie a nab\u00edz\u00ed sv\u00e9 vlastn\u00ed, od medi\u00e1ln\u00edho a spole\u010densk\u00e9ho mainstreamu zcela odli\u0161n\u00e9 interpretace d\u011bj\u016f, kter\u00e9 si mnoz\u00ed z\u00a0n\u00e1s dob\u0159e pamatujeme, vzpom\u00ednky na n\u011b ale \u010dasto filtrujeme pr\u00e1v\u011b p\u0159es dodate\u010dn\u011b podsunut\u00e9 interpretace, je\u017e se tv\u00e1\u0159\u00ed jako samoz\u0159ejm\u00e9 a jedin\u00e9 mo\u017en\u00e9.<\/p>\n<p>\u017dantovsk\u00fd n\u00e1m \u0159\u00edk\u00e1 \u2013 a to pova\u017euji za hlavn\u00ed p\u0159\u00ednos knihy \u2013 \u017ee samoz\u0159ejm\u00e9 v\u016fbec nejsou, \u017ee jsou naopak \u00fa\u010delov\u011b zmanipulovan\u00e9 a \u017ee navzdory tomu, \u017ee se tv\u00e1\u0159\u00ed jako deskriptivn\u00ed popis ud\u00e1lost\u00ed, jde o typick\u00e9 normativn\u00ed konstrukce, nav\u00edc zpravidla pouze z\u00a0jednoho \u00fahlu pohledu. A pr\u00e1v\u011b o t\u00e9 nesamoz\u0159ejmosti dnes budu hovo\u0159it.<\/p>\n<p>Tento semin\u00e1\u0159 si jako sv\u00e9 t\u00e9ma zvolil ot\u00e1zku, zda m\u00e9dia u n\u00e1s ji\u017e zcela nahradila politiku. C\u00edt\u00edm za povinnost na tuto ot\u00e1zku opov\u011bd\u011bt a tedy odpov\u00edd\u00e1m, \u017ee nenahradila. A t\u00edm bych mohl skon\u010dit a d\u00e1t prostor ostatn\u00edm \u0159e\u010dn\u00edk\u016fm. Mediokracie podle m\u00e9ho n\u00e1zoru opravdu m\u00e9dia ani politiku nenahradila. V\u00a0p\u0159\u00edsn\u00e9m ch\u00e1p\u00e1n\u00ed toho slova mediokracie ve skute\u010dnosti toti\u017e ani neexistuje. O skute\u010dnou mediokracii by \u0161lo, kdyby n\u00e1m vl\u00e1dli medi\u00e1ln\u00ed podnikatel\u00e9. A to pravda (zat\u00edm) nen\u00ed. M\u00e9dia nevl\u00e1dnou, jsou v\u017edy jen n\u00e1strojem z\u00e1jmov\u00fdch skupin.<\/p>\n<p>Pokud ale vezmeme obrat \u201em\u00e9diokracie\u201c na milost a budeme j\u00edm ozna\u010dovat jev, kdy je z\u00a0m\u00e9di\u00ed vytla\u010dov\u00e1n ve\u0161ker\u00fd prostor pro informaci a polemiku a je nahrazen pouze \u00fa\u010delov\u00fdmi obsahy a kampan\u011bmi, a jev, kdy sout\u011b\u017e o moc se ji\u017e neodehr\u00e1v\u00e1 prim\u00e1rn\u011b na p\u016fd\u011b \u00fastavn\u00edch a politick\u00fdch instituc\u00ed ale pr\u00e1v\u011b v m\u00e9di\u00edch, pak m\u00e1 odpov\u011b\u010f na ot\u00e1zku dne\u0161n\u00edho semin\u00e1\u0159e mus\u00ed b\u00fdt kladn\u00e1. Ano, v\u00a0tomto sv\u011bt\u011b ji\u017e \u017eijeme.<\/p>\n<p>Sledov\u00e1n\u00ed jin\u00e9ho c\u00edle, ne\u017e je zisk m\u00e9dium, samotn\u00e9 ohro\u017euje.\u00a0 Hlad\u00ed recipienta proti srsti, efektivn\u011bj\u0161\u00ed je hladit ho po srsti. Pokud manipulativn\u00ed p\u016fsoben\u00ed m\u00e9dia p\u0159es\u00e1hne jistou mez citlivosti, oslabuje se jeho efektivnost v\u00a0p\u016fvodn\u00edm smyslu: vyd\u011bl\u00e1vat pen\u00edze inzerc\u00ed a prodejem v\u00fdtisk\u016f \u010di sledovanost\u00ed a poslechovost\u00ed. Poslucha\u010d, \u010dten\u00e1\u0159 i div\u00e1k nem\u00e1 hlazen\u00ed proti srsti r\u00e1d a reaguje t\u00edm, \u017ee vnucovan\u00e9 obsahy ji\u017e nebere v\u00e1\u017en\u011b (\u010d\u00edm\u017e se oslabuje jejich efekt), nebo se od nich dokonce odvrac\u00ed. Proto b\u00fdv\u00e1 nejkorektn\u011bj\u0161\u00ed bulv\u00e1r, kter\u00fd sleduje prvopl\u00e1nov\u00fd zisk. Tzv. seri\u00f3zn\u00ed m\u00e9dia v\u017edy maj\u00ed ambici vychov\u00e1vat, tvo\u0159it, manipulovat. T\u00edm ale prvopl\u00e1nov\u00fd zisk kles\u00e1 a n\u011bkdo ten rozd\u00edl mus\u00ed zaplatit. Pokud m\u00e1 ale ten \u201en\u011bkdo\u201c pocit, \u017ee to je dobr\u00e1 investice, kter\u00e1 se vr\u00e1t\u00ed jin\u00fdm zp\u016fsobem (t\u0159eba kapitalizac\u00ed moci, z\u00edskan\u00e9 d\u00edky medi\u00e1ln\u00edmu vlivu), r\u00e1d takovou ztr\u00e1tu unese. Jedin\u00e1 \u00fat\u011bcha spo\u010d\u00edv\u00e1 v\u00a0tom, \u017ee tuto metodu nelze uplat\u0148ovat trvale, proto\u017ee jde na \u00fakor p\u0159e\u017eit\u00ed doty\u010dn\u00e9ho m\u00e9dia a m\u00e9dium to nakonec zni\u010d\u00ed. T\u00edm se eventu\u00e1ln\u011b vytvo\u0159\u00ed prostor pro nov\u00e9.<\/p>\n<p>Av\u00edzoval jsem v\u00a0\u00favodu, \u017ee budu mluvit o \u201enesamoz\u0159ejmosti\u201c medi\u00e1ln\u00edch obsah\u016f, kter\u00e9 na n\u00e1s odev\u0161ad p\u016fsob\u00ed. Ano, tyto obsahy samoz\u0159ejm\u00e9 nejsou, i kdy\u017e jsou tak ve\u0159ejnost\u00ed bohu\u017eel \u010dasto vn\u00edm\u00e1ny. Nejz\u00e1sadn\u011bj\u0161\u00edm n\u00e1strojem m\u00e9di\u00ed k\u00a0p\u0159etv\u00e1\u0159en\u00ed ve\u0159ejn\u00e9ho m\u00edn\u011bn\u00ed je toti\u017e \u201e<strong>nastolov\u00e1n\u00ed agendy<\/strong>\u201c. Manipul\u00e1tor\u016fm d\u00e1vno nejde jen o vnucov\u00e1n\u00ed sv\u00e9 interpretace r\u016fzn\u00fdch d\u011bj\u016f, o manipulaci nap\u0159\u00edklad formou vsouv\u00e1n\u00ed normativn\u00edch postoj\u016f do zd\u00e1nliv\u011b deskriptivn\u00edch \u017e\u00e1nr\u016f. Jde jim o samu selekci t\u00e9mat, kter\u00fdmi bude \u017e\u00edt ve\u0159ejn\u00e1 diskuse. O selekci a dosazov\u00e1n\u00ed.<\/p>\n<p>Nejzjevn\u011bji praxi nastolov\u00e1n\u00ed agendy prov\u00e1d\u00ed V\u00e1clav Moravec, kdy\u017e za\u010d\u00edn\u00e1 sv\u016fj po\u0159ad natvrdo: o jak\u00fdch t\u00e9matech se po tomto po\u0159adu bude mluvit? J\u00e1 v\u00e1m ur\u010d\u00edm nejen to, <strong>jak<\/strong> n\u011bkter\u00e9 v\u011bci m\u00e1te vid\u011bt, ale v\u016fbec u\u017e to, <strong>o \u010dem<\/strong> se budete bavit. Tato praxe je u n\u00e1s jednoduch\u00e1 a levn\u00e1, proto\u017ee m\u00e9dia opisuj\u00ed a nastolen\u00e1 t\u00e9mata slep\u011b p\u0159ej\u00edmaj\u00ed. P\u0159\u00edklady z\u00a0minula: sexu\u00e1ln\u00ed skand\u00e1ly v\u00a0katolick\u00e9 c\u00edrkvi. P\u0159i\u0161li s\u00a0t\u00edm dva redakto\u0159i jedn\u00e9 velk\u00e9 sv\u011btov\u00e9 agentury. Vyt\u00e1hli des\u00edtky let star\u00e9 kauzy a ud\u011blaly z\u00a0nich aktu\u00e1ln\u00ed t\u00e9ma. V\u0161echna m\u00e9dia se toho chopila a vytvo\u0159ila atmosf\u00e9ru dojmu, \u017ee jde opravdu o sou\u010dasn\u00fd probl\u00e9m. A ihned militantn\u011b nastolila ot\u00e1zku: pro\u010d se pape\u017e neomluv\u00ed? Smysl t\u00e9to ot\u00e1zky nen\u00ed v\u00a0tom, pro\u010d se pape\u017e neomluv\u00ed za hrozn\u00e9 h\u0159\u00edchy \u010dlen\u016f sv\u00e9 c\u00edrkve v\u00a0minulosti, ale pro\u010d s\u00a0n\u00e1mi nehraje na\u0161i hru, pro\u010d se neomluv\u00ed zrovna dnes, kdy\u017e my jsme se p\u0159ece rozhodli o tom pr\u00e1v\u011b dnes mluvit.<\/p>\n<p>Nebo kauza ze sou\u010dasnosti: n\u00e1v\u0161t\u011bva jednoho starosty na Severn\u00edm Kypru. Uzav\u0159el tam snad nez\u00e1konn\u011b n\u011bjak\u00e9 z\u00e1vazky? Je dolo\u017eeno, \u017ee se za n\u011bkoho vyd\u00e1val? Je severn\u00ed Kypr pra\u0161iv\u00fd jen proto, \u017ee jeho obyvatele hl\u00edd\u00e1 arm\u00e1da na\u0161eho spojence v\u00a0NATO Turecka? Je tam hor\u0161\u00ed re\u017eim, ne\u017e r\u016fzn\u00fdmi komunisty ovl\u00e1dan\u00fd jih, kter\u00fd jeho vl\u00e1da p\u0159ivedla a\u017e k\u00a0bankrotu? Na to se nikdo neptal. Za v\u0161\u00edm st\u00e1l jeden jedin\u00fd zastupitel m\u011bstsk\u00e9 \u010d\u00e1sti za stanu Zelen\u00fdch, kter\u00fd si cht\u011bl se starostou vy\u0159\u00eddit politick\u00e9 \u00fa\u010dty. A nejv\u011bt\u0161\u00ed m\u00e9dia za\u010dala jeho banalitu hr\u00e1t jako skand\u00e1l stolet\u00ed n\u011bkolik dn\u016f.<\/p>\n<p>Nebo medi\u00e1ln\u00ed \u0161l\u00e1gr t\u011bchto dn\u016f \u201eRusnok a Mandela\u201c. B\u011b\u017en\u00e1 mluva chlap\u016f v\u00a0kamar\u00e1dsk\u00e9m prost\u0159ed\u00ed, pouze odposlechnuta a roz\u0161\u00ed\u0159ena. Obsahov\u011b nic divn\u00e9ho, jen obavy z\u00a0p\u0159edlouh\u00e9 cesty jen kv\u016fli dvouhodinov\u00e9 show. Byl snad jihoafrick\u00fd premi\u00e9r na Havlov\u011b poh\u0159bu? P\u0159esto z\u00a0Rusnokov\u00fdch slov vze\u0161el skand\u00e1l pro \u010desk\u00e9 svatou\u0161ky. \u0158ekl snad, \u017ee Mandela byl celo\u017eivotn\u00ed zap\u00e1len\u00fd komunista a \u017ee jeho strana ANC byla stranou komunist\u016f? Ne. A mohl by. \u0158ekl snad, \u017ee m\u011bl teroristickou minulost? Ne, a mohl by. \u0158ekl snad, \u017ee jeho man\u017eelka Winnie m\u011bla krimin\u00e1ln\u00ed minulost? Ne\u0159ekl, a mohl by. Obsahov\u011b ne\u0159ekl nic hrozn\u00e9ho, tak se ud\u011blal skand\u00e1l z\u00a0jeho famili\u00e1rn\u00ed p\u0159isprostl\u00e9 mluvy.\u00a0 Ale ruku na srdce, mluv\u00ed ti ok\u0159ikova\u010di v\u00a0soukrom\u00ed jinak? I zde \u0161lo od za\u010d\u00e1tku o jeden jedin\u00fd zdroj, n\u00e1sledovala ale st\u00e1dn\u00ed ochota m\u00e9di\u00ed tuto um\u011ble nastolenou agendu uchopit jako hlavn\u00ed ud\u00e1lost.\u00a0 Je t\u0159eba tak\u00e9 p\u0159ipomenout, \u017ee metoda nastolov\u00e1n\u00ed agendy nem\u00e1 smysl pouze v\u00a0tom, \u017ee lidem podstrkuje t\u00e9mata odpov\u00eddaj\u00edc\u00ed z\u00e1jm\u016fm nastolova\u010d\u016f, ale i v\u00a0tom, \u017ee um\u011ble nastolen\u00e1 a ve\u0159ejnosti vnucen\u00e1 t\u00e9mata vytla\u010duj\u00ed t\u00e9mata jin\u00e1, skute\u010dn\u00e1, ale komusi vad\u00edc\u00ed.<\/p>\n<p>Na um\u011ble dosazen\u00e1 t\u00e9mata naskakuj\u00ed i ti auto\u0159i a \u010dten\u00e1\u0159i, kte\u0159\u00ed si o t\u00e9matu jsou schopni ud\u011blat sv\u016fj \u00fasudek, ale tvo\u0159\u00ed ji\u017e ho na p\u016fdoryse, kter\u00fd jim byl podsunut. Mnoho lid\u00e9 v\u010detn\u011b samostatn\u011b p\u016fsob\u00edc\u00edch publicist\u016f chrl\u00ed des\u00edtky text\u016f, o nich\u017e jsou auto\u0159i p\u0159esv\u011bd\u010deni, \u017ee jsou to texty zcela origin\u00e1ln\u00ed a nez\u00e1visl\u00e9. Neuv\u011bdomuj\u00ed si ale, \u017ee jen pln\u00ed \u00fakol napsat slohovou pr\u00e1ci na n\u00e1m\u011bt zadan\u00fd nastolova\u010di agendy. P\u0159ed t\u0159emi lety jsem se \u00fa\u010dastnil televizn\u00ed debaty na t\u00e9ma um\u011bl\u00e9ho nastolov\u00e1n\u00ed agendy. Oponoval mi jeden mana\u017eer \u010cesk\u00e9 televize, \u017ee tu m\u00e1me p\u0159ece internet, blogosf\u00e9ru, nez\u00e1visl\u00e1 m\u00e9dia, a tam lze nastolit t\u00e9ma libovoln\u00e9. Tehdy jsem se k\u00a0reakci u\u017e nedostal, ale ud\u011blal jsem si pot\u00e9 dvakr\u00e1t svou statistiku t\u00e9mat blog\u016f. V\u00a0jednom p\u0159\u00edpad\u011b 60, ve druh\u00e9m dokonce 80 procent \u201enez\u00e1visl\u00fdch\u201c blogger\u016f si zvolilo t\u00e9ma, ur\u010den\u00e9 p\u0159edt\u00edm redakc\u00ed jako jedno z\u00a0hlavn\u00edch. Je potom \u00fapln\u011b lhostejn\u00e9, \u017ee na tato t\u00e9mata maj\u00ed mnoz\u00ed auto\u0159i sv\u016fj vlastn\u00ed n\u00e1zor. U\u017e jen jejich uchopen\u00edm hraj\u00ed ciz\u00ed hru.<\/p>\n<p>Co s\u00a0t\u00edm? Jak se m\u00e1me s\u00a0t\u00edmto fenom\u00e9nem pot\u00fdkat? Jak mu \u010delit? Jako auto\u0159i se nespokojme se zd\u00e1nliv\u011b samoz\u0159ejm\u00fdmi t\u00e9maty a jako \u010dten\u00e1\u0159i je nikdy nepova\u017eujme za samoz\u0159ejm\u00fd prvopl\u00e1nov\u00fd odraz samoz\u0159ejm\u00e9 reality. Hledejme t\u00e9mata v\u00a0samotn\u00e9m \u017eivot\u011b, ne ve v\u010derej\u0161\u00edch novin\u00e1ch. A kdy\u017e u\u017e \u010derp\u00e1me z\u00a0m\u00e9di\u00ed, nach\u00e1zejme v\u00a0nich t\u00e9mata zasunut\u00e1, opomenut\u00e1. A jako \u010dten\u00e1\u0159i (nebo televizn\u00ed div\u00e1ci) se v\u017edy ptejme: pro\u010d mi \u0159\u00edkaj\u00ed zrovna tohle, pro\u010d zrovna takhle, pro\u010d pr\u00e1v\u011b te\u010f? Proto\u017ee nic v\u00a0m\u00e9di\u00edch nen\u00ed samoz\u0159ejm\u00e9, jak n\u00e1m ve sv\u00e9 knize \u0159\u00edk\u00e1 Petr \u017dantovsk\u00fd.<\/p>\n<p><em>(Teze pro vystoupen\u00ed na semin\u00e1\u0159i IVK \u201eNahradila mediokracie ji\u017e zcela m\u00e9dia i politiku?\u201c, Autoklub, 9. 12. 2013. Vy\u0161lo ve sborn\u00edku Mediokracie, vydan\u00e9m sdru\u017een\u00edm Medias res.) <\/em><\/p>\n","protected":false},"excerpt":{"rendered":"<p>Nejprve mus\u00edm pod\u011bkovat Petru \u017dantovsk\u00e9mu za jeho knihu (\u010cesk\u00e1 politika a m\u00e9dia po roce 1989, IVK, Praha, 2013), kter\u00e1 se stala i podn\u011btem k\u00a0uspo\u0159\u00e1d\u00e1n\u00ed tohoto semin\u00e1\u0159e. Rozhodn\u011b si ji p\u0159e\u010dt\u011bte a doporu\u010dujte ve sv\u00e9m okruhu ke \u010dten\u00ed. I j\u00e1 ji budu doporu\u010dovat.<\/p>\n","protected":false},"author":1,"featured_media":0,"comment_status":"open","ping_status":"open","sticky":false,"template":"","format":"standard","meta":{"ngg_post_thumbnail":0,"footnotes":""},"categories":[1],"tags":[],"class_list":["post-5201","post","type-post","status-publish","format-standard","hentry","category-publikovane-clanky"],"_links":{"self":[{"href":"https:\/\/www.ladislavjakl.cz\/index.php?rest_route=\/wp\/v2\/posts\/5201","targetHints":{"allow":["GET"]}}],"collection":[{"href":"https:\/\/www.ladislavjakl.cz\/index.php?rest_route=\/wp\/v2\/posts"}],"about":[{"href":"https:\/\/www.ladislavjakl.cz\/index.php?rest_route=\/wp\/v2\/types\/post"}],"author":[{"embeddable":true,"href":"https:\/\/www.ladislavjakl.cz\/index.php?rest_route=\/wp\/v2\/users\/1"}],"replies":[{"embeddable":true,"href":"https:\/\/www.ladislavjakl.cz\/index.php?rest_route=%2Fwp%2Fv2%2Fcomments&post=5201"}],"version-history":[{"count":2,"href":"https:\/\/www.ladislavjakl.cz\/index.php?rest_route=\/wp\/v2\/posts\/5201\/revisions"}],"predecessor-version":[{"id":5203,"href":"https:\/\/www.ladislavjakl.cz\/index.php?rest_route=\/wp\/v2\/posts\/5201\/revisions\/5203"}],"wp:attachment":[{"href":"https:\/\/www.ladislavjakl.cz\/index.php?rest_route=%2Fwp%2Fv2%2Fmedia&parent=5201"}],"wp:term":[{"taxonomy":"category","embeddable":true,"href":"https:\/\/www.ladislavjakl.cz\/index.php?rest_route=%2Fwp%2Fv2%2Fcategories&post=5201"},{"taxonomy":"post_tag","embeddable":true,"href":"https:\/\/www.ladislavjakl.cz\/index.php?rest_route=%2Fwp%2Fv2%2Ftags&post=5201"}],"curies":[{"name":"wp","href":"https:\/\/api.w.org\/{rel}","templated":true}]}}