{"id":5232,"date":"2014-11-18T13:54:53","date_gmt":"2014-11-18T12:54:53","guid":{"rendered":"http:\/\/www.ladislavjakl.cz\/?p=5232"},"modified":"2014-11-18T13:54:53","modified_gmt":"2014-11-18T12:54:53","slug":"jakl-vyvoj-svobodneho-nestatniho-vysilani-se-zastavil-v-roce-1993","status":"publish","type":"post","link":"https:\/\/www.ladislavjakl.cz\/?p=5232","title":{"rendered":"Jakl: V\u00fdvoj svobodn\u00e9ho nest\u00e1tn\u00edho vys\u00edl\u00e1n\u00ed se zastavil v roce 1993"},"content":{"rendered":"<p>V exkluzivn\u00edm rozhovoru s Ladislavem Jaklem pro Prvnizpravy.cz o polistopadov\u00e9m v\u00fdvoji jsme se dotkli tak\u00e9 jeho postu poslance v \u010cNR a \u0161\u00e9fov\u00e1n\u00ed tehdej\u0161\u00edho  \u00da\u0159adu Rady \u010cR pro rozhlasov\u00e9 a televizn\u00ed vys\u00edl\u00e1n\u00ed.<\/p>\n<p><!--more--><\/p>\n<p>14.listopad 2014 &#8211; 19:04<\/p>\n<p>P\u00e1d komunistick\u00e9ho re\u017eimu jsem o\u010dek\u00e1val, ale takovou rychlost ani n\u00e1hodou. Bylo to v\u0161e jako v hore\u010dn\u00e9m snu. \u010clov\u011bk ty n\u00e1sleduj\u00edc\u00ed dny ani nechodil sp\u00e1t, ud\u00e1losti star\u00e9 p\u00e1r hodin byly hned beznad\u011bjn\u011b zastaral\u00e9, uvedl Ladislav Jakl.<\/p>\n<p>Datum 17. listopad je jen symbol, po n\u011bm hned \u017e\u00e1dn\u00e9 zm\u011bny nenastaly. Ty se prosazovaly a\u017e v dal\u0161\u00edch dnech, t\u00fddnech a m\u011bs\u00edc\u00edch, velk\u00e1 \u010d\u00e1st zem\u011b je\u0161t\u011b koncem listopadu nev\u011bd\u011bla, jak to dopadne.<\/p>\n<p>Ladislav Jakl: Sv\u011bt mus\u00ed b\u00fdt srovn\u00e1n do lat\u011b!<\/p>\n<p>Po roce 1989 jste se stal  poslancem \u010cNR, jak na tu dobu vzpom\u00edn\u00e1te?<\/p>\n<p>Revolu\u010dn\u00ed doba. Tehdy byli mezi poslanci m\u00e1ni\u010dky, herci, muzikanti. Doba se znormalizovala a te\u010f u\u017e tam jsou kari\u00e9rn\u00ed (to nemysl\u00edm zle) politici a hlavn\u011b nositel\u00e9 r\u016fzn\u00fdch z\u00e1jm\u016f.<\/p>\n<p>A co  dal\u0161\u00ed zku\u0161enost: \u0161\u00e9fov\u00e1n\u00ed \u00da\u0159adu Rady \u010cR pro rozhlasov\u00e9 a televizn\u00ed vys\u00edl\u00e1n\u00ed, jak vid\u00edte rozd\u00edl mezi tehdej\u0161\u00ed a nyn\u011bj\u0161\u00ed \u00falohou RRTV, pot\u0159ebujeme  tento regula\u010dn\u00ed \u00fa\u0159ad?<\/p>\n<p>Mysl\u00edm, \u017ee m\u00e1m docela velk\u00fd pod\u00edl na tom, \u017ee se u n\u00e1s v\u016fbec rozvinul sektor svobodn\u00e9ho nest\u00e1tn\u00edho vys\u00edl\u00e1n\u00ed, soukrom\u00fdch r\u00e1di\u00ed a televiz\u00ed. Ale u\u017e n\u011bkdy kolem roku 1993 se v\u00fdvoj zastavil a od t\u00e9 doby p\u0159ib\u00fdv\u00e1 i v tomto oboru jedna regulace za druhou. Ke \u0161kod\u011b medi\u00e1ln\u00edho podnik\u00e1n\u00ed i n\u00e1s poslucha\u010d\u016f a div\u00e1k\u016f. Je jedno, jestli ten \u00fa\u0159ad bude nebo nebude existovat. D\u016fle\u017eit\u011bj\u0161\u00ed je, jestli medi\u00e1ln\u00ed z\u00e1kony budou \u0161rouby d\u00e1l utahovat nebo sp\u00ed\u0161 povolovat.<\/p>\n<p><a href=\"http:\/\/www.prvnizpravy.cz\/zpravy\/zpravy\/jakl-vyvoj-svobodneho-nestatniho-vysilani-se-zastavil-v-roce-1993\/\" target=\"_blank\">Zdroj<\/a><\/p>\n","protected":false},"excerpt":{"rendered":"<p>V exkluzivn\u00edm rozhovoru s Ladislavem Jaklem pro Prvnizpravy.cz o polistopadov\u00e9m v\u00fdvoji jsme se dotkli tak\u00e9 jeho postu poslance v \u010cNR a \u0161\u00e9fov\u00e1n\u00ed tehdej\u0161\u00edho \u00da\u0159adu Rady \u010cR pro rozhlasov\u00e9 a televizn\u00ed vys\u00edl\u00e1n\u00ed.<\/p>\n","protected":false},"author":1,"featured_media":0,"comment_status":"open","ping_status":"open","sticky":false,"template":"","format":"standard","meta":{"ngg_post_thumbnail":0,"footnotes":""},"categories":[13],"tags":[],"class_list":["post-5232","post","type-post","status-publish","format-standard","hentry","category-rozhovory"],"_links":{"self":[{"href":"https:\/\/www.ladislavjakl.cz\/index.php?rest_route=\/wp\/v2\/posts\/5232","targetHints":{"allow":["GET"]}}],"collection":[{"href":"https:\/\/www.ladislavjakl.cz\/index.php?rest_route=\/wp\/v2\/posts"}],"about":[{"href":"https:\/\/www.ladislavjakl.cz\/index.php?rest_route=\/wp\/v2\/types\/post"}],"author":[{"embeddable":true,"href":"https:\/\/www.ladislavjakl.cz\/index.php?rest_route=\/wp\/v2\/users\/1"}],"replies":[{"embeddable":true,"href":"https:\/\/www.ladislavjakl.cz\/index.php?rest_route=%2Fwp%2Fv2%2Fcomments&post=5232"}],"version-history":[{"count":1,"href":"https:\/\/www.ladislavjakl.cz\/index.php?rest_route=\/wp\/v2\/posts\/5232\/revisions"}],"predecessor-version":[{"id":5233,"href":"https:\/\/www.ladislavjakl.cz\/index.php?rest_route=\/wp\/v2\/posts\/5232\/revisions\/5233"}],"wp:attachment":[{"href":"https:\/\/www.ladislavjakl.cz\/index.php?rest_route=%2Fwp%2Fv2%2Fmedia&parent=5232"}],"wp:term":[{"taxonomy":"category","embeddable":true,"href":"https:\/\/www.ladislavjakl.cz\/index.php?rest_route=%2Fwp%2Fv2%2Fcategories&post=5232"},{"taxonomy":"post_tag","embeddable":true,"href":"https:\/\/www.ladislavjakl.cz\/index.php?rest_route=%2Fwp%2Fv2%2Ftags&post=5232"}],"curies":[{"name":"wp","href":"https:\/\/api.w.org\/{rel}","templated":true}]}}