{"id":5265,"date":"2014-11-19T14:53:21","date_gmt":"2014-11-19T13:53:21","guid":{"rendered":"http:\/\/www.ladislavjakl.cz\/?p=5265"},"modified":"2014-11-20T15:07:46","modified_gmt":"2014-11-20T14:07:46","slug":"z-lasky-k-pravde","status":"publish","type":"post","link":"https:\/\/www.ladislavjakl.cz\/?p=5265","title":{"rendered":"Z l\u00e1sky k pravd\u011b"},"content":{"rendered":"<p class=\"perex\">\u010cesk\u00e9 \u0161iky Pravdy a L\u00e1sky zasluhuj\u00ed n\u00e1\u0161 hlubok\u00fd obdiv. A to ne pouze vyj\u00e1d\u0159en\u00fd slovem, ale i \u010dinem. Zaslou\u017e\u00ed si vznik Muzea Pravdy a L\u00e1sky. A jako po\u010dinek m\u00e1m pro n\u011b coby projev sv\u00e9 up\u0159\u00edmn\u00e9 \u00facty prvn\u00ed sb\u00edrkov\u00fd exempl\u00e1\u0159 nov\u00e9ho muzea, a to exempl\u00e1\u0159 neoby\u010dejn\u011b cenn\u00fd a unik\u00e1tn\u00ed.<\/p>\n<p class=\"perex\"><!--more--><\/p>\n<p class=\"perex\">Na\u0161i havlist\u00e9 si \u00factu zasluhuj\u00ed nejen pro d\u016fslednost a state\u010dnost, s\u00a0jakou nemilosrdn\u011b a nekompromisn\u011b pot\u00edraj\u00ed \u017eivly l\u017ei a nen\u00e1visti. Zasluhuj\u00ed si ji p\u0159edev\u0161\u00edm pro svou bd\u011blost a jasnoz\u0159ivost, s\u00a0jakou dok\u00e1\u017e\u00ed v\u00a0dne\u0161n\u00ed slo\u017eit\u00e9 dob\u011b rozpoznat to hlavn\u00ed nebezpe\u010d\u00ed, kter\u00e9 na\u0161\u00ed mlad\u00e9 demokracii hroz\u00ed.<\/p>\n<div class=\"article-text\">\n<p>Mnoho dezorientovan\u00fdch ob\u010dan\u016f si m\u016f\u017ee myslet, \u017ee na\u0161i demokracii ohro\u017euje legislativn\u00ed a politick\u00fd dikt\u00e1t nevolen\u00fdch struktur Evropsk\u00e9 unie. Jin\u00ed se nechali zm\u00e1st, \u017ee nebezpe\u010d\u00edm pro na\u0161i svobodu je rostouc\u00ed moc cynick\u00fdch bezskrupul\u00f3zn\u00edch oligarch\u016f, podivn\u00fdch est\u00e9b\u00e1ck\u00fdch s\u00edt\u00ed, vlastn\u00edk\u016f ve\u0159ejn\u00e9ho m\u00edn\u011bn\u00ed, krajn\u011b levicov\u00fdch vl\u00e1d, zelen\u00fdch boj\u016fvek a fa\u0161izoidn\u00edch antipolitick\u00fdch iniciativ.<\/p>\n<p>\u0160iky Pravdy a L\u00e1sky toto v\u0161e velmi spr\u00e1vn\u011b de\u0161ifrovaly jako naprostou margin\u00e1lii, s\u00a0n\u00ed\u017e si nemusej\u00ed d\u011blat \u017e\u00e1dnou starost. Jako hlavn\u00ed a smrteln\u00e9 nebezpe\u010d\u00ed pro na\u0161i svobodu velmi trefn\u011b odhalily \u2013 n\u011bmeck\u00e9ho prezidenta. Toho prezidenta, kter\u00fd l\u00e9ta vedl n\u011bmeck\u00fd \u00da\u0159ad spolkov\u00e9ho zmocn\u011bnce pro dokumenty komunistick\u00e9 tajn\u00e9 policie Stasi. Joachima Gaucka.<\/p>\n<p>Proto jako n\u011bm\u00e9 sv\u011bdectv\u00ed bd\u011blosti na\u0161ich havlist\u016f nab\u00edz\u00edm jako prvn\u00ed artefakt p\u0159\u00ed\u0161t\u00edho muzea sko\u0159\u00e1pku z\u00a0vaj\u00ed\u010dka, kter\u00fdm byl prezident Gauck zasa\u017een bd\u011bl\u00fdmi aktivisty na pra\u017esk\u00e9m Albertov\u011b. Autenticitu mohu dolo\u017eit, s\u00e1m jsem sko\u0159\u00e1pku nalezl na m\u00edst\u011b exekuce a forenzn\u00ed anal\u00fdza by jist\u011b potvrdila p\u0159\u00edtomnost DNA pravdy a l\u00e1sky uvnit\u0159 a prezidenta Gaucka vn\u011b sko\u0159\u00e1pky.<\/p>\n<p>A co za tento nesm\u00edrn\u011b cenn\u00fd historick\u00fd expon\u00e1t chci? Nic. Daruji ho budouc\u00edmu Muzeu Pravdy a L\u00e1sky jen tak, z\u00a0\u010dist\u00e9 l\u00e1sky k\u00a0pravd\u011b.<\/p>\n<p>&nbsp;<\/p>\n<p><a href=\"https:\/\/www.ladislavjakl.cz\/wp-content\/uploads\/2014\/11\/20141117_184505.jpg\"><img loading=\"lazy\" decoding=\"async\" class=\"alignnone size-large wp-image-5268\" src=\"https:\/\/www.ladislavjakl.cz\/wp-content\/uploads\/2014\/11\/20141117_184505-420x700.jpg\" alt=\"20141117_184505\" width=\"420\" height=\"700\" srcset=\"https:\/\/www.ladislavjakl.cz\/wp-content\/uploads\/2014\/11\/20141117_184505-420x700.jpg 420w, https:\/\/www.ladislavjakl.cz\/wp-content\/uploads\/2014\/11\/20141117_184505-186x310.jpg 186w, https:\/\/www.ladislavjakl.cz\/wp-content\/uploads\/2014\/11\/20141117_184505.jpg 1536w\" sizes=\"auto, (max-width: 420px) 100vw, 420px\" \/><\/a><\/p>\n<p><a href=\"http:\/\/jakl.blog.idnes.cz\/c\/435896\/Z-lasky-k-pravde.html\" target=\"_blank\">Zdroj<\/a><\/p>\n<\/div>\n","protected":false},"excerpt":{"rendered":"<p>\u010cesk\u00e9 \u0161iky Pravdy a L\u00e1sky zasluhuj\u00ed n\u00e1\u0161 hlubok\u00fd obdiv. A to ne pouze vyj\u00e1d\u0159en\u00fd slovem, ale i \u010dinem. Zaslou\u017e\u00ed si vznik Muzea Pravdy a L\u00e1sky. A jako po\u010dinek m\u00e1m pro n\u011b coby projev sv\u00e9 up\u0159\u00edmn\u00e9 \u00facty prvn\u00ed sb\u00edrkov\u00fd exempl\u00e1\u0159 nov\u00e9ho muzea, a to exempl\u00e1\u0159 neoby\u010dejn\u011b cenn\u00fd a unik\u00e1tn\u00ed.<\/p>\n","protected":false},"author":1,"featured_media":0,"comment_status":"open","ping_status":"open","sticky":false,"template":"","format":"standard","meta":{"ngg_post_thumbnail":0,"footnotes":""},"categories":[10],"tags":[],"class_list":["post-5265","post","type-post","status-publish","format-standard","hentry","category-zlehka"],"_links":{"self":[{"href":"https:\/\/www.ladislavjakl.cz\/index.php?rest_route=\/wp\/v2\/posts\/5265","targetHints":{"allow":["GET"]}}],"collection":[{"href":"https:\/\/www.ladislavjakl.cz\/index.php?rest_route=\/wp\/v2\/posts"}],"about":[{"href":"https:\/\/www.ladislavjakl.cz\/index.php?rest_route=\/wp\/v2\/types\/post"}],"author":[{"embeddable":true,"href":"https:\/\/www.ladislavjakl.cz\/index.php?rest_route=\/wp\/v2\/users\/1"}],"replies":[{"embeddable":true,"href":"https:\/\/www.ladislavjakl.cz\/index.php?rest_route=%2Fwp%2Fv2%2Fcomments&post=5265"}],"version-history":[{"count":3,"href":"https:\/\/www.ladislavjakl.cz\/index.php?rest_route=\/wp\/v2\/posts\/5265\/revisions"}],"predecessor-version":[{"id":5270,"href":"https:\/\/www.ladislavjakl.cz\/index.php?rest_route=\/wp\/v2\/posts\/5265\/revisions\/5270"}],"wp:attachment":[{"href":"https:\/\/www.ladislavjakl.cz\/index.php?rest_route=%2Fwp%2Fv2%2Fmedia&parent=5265"}],"wp:term":[{"taxonomy":"category","embeddable":true,"href":"https:\/\/www.ladislavjakl.cz\/index.php?rest_route=%2Fwp%2Fv2%2Fcategories&post=5265"},{"taxonomy":"post_tag","embeddable":true,"href":"https:\/\/www.ladislavjakl.cz\/index.php?rest_route=%2Fwp%2Fv2%2Ftags&post=5265"}],"curies":[{"name":"wp","href":"https:\/\/api.w.org\/{rel}","templated":true}]}}