{"id":5288,"date":"2014-11-21T16:09:05","date_gmt":"2014-11-21T15:09:05","guid":{"rendered":"http:\/\/www.ladislavjakl.cz\/?p=5288"},"modified":"2014-11-21T16:09:05","modified_gmt":"2014-11-21T15:09:05","slug":"nasazena-svazacka-rusky-svab-klausovy-zlodejny-takto-to-dopadne-kdyz-jakl-a-pajerova-debatuji-o-havlovi","status":"publish","type":"post","link":"https:\/\/www.ladislavjakl.cz\/?p=5288","title":{"rendered":"Nasazen\u00e1 svaza\u010dka, rusk\u00fd \u0161v\u00e1b, Klausovy zlod\u011bjny. Takto to dopadne, kdy\u017e Jakl a Pajerov\u00e1 debatuj\u00ed o Havlovi"},"content":{"rendered":"<p>Do \u010dtvrte\u010dn\u00edho vyd\u00e1n\u00ed po\u0159adu \u010cesk\u00e9 televize Ud\u00e1losti, koment\u00e1\u0159e p\u0159i\u0161li vyjevit sv\u00e9 n\u00e1zory na polistopadov\u00fd v\u00fdvoj \u010cesk\u00e9 republiky a odkaz V\u00e1clava Havla b\u00fdval\u00fd \u0161\u00e9f politick\u00e9ho odboru Hradu Ladislav Jakl, b\u00fdval\u00e1 studentsk\u00e1 v\u016fdkyn\u011b Monika Pajerov\u00e1, poslanec za KS\u010cM Ji\u0159\u00ed Dolej\u0161 a novin\u00e1\u0159ka L\u00edda Raku\u0161anov\u00e1. Nutno podotknout, \u017ee chv\u00edlemi to mezi diskutuj\u00edc\u00edmi jisk\u0159ilo.<\/p>\n<p><!--more--><\/p>\n<p>V\u00a0posledn\u00ed dob\u011b je \u010cesk\u00e1 republika kritizov\u00e1na za odklon od odkazu prvn\u00edho polistopadov\u00e9ho prezidenta V\u00e1clava Havla. Podle L\u00eddy Raku\u0161anov\u00e9 je to \u0161koda. Bour\u00e1me si toti\u017e n\u011bco, na \u010dem bychom m\u011bli stav\u011bt a podkop\u00e1v\u00e1me si z\u00e1kladnu aktivn\u00edho ob\u010danstv\u00ed. S\u00e1m V\u00e1clav Havel byl podle n\u00ed aktivn\u00edm ob\u010danem. Ob\u011btoval tomu v\u00edc, ne\u017e by v\u011bt\u0161ina z\u00a0n\u00e1s byla schopn\u00e1. \u201eVytv\u00e1\u0159\u00ed se tady atmosf\u00e9ra, \u017ee to bylo v\u0161echno zbyte\u010dn\u00e9. To je probl\u00e9m, t\u00e9m\u011b\u0159 katastrofa. Na druhou stranu vid\u00edm kolem sebe lidi, kte\u0159\u00ed si bour\u00e1n\u00ed odkazu V\u00e1clava Havla nenechaj\u00ed l\u00edbit. To je nejd\u016fle\u017eit\u011bj\u0161\u00ed,\u201c m\u00edn\u00ed Raku\u0161anov\u00e1.<\/p>\n<p>Ladislav Jakl na jednu stranu uzn\u00e1v\u00e1 symbolickou roli V\u00e1clava Havla, nicm\u00e9n\u011b bychom se o n\u011bm m\u011bli bavit a vz\u00e1jemn\u011b se neuml\u010dovat. \u201eNen\u00ed \u017e\u00e1dn\u00fdm sprost\u00fdm \u010dinem se o jak\u00e9koli historick\u00e9 osob\u011b norm\u00e1ln\u011b bavit, diskutovat, s\u00a0n\u011b\u010d\u00edm souhlasit, nesouhlasit, kriticky hodnotit. M\u00e1m pocit ale, \u017ee to na p\u0159\u00ed\u0161t\u00ed l\u00e9ta a stalet\u00ed m\u00e1 b\u00fdt podle n\u011bkter\u00fdch zak\u00e1z\u00e1no. U\u017e v\u00fdraz, \u017ee se odkl\u00e1n\u00edme od odkazu, budeme se n\u00e1lepkovat, \u017ee je n\u011bkdo reneg\u00e1t, odpadl\u00edk od t\u00e9 prav\u00e9 v\u00edry. V\u00e1clav byl \u010dlov\u011bk, byl jednu dobu \u017eivota politik v\u00edcem\u00e9n\u011b vyjmut\u00fd z\u00a0b\u011b\u017en\u00e9 denn\u00ed kritiky, to byla jeho tehdej\u0161\u00ed v\u00fdsada. Nemysl\u00edm si, \u017ee by bylo t\u0159eba zpochyb\u0148ovat tu jeho symbolickou roli, ale o komkoli bez v\u00fdjimky se bavme, neuml\u010dujme se a neok\u0159ikujme se.\u201c<\/p>\n<p><strong>Tady kon\u010d\u00ed ve\u0161ker\u00e1 legrace<\/strong><\/p>\n<p>Na jeho slova velmi kriticky zareagovala Monika Pajerov\u00e1. \u201eMysl\u00edm si, \u017ee pan Jakl pobyl na Folimance dost dlouho a mo\u017en\u00e1 studuje po\u0159\u00e1d v\u00a0Institutu V\u00e1clava Havla. Nerozum\u00edm, co n\u00e1m chce sd\u011blit. Ale tady kon\u010d\u00ed ve\u0161ker\u00e1 legrace. Po 25 letech nejen\u017ee se odkl\u00e1n\u00edme od odkazu, my zpochyb\u0148ujeme celou proz\u00e1padn\u00ed, proevropskou orientaci zem\u011b a m\u00e1me prezidenta, kter\u00fd cestuje po sv\u011bt\u011b, klan\u00ed se v\u00a0\u010c\u00edn\u011b, nadb\u00edh\u00e1 rusk\u00e9mu Putinovi a m\u00edsto toho, aby se zasadil za okupovanou Ukrajinu, tak vede \u0159e\u010di, \u017ee z\u00a0n\u011bjak\u00fdch byznysov\u00fdch d\u016fvod\u016f my nem\u00e1me u\u017e h\u00e1jit lidsk\u00e1 pr\u00e1va?\u201c obula se ost\u0159e i do sou\u010dasn\u00e9 hlavy st\u00e1tu.<\/p>\n<p>Na ot\u00e1zku moder\u00e1tora po\u0159adu, pro\u010d obrac\u00ed k\u00a0Milo\u0161i Zemanovi, kdy\u017e se pr\u00e1v\u011b v\u011bnuj\u00ed V\u00e1clavu Havlovi, odv\u011btila, \u017ee je to z\u00a0toho d\u016fvodu, \u017ee n\u00e1m tu po smrti V\u00e1clava Havla z\u016fstaly ty dv\u011b ot\u0159esn\u00e9 figury opozi\u010dn\u00ed smlouvy, Milo\u0161 Zeman a V\u00e1clav Klaus, notabene placen\u00ed ze stejn\u00fdch pen\u011bz pana Kellnera a PPF. A V\u00e1clav Havel u\u017e tu nen\u00ed, tak\u017ee se nem\u016f\u017ee br\u00e1nit. \u201eAle na\u0161t\u011bst\u00ed jsme na\u017eivu my ostatn\u00ed, kte\u0159\u00ed si ide\u00e1ly listopadu 1989 na\u0161t\u011bst\u00ed pamatujeme, a j\u00e1 jsem r\u00e1da, kdy\u017e vid\u00edm dnes mlad\u00e9 lidi, \u017ee jsou schopn\u00ed zvednout prapor a j\u00edt d\u00e1l a \u0159\u00edct, to nen\u00ed n\u00e1\u0161 prezident,\u201c uvedla Pajerov\u00e1.<\/p>\n<p>M\u00edstop\u0159edseda KS\u010cM Ji\u0159\u00ed Dolej\u0161 nav\u00e1zal na nar\u00e1\u017eku b\u00fdval\u00e9 studentsk\u00e9 v\u016fdkyn\u011b na protesty proti Milo\u0161i Zemanovi v\u00a0den p\u011btadvac\u00e1t\u00e9ho v\u00fdro\u010d\u00ed 17. Listopadu, kdy\u017e uvedl, \u017ee ne\u017eijeme v\u00a0monarchii a nem\u00e1me nedotknuteln\u00e9ho mocn\u00e1\u0159e. Politici podle n\u011bj jsou a maj\u00ed b\u00fdt kritizovateln\u00ed, o tom je to ob\u010danstv\u00ed. \u201eMysl\u00edm si, \u017ee polistopadov\u00e9 hlavy st\u00e1tu jsou kritizovateln\u00e9, z\u00a0\u0159ady d\u016fvod\u016f,\u201c konstatoval s\u00a0t\u00edm, \u017ee se mu taky nel\u00edb\u00ed neurval\u00fd styl dne\u0161n\u00edho prezidenta ani jeho zkratkovit\u00e1 a n\u011bkdy zmate\u010dn\u00e1 zahrani\u010dn\u00ed politika, kdy se jednou se obj\u00edm\u00e1 s\u00a0Poro\u0161enkem, aby se podruh\u00e9 obj\u00edmal s\u00a0Putinem.<\/p>\n<p>\u201eNa druhou stranu bych ho ned\u00e9monizoval, ned\u011blal z\u00a0n\u011bj rusk\u00e9ho \u0161v\u00e1ba, kter\u00fd vede na\u0161i zemi do pekel. Koneckonc\u016f, kdy\u017e na N\u00e1rodn\u00ed t\u0159\u00edd\u011b bylo pom\u011brn\u011b hodn\u011b lid\u00ed, jsem schopen ch\u00e1pat, \u017ee \u010derven\u00e1 karta je docela vtipn\u00e1 metafora, co si ti lid\u00e9 mysleli, ale sni\u017eovat se na agresivn\u00ed komunikaci, \u010di dokonce h\u00e1zen\u00ed p\u0159edm\u011bt\u016f, to si mysl\u00edm, \u017ee v\u00a0po\u0159\u00e1dku nen\u00ed. Kdo tohle kon\u00e1, tak si mysl\u00edm, \u017ee je v\u00a0rozporu s\u00a0t\u00edm, co si mysl\u00ed o V\u00e1clavu Havlovi, kter\u00fd nepochybn\u011b jako ob\u010dan, p\u0159edstavitel kultury i \u010dlov\u011bk, jen\u017e v\u00a0minulosti trp\u011bl, se takhle nechoval. Jin\u00e1 v\u011bc je role V\u00e1clava jako prezidenta, tam k\u00a0n\u011bmu m\u00e1m kritick\u00e9 v\u00fdhrady,\u201c dodal Dolej\u0161.<\/p>\n<p><strong>Zeman chce b\u00fdt st\u0159edem pozornosti, nesk\u00e1kejme mu na \u0161pek<\/strong><\/p>\n<p>L\u00edd\u011b Raku\u0161anov\u00e9 bylo l\u00edto energie, kterou vynalo\u017eili lid\u00e9 v\u00a0ulic\u00edch na demonstrac\u00edch proti Milo\u0161i Zemanovi, proto\u017ee to je \u00fadajn\u011b p\u0159esn\u011b to, co on chce. \u201eChce b\u00fdt st\u0159edem pozornosti, chce b\u00fdt ka\u017ed\u00fd den na televizn\u00edch obrazovk\u00e1ch, na tituln\u00edch stran\u00e1ch novin a jedin\u00e9, co se proti tomu d\u00e1 d\u011blat, je nesk\u00e1kat mu na \u0161pek,\u201c mysl\u00ed si novin\u00e1\u0159ka.<\/p>\n<p>Ladislav Jakl dokonce vlastn\u00ed sko\u0159\u00e1pku, kter\u00e1 na Albertov\u011b trefila n\u011bmeck\u00e9ho prezidenta Joachima Gaucka do sp\u00e1nku. \u201eM\u00e1m ji doma v\u00a0lednici. P\u0159\u00ed\u0161t\u00edm budovatel\u016fm muzea l\u00e1sky a pravdy ji opravdu r\u00e1d nab\u00eddnu, ze sv\u00e9 l\u00e1sky k\u00a0pravd\u011b,\u201c uvedl a pak se jal reagovat na slova Moniky Pajerov\u00e9, kterou ozna\u010dil za plamennou d\u00e1mu a zn\u00e1mou svaz\u00e1ckou funkcion\u00e1\u0159ku, kter\u00e1 byla do studentsk\u00fdch aktivit nasazen\u00e1, aby kontrolovala pr\u016fb\u011bh 17. listopadu 1989. \u201eTak jenom j\u00ed bych cht\u011bl \u0159\u00edct, \u017ee kdy\u017e vyjmenov\u00e1vala osoby z\u00fa\u010dastn\u011bn\u00e9 na opozi\u010dn\u00ed smlouv\u011b, tak zapomn\u011bla na V\u00e1clava Havla, kter\u00fd prvn\u00ed opozi\u010dn\u00ed smlouvu v roce 1996 s\u00e1m vymyslel, p\u0159ipravil, zkonstruoval a schv\u00e1lil. Tak\u017ee mo\u017en\u00e1 v\u00a0tom v\u00fd\u010dtu m\u011bla b\u00fdt kompletn\u011bj\u0161\u00ed,&#8220; mysl\u00ed si Jakl.<\/p>\n<p><strong>Mo\u017en\u00e1 bychom m\u011bli s lidmi mluvit&#8230;<\/strong><\/p>\n<p>A pak u\u017e se t\u00e9ma hovoru sto\u010dilo na polistopadov\u00fd v\u00fdvoj. Moder\u00e1tor po\u0159adu p\u0159ipomn\u011bl, \u017ee v\u00a0t\u00e9to souvislosti provedl CVVM pr\u016fzkum, ze kter\u00e9ho vyplynulo, \u017ee 33 % respondent\u016f uvedlo, \u017ee se p\u0159ed listopadem 1989 m\u011blo stejn\u011b \u010di dokonce l\u00e9pe.<\/p>\n<p>L\u00edda Raku\u0161anov\u00e1 to p\u0159isuzuje sp\u00ed\u0161e nostalgii ne\u017e odporu k\u00a0sou\u010dasn\u00e9mu re\u017eimu. Proto\u017ee nap\u0159\u00edklad jej\u00ed generace m\u00e1 probl\u00e9m se p\u0159eorientovat na nov\u00fd re\u017eim. Ta zm\u011bna pro ni pr\u00fd p\u0159i\u0161la pozd\u011b a oni to t\u011b\u017eko mohou dohnat.<\/p>\n<p>\u201eMinul\u00fd re\u017eim nebyl nepochybn\u011b doba, kdy my star\u0161\u00ed jsme vid\u011bli, \u017ee sn\u00edh je b\u011blej\u0161\u00ed a tr\u00e1va zelen\u011bj\u0161\u00ed. Prost\u011b dne\u0161n\u00ed re\u017eim neumo\u017e\u0148uje realizovat americk\u00fd sen z\u00a0\u010disti\u010de bot miliard\u00e1\u0159em. V\u00a0oblasti politick\u00fdch svobod je lep\u0161\u00ed, v\u00a0soci\u00e1ln\u00ed ot\u00e1zce m\u00e1 co doh\u00e1n\u011bt,\u201c uznal komunistick\u00fd poslanec.<\/p>\n<p>Ladislav Jakl na toto konto uvedl, \u017ee sice nen\u00ed fanou\u0161kem sou\u010dasn\u00e9ho babi\u0161ovsk\u00e9ho re\u017eimu, ale po\u0159\u00e1d je to stav, kter\u00fd lidem jako je on s\u00a0t\u00edm dovoluje n\u011bco d\u011blat. Zat\u00edmco p\u0159edlistopadov\u00fd re\u017eim umo\u017enoval jedinou v\u011bc \u2013 sk\u00e1cet re\u017eim.<\/p>\n<p>Monika Pajerov\u00e1 pova\u017euje \u201eza zaj\u00edmav\u00e9\u201c, \u017ee pr\u00e1v\u011b V\u00e1clav Klaus, kter\u00fd je zodpov\u011bdn\u00fd za kup\u00f3novou privatizaci a faktick\u00e9 rozkraden\u00ed zem\u011b, titulem sv\u00e9 knihy \u0159\u00edk\u00e1, \u017ee jsme \u201echt\u011bli v\u00edc ne\u017e supermarkety\u201c. \u201eCo d\u00e1l? Tohle je hlubok\u00e1 krize, mo\u017en\u00e1 nejhlub\u0161\u00ed od listopadu 1989 a mo\u017en\u00e1 je to p\u0159\u00edle\u017eitost nejenom z\u016fstat na ulici a m\u00e1vat \u010derven\u00fdmi kartami, co\u017e mus\u00edme, proto\u017ee Milo\u0161 Zeman je pro tuto zemi nebezpe\u010dn\u00fd, ale asi mus\u00edme v\u00e9st debatu o tom, v\u00a0jak\u00e9 demokracii chceme \u017e\u00edt, aby byla spravedliv\u00e1, aby se ta spole\u010dnost d\u00e1l nerozd\u011blovala na ty, kte\u0159\u00ed bydl\u00ed ve velk\u00fdch m\u011bstech a chod\u00ed do pra\u017esk\u00e9 kav\u00e1rny, a na ty, kte\u0159\u00ed bydl\u00ed na vesnici. J\u00e1 jsem z\u00a0vesnice a jsem na to hrd\u00e1. Mo\u017en\u00e1 bychom m\u011bli s\u00a0lidmi zase mluvit, jako jsme to d\u011blali v\u00a0listopadu a prosinci 1989. Pak se teprve dozv\u00edme, co lid\u00e9 opravdu cht\u011bj\u00ed,\u201c m\u00edn\u00ed Pajerov\u00e1.<\/p>\n<p><strong>Komunismus se podepsal na mor\u00e1lce a charakteru n\u00e1roda<\/strong><\/p>\n<p>A dod\u00e1v\u00e1: \u201eJi\u0159\u00ed Dolej\u0161 je z\u00a0t\u011bch osv\u00edcen\u00fdch komunist\u016f a j\u00e1 jsem v\u017edycky oce\u0148ovala jeho snahu stranu n\u011bjak\u00fdm zp\u016fsobem civilizovat, ale je pot\u0159eba tady p\u0159ipomenout, \u017ee za sebou m\u00e1me dva totalitn\u00ed re\u017eimy \u2013 nacismus a komunismus, a ten komunistick\u00fd trval podstatn\u011b d\u00e9le a na mor\u00e1lce nebo charakteru n\u00e1roda se podepsal stra\u0161liv\u00fdm zp\u016fsobem. Po\u0159\u00e1d \u010dek\u00e1m, \u017ee vy komunist\u00e9, vy osv\u00edcen\u00ed mezi v\u00e1mi, se jednoho dne omluv\u00edte a \u0159eknete to v\u010das, aby se toho je\u0161t\u011b v\u016fbec n\u011bkdo do\u010dkal,\u201c ukon\u010dila debatu \u0161\u0165ouchnut\u00edm do m\u00edstop\u0159edsedy KS\u010cM.<\/p>\n<p><a href=\"http:\/\/www.parlamentnilisty.cz\/arena\/monitor\/Nasazena-svazacka-rusky-svab-Klausovy-zlodejny-Takto-to-dopadne-kdyz-Jakl-a-Pajerova-debatuji-o-Havlovi-346711\" target=\"_blank\">Zdroj<\/a><\/p>\n","protected":false},"excerpt":{"rendered":"<p>Do \u010dtvrte\u010dn\u00edho vyd\u00e1n\u00ed po\u0159adu \u010cesk\u00e9 televize Ud\u00e1losti, koment\u00e1\u0159e p\u0159i\u0161li vyjevit sv\u00e9 n\u00e1zory na polistopadov\u00fd v\u00fdvoj \u010cesk\u00e9 republiky a odkaz V\u00e1clava Havla b\u00fdval\u00fd \u0161\u00e9f politick\u00e9ho odboru Hradu Ladislav Jakl, b\u00fdval\u00e1 studentsk\u00e1 v\u016fdkyn\u011b Monika Pajerov\u00e1, poslanec za KS\u010cM Ji\u0159\u00ed Dolej\u0161 a novin\u00e1\u0159ka L\u00edda Raku\u0161anov\u00e1. Nutno podotknout, \u017ee chv\u00edlemi to mezi diskutuj\u00edc\u00edmi jisk\u0159ilo.<\/p>\n","protected":false},"author":1,"featured_media":0,"comment_status":"open","ping_status":"open","sticky":false,"template":"","format":"standard","meta":{"ngg_post_thumbnail":0,"footnotes":""},"categories":[11],"tags":[],"class_list":["post-5288","post","type-post","status-publish","format-standard","hentry","category-ozvena"],"_links":{"self":[{"href":"https:\/\/www.ladislavjakl.cz\/index.php?rest_route=\/wp\/v2\/posts\/5288","targetHints":{"allow":["GET"]}}],"collection":[{"href":"https:\/\/www.ladislavjakl.cz\/index.php?rest_route=\/wp\/v2\/posts"}],"about":[{"href":"https:\/\/www.ladislavjakl.cz\/index.php?rest_route=\/wp\/v2\/types\/post"}],"author":[{"embeddable":true,"href":"https:\/\/www.ladislavjakl.cz\/index.php?rest_route=\/wp\/v2\/users\/1"}],"replies":[{"embeddable":true,"href":"https:\/\/www.ladislavjakl.cz\/index.php?rest_route=%2Fwp%2Fv2%2Fcomments&post=5288"}],"version-history":[{"count":1,"href":"https:\/\/www.ladislavjakl.cz\/index.php?rest_route=\/wp\/v2\/posts\/5288\/revisions"}],"predecessor-version":[{"id":5289,"href":"https:\/\/www.ladislavjakl.cz\/index.php?rest_route=\/wp\/v2\/posts\/5288\/revisions\/5289"}],"wp:attachment":[{"href":"https:\/\/www.ladislavjakl.cz\/index.php?rest_route=%2Fwp%2Fv2%2Fmedia&parent=5288"}],"wp:term":[{"taxonomy":"category","embeddable":true,"href":"https:\/\/www.ladislavjakl.cz\/index.php?rest_route=%2Fwp%2Fv2%2Fcategories&post=5288"},{"taxonomy":"post_tag","embeddable":true,"href":"https:\/\/www.ladislavjakl.cz\/index.php?rest_route=%2Fwp%2Fv2%2Ftags&post=5288"}],"curies":[{"name":"wp","href":"https:\/\/api.w.org\/{rel}","templated":true}]}}