{"id":5298,"date":"2014-11-25T11:38:06","date_gmt":"2014-11-25T10:38:06","guid":{"rendered":"http:\/\/www.ladislavjakl.cz\/?p=5298"},"modified":"2014-11-25T11:38:06","modified_gmt":"2014-11-25T10:38:06","slug":"jiri-bata-jeden-nekritizovatelny-na-druheho-vejce-ale-no-tak","status":"publish","type":"post","link":"https:\/\/www.ladislavjakl.cz\/?p=5298","title":{"rendered":"Ji\u0159\u00ed Ba\u0165a: Jeden nekritizovateln\u00fd, na druh\u00e9ho vejce? Ale no tak!"},"content":{"rendered":"<div class=\"zpravy_image_big\">\n<p><b>Do po\u0159adu \u010cesk\u00e9 televize Ud\u00e1losti, koment\u00e1\u0159e p\u0159i\u0161lo vyjevit sv\u00e9 n\u00e1zory na polistopadov\u00fd v\u00fdvoj \u010cesk\u00e9 republiky a odkaz V\u00e1clava Havla n\u011bkolik zn\u00e1m\u00fdch lid\u00ed.<\/b><\/p>\n<p>&nbsp;<\/p>\n<\/div>\n<p><!--more--><\/p>\n<div id=\"zprava_text\" class=\"\">\n<div align=\"justify\">B\u00fdval\u00fd \u0161\u00e9f politick\u00e9ho odboru Hradu Ladislav Jakl, b\u00fdval\u00e1 studentsk\u00e1 v\u016fdkyn\u011b Monika Pajerov\u00e1, poslanec za KS\u010cM Ji\u0159\u00ed Dolej\u0161 a novin\u00e1\u0159ka L\u00edda Raku\u0161anov\u00e1. Nutno podotknout, \u017ee chv\u00edlemi to mezi diskutuj\u00edc\u00edmi jisk\u0159ilo. Proto jsem pova\u017eoval za pot\u0159ebn\u00e9 otupit hrany a zabr\u00e1nit mo\u017en\u00e9mu po\u017e\u00e1ru, p\u00ed\u0161e Ji\u0159\u00ed Ba\u0165a. Zde je n\u011bkolik has\u00edc\u00edch z\u00e1krok\u016f:<\/p>\n<p><b>V posledn\u00ed dob\u011b je \u010cesk\u00e1 republika kritizov\u00e1na za odklon od odkazu prvn\u00edho polistopadov\u00e9ho prezidenta V\u00e1clava Havla. <\/b>Podle L\u00eddy Raku\u0161anov\u00e9 je to \u0161koda. Bour\u00e1me si toti\u017e n\u011bco, na \u010dem bychom m\u011bli stav\u011bt a podkop\u00e1v\u00e1me si z\u00e1kladnu aktivn\u00edho ob\u010danstv\u00ed. S\u00e1m V\u00e1clav Havel byl podle n\u00ed aktivn\u00edm ob\u010danem. Ob\u011btoval tomu v\u00edc, ne\u017e by v\u011bt\u0161ina z n\u00e1s byla schopn\u00e1. \u201eVytv\u00e1\u0159\u00ed se tady atmosf\u00e9ra, \u017ee to bylo v\u0161echno zbyte\u010dn\u00e9. To je probl\u00e9m, t\u00e9m\u011b\u0159 katastrofa. Na druhou stranu vid\u00edm kolem sebe lidi, kte\u0159\u00ed si bour\u00e1n\u00ed odkazu V\u00e1clava Havla nenechaj\u00ed l\u00edbit. To je nejd\u016fle\u017eit\u011bj\u0161\u00ed,\u201c m\u00edn\u00ed Raku\u0161anov\u00e1.<\/p>\n<p><b>Pan\u00ed Raku\u0161anov\u00e1 se m\u00fdl\u00ed, nebo\u0165 si nemysl\u00edm, \u017ee se vytv\u00e1\u0159\u00ed atmosf\u00e9ra, \u017ee v\u0161echno bylo zbyte\u010dn\u00e9, sp\u00ed\u0161e jde o nepochopen\u00ed, \u017ee v\u011bt\u0161ina toho, co bylo slibov\u00e1no se neuskute\u010dnilo a \u017ee spousta v\u011bc\u00ed byla n\u011bkter\u00fdmi lidmi zneu\u017eita, dokonce p\u00e1chali trestnou \u010dinnost, kter\u00e1 z\u016fstala nepotrest\u00e1na. <\/b>Jestli\u017ee si dosp\u011bl\u00fd \u010dlov\u011bk uv\u011bdom\u00ed situaci, stav ekonomiky a financ\u00ed v dob\u011b tzv. revoluce a srovn\u00e1 ji se situac\u00ed dnes,\u00a0 musel by b\u00fdt padl\u00fd na hlavu, aby nepoznal vznikl\u00e9 manko \u010di deficit ve stavu st\u00e1tn\u00edch financ\u00ed. Stav spole\u010dnosti, kter\u00e9 se nedost\u00e1vaj\u00ed finance na \u0159adu pot\u0159ebn\u00fdch v\u011bc\u00ed p\u0159i v\u011bdom\u00ed, \u017ee byly rozkradeny elitami listopadu 89\u00a0 z OF, disidenty a podobn\u00fdmi experty, nen\u00ed se \u010demu divit, \u017ee lid\u00e9 jsou s v\u00fdsledkem listopadu 89\u00a0 krajn\u011b nespokojeni, p\u0159esn\u011bji nasran\u00ed!<\/p>\n<p><b>O Havlovi se bavme<\/b><\/p>\n<p>Ladislav Jakl na jednu stranu uzn\u00e1v\u00e1 symbolickou roli V\u00e1clava Havla, nicm\u00e9n\u011b bychom se o n\u011bm m\u011bli bavit a vz\u00e1jemn\u011b se neuml\u010dovat. \u201eNen\u00ed \u017e\u00e1dn\u00fdm sprost\u00fdm \u010dinem se o jak\u00e9koli historick\u00e9 osob\u011b norm\u00e1ln\u011b bavit, diskutovat, s n\u011b\u010d\u00edm souhlasit, nesouhlasit, kriticky hodnotit. M\u00e1m pocit ale, \u017ee to na p\u0159\u00ed\u0161t\u00ed l\u00e9ta a stalet\u00ed m\u00e1 b\u00fdt podle n\u011bkter\u00fdch zak\u00e1z\u00e1no. U\u017e v\u00fdraz, \u017ee se odkl\u00e1n\u00edme od odkazu, budeme se n\u00e1lepkovat, \u017ee je n\u011bkdo reneg\u00e1t, odpadl\u00edk od t\u00e9 prav\u00e9 v\u00edry. V\u00e1clav byl \u010dlov\u011bk, byl jednu dobu \u017eivota politik v\u00edcem\u00e9n\u011b vyjmut\u00fd z\u00a0b\u011b\u017en\u00e9 denn\u00ed kritiky, to byla jeho tehdej\u0161\u00ed v\u00fdsada. Nemysl\u00edm si, \u017ee by bylo t\u0159eba zpochyb\u0148ovat tu jeho symbolickou roli, ale o komkoli bez v\u00fdjimky se bavme, neuml\u010dujme se a neok\u0159ikujme se.\u201c<\/p>\n<p>Pan Jakl m\u00e1 pravdu v tom, \u017ee <b>nen\u00ed t\u0159eba V. Havla d\u00e9monizovat a \u010dinit jeho osobu nedotknutelnou<\/b> t\u0159eba jenom slovem na jedn\u00e9 stran\u011b, aby se <b>na druh\u00e9 stran\u011b zcela bezosty\u0161n\u011b souhlasilo s h\u00e1zen\u00edm vajec a byla ve\u0159ejn\u011b ur\u00e1\u017eena st\u00e1vaj\u00edc\u00ed hlava st\u00e1tu, a\u0165 u\u017e jsou d\u016fvody jak\u00e9koliv<\/b>. Mimo jin\u00e9 ty st\u00e1vaj\u00edc\u00ed d\u016fvody zdaleka neodpov\u00eddaj\u00ed zp\u016fsobu odporu a jedn\u00e1n\u00ed, kter\u00e9 jsou v\u016f\u010di prezidentovi Zemanovi\u00a0 d\u00e1v\u00e1ny za vinu. Ti, kte\u0159\u00ed kritizuj\u00ed Milo\u0161e Zemana nap\u0159. z vulgarity si neuv\u011bdomuj\u00ed vlastn\u00ed ubohost a mor\u00e1ln\u00ed \u00farove\u0148, kdy\u017e naprosto stejn\u011b nep\u0159ijateln\u00fdm zp\u016fsobem ostrakizuj\u00ed\u00a0 st\u00e1vaj\u00edc\u00edho prezidenta. Ov\u0161em \u0159\u00edct k\u0159iv\u00e9 slovo o Havlovi (a \u017ee existuje \u0159ada d\u016fvod\u016f\u00a0 se o n\u011bm p\u0159\u00edpadn\u011b i neslu\u0161n\u011b vyjad\u0159ovat) tak je \u010di by byl ohe\u0148 na st\u0159e\u0161e.<\/p>\n<p><b>Tady kon\u010d\u00ed ve\u0161ker\u00e1 legrace. <\/b><\/p>\n<p>Na slova pana Jakla velmi kriticky zareagovala Monika Pajerov\u00e1. \u201eMysl\u00edm si, \u017ee pan Jakl pobyl na Folimance dost dlouho a mo\u017en\u00e1 studuje po\u0159\u00e1d v Institutu V\u00e1clava Havla. Nerozum\u00edm, co n\u00e1m chce sd\u011blit. Ale tady kon\u010d\u00ed ve\u0161ker\u00e1 legrace. Po 25 letech nejen\u017ee se odkl\u00e1n\u00edme od odkazu, my zpochyb\u0148ujeme celou proz\u00e1padn\u00ed, proevropskou orientaci zem\u011b a m\u00e1me prezidenta, kter\u00fd cestuje po sv\u011bt\u011b, klan\u00ed se v \u010c\u00edn\u011b, nadb\u00edh\u00e1 rusk\u00e9mu Putinovi a m\u00edsto toho, aby se zasadil za okupovanou Ukrajinu, tak vede \u0159e\u010di, \u017ee z n\u011bjak\u00fdch byznysov\u00fdch d\u016fvod\u016f my nem\u00e1me u\u017e h\u00e1jit lidsk\u00e1 pr\u00e1va?\u201c obula se ost\u0159e i do sou\u010dasn\u00e9 hlavy st\u00e1tu.<\/p>\n<p><b>M. Pajerov\u00e1 m\u00e1 do jist\u00e9 m\u00edry pravdu kdy\u017e \u0159\u00edk\u00e1, \u017ee tady kon\u010d\u00ed ve\u0161ker\u00e1 legrace!\u00a0<\/b>Probl\u00e9m je , \u017ee se jedn\u00e1 o v nads\u00e1zce\u00a0 \u201elegraci\u201c v obr\u00e1cen\u00e9m smyslu, ne\u017e m\u00e1 M. Pajerov\u00e1 na mysli. <b><i>Zat\u00edmco ona vyslovuje obavy z odklonu od odkazu, zpochyb\u0148ov\u00e1n\u00ed proz\u00e1padn\u00ed, proevropsk\u00e9 orientace, opak m\u016f\u017ee b\u00fdt a je pravdou a sice, \u017ee se p\u0159\u00edli\u0161 znovu, bezv\u00fdhradn\u011b sna\u017e\u00edme o rekt\u00e1ln\u00ed alpinismus jin\u00e9, tentokr\u00e1t z\u00e1padn\u00ed mocnosti stejn\u011b, jako tomu bylo d\u0159\u00edve na\u0161emu bratru a p\u0159\u00edteli na v\u011b\u010dn\u00e9 \u010dasy na v\u00fdchod od n\u00e1s.\u00a0<\/i><\/b>Jako bychom toti\u017e st\u00e1le pot\u0159ebovali n\u011bjakou pomocnou berli\u010dku, ideologa, u\u010ditele, ale hlavn\u011b dal\u0161\u00edho dikt\u00e1tora, kter\u00fd bude ur\u010dovat na\u0161e dal\u0161\u00ed sm\u011brov\u00e1n\u00ed jak v politice, tak v ekonomice, kultu\u0159e, zkr\u00e1tka ve v\u0161em. Jako by n\u00e1m nesta\u010dily zku\u0161enosti\u00a0 s b\u00fdval\u00fdm spojencem, mus\u00edme se zase na n\u011bkoho v\u00e1zat a b\u00fdt z\u00e1visl\u00ed.<\/p>\n<p>To, \u017ee je n\u00e1m slibov\u00e1na v\u0161emo\u017en\u00e1 podpora velmoc\u00ed, kter\u00e1 je ekonomicky na sam\u00e9m dn\u011b, nad t\u00edm nikdo neuva\u017euje, proto\u017ee jist\u00e1 skupina na\u0161ich lid\u00ed je om\u00e1mena vidinou demokracie, svobody\u00a0 a respektov\u00e1n\u00ed lidsk\u00fdch pr\u00e1v made in USA, nad \u010d\u00edm se v\u0161ak norm\u00e1ln\u00edmu \u010dlov\u011bku zastavuje rozum. <b>Tak \u0161patnou pam\u011b\u0165 nem\u00e1 snad nikdo, kdy\u017e lid\u00e9, inklinuj\u00edc\u00ed k z\u00e1padn\u00ed politice neberou v potaz a nevad\u00ed jim v\u0161echny v\u00e1le\u010dn\u00e9 eskap\u00e1dy USA, tis\u00edce nevinn\u00fdch ob\u011bt\u00ed, milionov\u00e9 \u0161kody jen proto, \u017ee pod hlavi\u010dkou americk\u00e9 demokracie, svobody jsou jejich \u00famysly zcela a z\u00e1sadn\u011b jin\u00e9: z\u00edskat p\u0159\u00edrodn\u00ed zdroje a suroviny, tedy ropu, plyn, zlato atd.<\/b> To ov\u0161em nen\u00ed v\u00fdsledek agrese, to je v\u00fdsledek p\u0159\u00e1telsk\u00e9 pomoci, aby bylo jasno!<\/p>\n<p><b>Monopol na pravdu?<\/b><\/p>\n<p>Na ot\u00e1zku moder\u00e1tora po\u0159adu, pro\u010d se obrac\u00ed k\u00a0Milo\u0161i Zemanovi, kdy\u017e se pr\u00e1v\u011b v\u011bnuj\u00ed V\u00e1clavu Havlovi, odv\u011btila, \u017ee je to z\u00a0toho d\u016fvodu, \u017ee n\u00e1m tu po smrti V\u00e1clava Havla z\u016fstaly ty dv\u011b ot\u0159esn\u00e9 figury opozi\u010dn\u00ed smlouvy, Milo\u0161 Zeman a V\u00e1clav Klaus, notabene placen\u00ed ze stejn\u00fdch pen\u011bz pana Kellnera a PPF. A V\u00e1clav Havel u\u017e tu nen\u00ed, tak\u017ee se nem\u016f\u017ee br\u00e1nit.<\/p>\n<p><b>M. Pajerov\u00e1 m\u00e1 zna\u010dn\u011b sv\u00e9r\u00e1zn\u00fd, velmi zako\u0159en\u011bn\u00fd n\u00e1zor, \u017ee jako \u00fa\u010dastnice demonstrace 17. listopadu (jej\u00ed posl\u00e1n\u00ed je v\u0161ak do jist\u00e9 m\u00edry zpochyb\u0148ov\u00e1no, viz d\u00e1le), m\u00e1 v\u00fdhradn\u00ed pr\u00e1vo na pravdu jak v obhajob\u011b Havla, tak v oso\u010dov\u00e1n\u00ed prezidenta Zemana, kter\u00e9ho spolu s V. Klausem naz\u00fdv\u00e1 \u201eot\u0159esnou figurou\u201c opozi\u010dn\u00ed smlouvy. <\/b>V\u016fbec jsou pozoruhodn\u00e9 jej\u00ed nem\u00edstn\u00e9 a hodn\u011b mor\u00e1ln\u011b uvoln\u011bn\u00e9 projevy netaktnosti, pomlouv\u00e1n\u00ed, oso\u010dov\u00e1n\u00ed, napad\u00e1n\u00ed a obvi\u0148ov\u00e1n\u00ed sou\u010dasn\u00e9ho prezidenta.<\/p>\n<p>Pan\u00ed Pajerov\u00e1 by m\u011bla \u0159\u00edct, zda v\u00ed o tom, \u017ee by za \u017eivota a v\u00fdkonu funkce prezidenta V\u00e1clava Havla byly kdy na jeho osobu vedeny takov\u00e9 hrub\u00e9, ur\u00e1\u017eliv\u00e9, netaktn\u00ed a hluboce nespole\u010densk\u00e9 \u00fatoky. Nen\u00ed pochyb, \u017ee by odpov\u011bd\u011bla z\u00e1porn\u011b, proto\u017ee ani j\u00e1 si nepamatuji, \u017ee by kdy ve\u0159ejn\u011b byla na V. Havla sn\u00e1\u0161ena takov\u00e1 smr\u0161\u0165 nechutn\u00fdch pomluv a ur\u00e1\u017eek.\u00a0 A nelze pochybovat, \u017ee by se na\u0161lo dost a dost d\u016fvod\u016f, k podobn\u00e9mu jedn\u00e1n\u00ed. Pak je ot\u00e1zka, pro\u010d nikdo ze sou\u010dasn\u00fdch v\u00fdznamn\u00fdch osobnost\u00ed, intelektu\u00e1l\u016f, opl\u00fdvaj\u00edc\u00edch mor\u00e1ln\u00edmi kvalitami (nam\u00e1tkou um\u011blec M. Koc\u00e1b, nefach\u010denko M. Benda,\u00a0 nejagiln\u011bj\u0161\u00ed rekt\u00e1ln\u00ed alpinista a hoch\u0161tapler\u00a0 J. \u0160t\u011btina,\u00a0 noblesn\u00ed, \u017eivotem unaven\u00fd K. Schwarzenberg, profesor Putna, provokat\u00e9r Laud\u00e1t, zmaten\u00e1 slepice Lang\u0161t\u00e1dlov\u00e1, rozumbrada Zdechovsk\u00fd a cel\u00e1 \u0159ada um\u011blc\u016f\u00a0 a intelektu\u00e1l\u016f, kte\u0159\u00ed nejen\u017ee neprotestuj\u00ed proti t\u011bmto nechutnostem, ale dokonce je v\u00fdrazn\u011b podporuj\u00ed. Cht\u011bj\u00ed t\u00edm sice pouk\u00e1zat na mor\u00e1ln\u00ed nedostatky M. Zemana, cht\u011bj\u00ed jej odsoudit za jeho vulg\u00e1rnost, ale tak\u00e9 za jeho osobn\u00ed n\u00e1zor a postoj k Ukrajin\u011b, Rusku, \u010c\u00edn\u011b atd.<\/p>\n<p><b>Cht\u011bj\u00ed snad prezidentovi \u010cesk\u00e9 republiky up\u00edrat pr\u00e1vo na svobodu slova, vyj\u00e1d\u0159en\u00ed n\u00e1zoru a postoj\u016f jako hlavy st\u00e1tu? <\/b>Cht\u011bj\u00ed snad prezidentovi k\u00e1zat, co a jak m\u00e1 \u010di nem\u00e1 d\u011blat? Toto pova\u017euj\u00ed d\u00e1my a p\u00e1nov\u00e9 za demokracii, respektov\u00e1n\u00ed lidsk\u00fdch pr\u00e1v a svobod, kter\u00e9 tak halasn\u011b zast\u00e1vaj\u00ed v p\u0159\u00edpadech, \u017ee n\u011bkde dodr\u017eov\u00e1ny nejsou? Je to nejv\u011bt\u0161\u00ed ubohost, mor\u00e1ln\u00ed pokleslost a \u00fapadek od dob tzv. listopadov\u00e9 revoluce .<\/p>\n<p>Toto t\u011bmto lidem v\u016fbec nedoch\u00e1z\u00ed, z\u0159ejm\u011b proto, \u017ee M. Zemanovi to proch\u00e1z\u00ed bez n\u00e1sledk\u016f. Snad si tito ubo\u017e\u00e1ci nemysleli, \u017ee M. Zeman padne na zadek, bude se omlouvat, prosit za odpu\u0161t\u011bn\u00ed, resp. bude abdikovat na svou funkci? Za tento ne\u00fasp\u011bch byli pok\u00e1r\u00e1ni\u00a0 velk\u00fdm z\u00e1padn\u00edm (ne)p\u0159\u00edtelem, co \u017ee si to Zeman dovoluje! M\u00e1lo platn\u00e9, \u0159i\u0165olezci se sna\u017e\u00ed, se\u010d jim s\u00edly sta\u010d\u00ed, jen k\u00fd\u017een\u00fd v\u00fdsledek se nedostavuje! Je hodn\u011b trapn\u00e9 a pokryteck\u00e9 od pan\u00ed Pajerov\u00e9, \u017ee poukazuje na n\u011bjak\u00e9 platby ze strany pana Kellnera a jeho PPF, jakoby V\u00e1clav Havel u\u017e dlouho p\u0159ed listopadem 89 nebyl bohat\u011b placen z\u00e1padn\u00edmi\u00a0 mocnostmi (USA, NSR, Francie atd.)<\/p>\n<p>\u201eAle na\u0161t\u011bst\u00ed jsme na\u017eivu my ostatn\u00ed, kte\u0159\u00ed si ide\u00e1ly listopadu 1989 na\u0161t\u011bst\u00ed pamatujeme, a j\u00e1 jsem r\u00e1da, kdy\u017e vid\u00edm dnes mlad\u00e9 lidi, \u017ee jsou schopn\u00ed zvednout prapor a j\u00edt d\u00e1l a \u0159\u00edct, to nen\u00ed n\u00e1\u0161 prezident,\u201c uvedla Pajerov\u00e1.<\/p>\n<p>Pan\u00ed Pajerov\u00e1 je z\u0159ejm\u011b hodn\u011b sebev\u011bdom\u00e1 \u017eena, jej\u00ed nad\u0161en\u00ed v\u0161ak nesd\u00edl\u00edm ne snad proto, \u017ee bych m\u011bl n\u011bco proti entuziasmu mlad\u00fdch lid\u00ed, ale proto, \u017ee je chv\u00e1l\u00ed, resp.<i><b> sou\u010dasn\u011b vyz\u00fdv\u00e1 k odvaze nevychovan\u011b a ur\u00e1\u017eliv\u011b (ani\u017e by ch\u00e1pali celou z\u00e1le\u017eitost v \u0161ir\u0161\u00edm kontextu) vyk\u0159ikovat, \u017ee M. Zeman nen\u00ed jejich prezident. <\/b><\/i>Neberu nikomu osobn\u00ed n\u00e1zor, ale n\u00e1zor, netaktn\u011b a netolerantn\u011b vnucovan\u00fd ml\u00e1de\u017ei a podporovan\u00fd ze strany jejich nap\u0159. u\u010ditel\u016f, profesor\u016f nebo jin\u00fdch kapacit, je hodn\u011b, opravdu hodn\u011b pod \u00farove\u0148 a \u00fanosnou mez\u00a0 intelektu\u00e1la.<\/p>\n<p><b>D\u00e9monizace nebo kritika?<\/b><\/p>\n<p>M\u00edstop\u0159edseda KS\u010cM Ji\u0159\u00ed Dolej\u0161 nav\u00e1zal na nar\u00e1\u017eku b\u00fdval\u00e9 studentsk\u00e9 v\u016fdkyn\u011b na protesty proti Milo\u0161i Zemanovi v\u00a0den p\u011btadvac\u00e1t\u00e9ho v\u00fdro\u010d\u00ed 17. Listopadu, kdy\u017e uvedl, \u017ee <b>ne\u017eijeme v\u00a0monarchii a nem\u00e1me nedotknuteln\u00e9ho mocn\u00e1\u0159e<\/b>. Politici podle n\u011bj jsou a maj\u00ed b\u00fdt kritizovateln\u00ed, o tom je to ob\u010danstv\u00ed. \u201eMysl\u00edm si, \u017ee polistopadov\u00e9 hlavy st\u00e1tu jsou kritizovateln\u00e9, z\u00a0\u0159ady d\u016fvod\u016f,\u201c konstatoval s\u00a0t\u00edm, \u017ee se mu taky nel\u00edb\u00ed neurval\u00fd styl dne\u0161n\u00edho prezidenta ani jeho zkratkovit\u00e1 a n\u011bkdy zmate\u010dn\u00e1 zahrani\u010dn\u00ed politika, kdy se jednou se obj\u00edm\u00e1 s\u00a0Poro\u0161enkem, aby se podruh\u00e9 obj\u00edmal s\u00a0Putinem.<\/p>\n<p>I zde mohu souhlasit s n\u00e1zorem J. Dolej\u0161e, \u017ee <b>politici jsou a maj\u00ed b\u00fdt kritizovan\u00ed, stejn\u011b tak i hlavy st\u00e1t\u016f<\/b>. Nejde ale o to, zda kritizovat nebo ne, ale jak , kdy a kde kritizovat. Jin\u00fdmi slovy jakou formou, zp\u016fsobem, p\u0159i jak\u00e9 p\u0159\u00edle\u017eitosti a v jak\u00e9m prost\u0159ed\u00ed by m\u011bla b\u00fdt kritika s respektem, slu\u0161nost\u00ed a na spole\u010densk\u00e9 \u00farovni\u00a0 p\u0159ednesena. Znovu p\u0159ipom\u00edn\u00e1m, \u017ee v dob\u011b v\u00fdkonu postu prezidenta V. Havla by zcela jist\u011b k takov\u00fdm nechutnostem, jak\u00e9 se odehr\u00e1vaj\u00ed kolem M. Zemana nedo\u0161lo a neboj\u00edm se tvrdit, \u017ee s\u00e1m Havel by s t\u00edmto zp\u016fsobem kritiky nesouhlasil a jako takov\u00fd by jej r\u00e1zn\u011b odm\u00edtl. Jen\u017ee pro \u0159adu lid\u00ed nen\u00ed Zeman Havlem a proto si neberou ani serv\u00edtky p\u0159i jeho kritice a odsuzov\u00e1n\u00ed.<\/p>\n<p>\u201e<b><i>Na druhou stranu bych ho ned\u00e9monizoval, ned\u011blal z\u00a0n\u011bj rusk\u00e9ho \u0161v\u00e1ba, kter\u00fd vede na\u0161i zemi do pekel. <\/i><\/b>Koneckonc\u016f, kdy\u017e na N\u00e1rodn\u00ed t\u0159\u00edd\u011b bylo pom\u011brn\u011b hodn\u011b lid\u00ed, jsem schopen ch\u00e1pat, \u017ee \u010derven\u00e1 karta je docela vtipn\u00e1 metafora, co si ti lid\u00e9 mysleli, ale sni\u017eovat se na agresivn\u00ed komunikaci, \u010di dokonce h\u00e1zen\u00ed p\u0159edm\u011bt\u016f, to si mysl\u00edm, \u017ee v\u00a0po\u0159\u00e1dku nen\u00ed. Kdo tohle kon\u00e1, tak si mysl\u00edm, \u017ee je v\u00a0rozporu s\u00a0t\u00edm, co si mysl\u00ed o V\u00e1clavu Havlovi, kter\u00fd nepochybn\u011b jako ob\u010dan, p\u0159edstavitel kultury i \u010dlov\u011bk, jen\u017e v\u00a0minulosti trp\u011bl, se takhle nechoval. Jin\u00e1 v\u011bc je role V\u00e1clava jako prezidenta, tam k\u00a0n\u011bm m\u00e1m kritick\u00e9 v\u00fdhrady,\u201c dodal Dolej\u0161.<\/p>\n<p><b>Zeman chce b\u00fdt st\u0159edem pozornosti, nesk\u00e1kejme mu na \u0161pek,<\/b> \u0159\u00edk\u00e1\u00a0 L\u00edda Raku\u0161anov\u00e1 a dod\u00e1v\u00e1, \u017ee j\u00ed bylo l\u00edto energie, kterou vynalo\u017eili lid\u00e9 v ulic\u00edch na demonstrac\u00edch proti Milo\u0161i Zemanovi, proto\u017ee to je \u00fadajn\u011b p\u0159esn\u011b to, co on chce. \u201eChce b\u00fdt st\u0159edem pozornosti, chce b\u00fdt ka\u017ed\u00fd den na televizn\u00edch obrazovk\u00e1ch, na tituln\u00edch stran\u00e1ch novin a jedin\u00e9, co se proti tomu d\u00e1 d\u011blat, je nesk\u00e1kat mu na \u0161pek,\u201c mysl\u00ed si novin\u00e1\u0159ka.<br \/>\n<b>Zde je nutn\u00e9 podotknout, \u017ee pan\u00ed Raku\u0161anov\u00e1 si z\u0159ejm\u011b plete dojmy s pojmy kdy\u017e se domn\u00edv\u00e1, \u017ee M. Zeman\u00a0 chce b\u00fdt st\u0159edem pozornosti, chce b\u00fdt ka\u017ed\u00fd den na televizn\u00edch obrazovk\u00e1ch, na tituln\u00edch stran\u00e1ch. <\/b>Jednak bylo zcela na dobrovolnosti lid\u00ed, kte\u0159\u00ed vy\u0161li do ulic a za dal\u0161\u00ed bylo od nich naivn\u00ed si myslet, \u017ee jejich \u00fa\u010dast\u00ed donut\u00ed M. Zemana si \u201ehodit smy\u010dku\u201c, abych jejich mise v ulic\u00edch byla \u00fasp\u011b\u0161n\u00e1! Nev\u00edm co ji k takov\u00e9mu n\u00e1zoru vedlo\u00a0 a chce se mi \u0159\u00edct, \u017ee pan\u00ed Raku\u0161anov\u00e1 je blb\u00e1, ale nemohu, proto\u017ee bych se dostal na stejnou \u00farove\u0148, na kter\u00e9 je ona sama. Tedy nen\u00ed blb\u00e1, ale v dan\u00e9m p\u0159\u00edpad\u011b chytrost\u00ed\u00a0 zrovna neopl\u00fdv\u00e1, nebo\u0165 jsem se domn\u00edval, \u017ee jako renomovan\u00e1 novin\u00e1\u0159ka toho um\u00ed nejen v\u00edc, ale \u017ee m\u00e1 tak\u00e9 mnohem vybrou\u0161en\u011bj\u0161\u00ed styl uva\u017eov\u00e1n\u00ed a logiky. Nem\u00e1!<\/p>\n<p>Ladislav Jakl dokonce vlastn\u00ed sko\u0159\u00e1pku, kter\u00e1 na Albertov\u011b trefila n\u011bmeck\u00e9ho prezidenta Joachima Gaucka do sp\u00e1nku. \u201eM\u00e1m ji doma v\u00a0lednici. P\u0159\u00ed\u0161t\u00edm budovatel\u016fm muzea l\u00e1sky a pravdy ji opravdu r\u00e1d nab\u00eddnu, ze sv\u00e9 l\u00e1sky k\u00a0pravd\u011b,\u201c uvedl a pak se jal reagovat na slova<b>Moniky Pajerov\u00e9<\/b>, kterou <b>ozna\u010dil za plamennou d\u00e1mu a zn\u00e1mou svaz\u00e1ckou funkcion\u00e1\u0159ku, kter\u00e1 byla do studentsk\u00fdch aktivit nasazen\u00e1, aby kontrolovala pr\u016fb\u011bh 17. listopadu 1989.<\/b> \u201eTak jenom j\u00ed bych cht\u011bl \u0159\u00edct, \u017ee kdy\u017e vyjmenov\u00e1vala osoby z\u00fa\u010dastn\u011bn\u00e9 na opozi\u010dn\u00ed smlouv\u011b, tak zapomn\u011bla na V\u00e1clava Havla, kter\u00fd prvn\u00ed opozi\u010dn\u00ed smlouvu v roce 1996 s\u00e1m vymyslel, p\u0159ipravil, zkonstruoval a schv\u00e1lil. Tak\u017ee mo\u017en\u00e1 v\u00a0tom v\u00fd\u010dtu m\u011bla b\u00fdt kompletn\u011bj\u0161\u00ed,&#8220; mysl\u00ed si Jakl.<\/p>\n<p><b>Mo\u017en\u00e1 bychom m\u011bli s lidmi mluvit&#8230;<\/b><\/p>\n<p>Moder\u00e1tor po\u0159adu p\u0159ipomn\u011bl, \u017ee v\u00a0t\u00e9to souvislosti provedl CVVM pr\u016fzkum, ze kter\u00e9ho vyplynulo, \u017ee 33 % respondent\u016f uvedlo, \u017ee se p\u0159ed listopadem 1989 m\u011blo stejn\u011b \u010di dokonce l\u00e9pe. L\u00edda Raku\u0161anov\u00e1 to p\u0159isuzuje sp\u00ed\u0161e nostalgii ne\u017e odporu k\u00a0sou\u010dasn\u00e9mu re\u017eimu. Proto\u017ee nap\u0159\u00edklad jej\u00ed generace m\u00e1 probl\u00e9m se p\u0159eorientovat na nov\u00fd re\u017eim. Ta zm\u011bna pro ni pr\u00fd p\u0159i\u0161la pozd\u011b a oni to t\u011b\u017eko mohou dohnat. \u201eMinul\u00fd re\u017eim nebyl nepochybn\u011b doba, kdy my star\u0161\u00ed jsme vid\u011bli, \u017ee sn\u00edh je b\u011blej\u0161\u00ed a tr\u00e1va zelen\u011bj\u0161\u00ed. Prost\u011b dne\u0161n\u00ed re\u017eim neumo\u017e\u0148uje realizovat americk\u00fd sen z\u00a0\u010disti\u010de bot miliard\u00e1\u0159em. V\u00a0oblasti politick\u00fdch svobod je lep\u0161\u00ed, v\u00a0soci\u00e1ln\u00ed ot\u00e1zce m\u00e1 co doh\u00e1n\u011bt,\u201c uznal komunistick\u00fd poslanec. Ladislav Jakl na toto konto uvedl, \u017ee sice nen\u00ed fanou\u0161kem sou\u010dasn\u00e9ho babi\u0161ovsk\u00e9ho re\u017eimu, ale po\u0159\u00e1d je to stav, kter\u00fd lidem jako je on s\u00a0t\u00edm dovoluje n\u011bco d\u011blat. Zat\u00edmco p\u0159edlistopadov\u00fd re\u017eim umo\u017e\u0148oval jedinou v\u011bc \u2013 sk\u00e1cet re\u017eim. Monika Pajerov\u00e1 pova\u017euje \u201eza zaj\u00edmav\u00e9\u201c, \u017ee pr\u00e1v\u011b V\u00e1clav Klaus, kter\u00fd je zodpov\u011bdn\u00fd za kup\u00f3novou privatizaci a faktick\u00e9 rozkraden\u00ed zem\u011b, titulem sv\u00e9 knihy \u0159\u00edk\u00e1, \u017ee jsme \u201echt\u011bli v\u00edc ne\u017e supermarkety\u201c. Co d\u00e1l? Tohle je hlubok\u00e1 krize, mo\u017en\u00e1 nejhlub\u0161\u00ed od listopadu 1989 a mo\u017en\u00e1 je to p\u0159\u00edle\u017eitost nejenom z\u016fstat na ulici a m\u00e1vat \u010derven\u00fdmi kartami, co\u017e mus\u00edme, proto\u017ee Milo\u0161 Zeman je pro tuto zemi nebezpe\u010dn\u00fd&#8230;\u00a0 .<\/p>\n<p><b>Zde mus\u00edm vstoupit do diskuze a vyj\u00e1d\u0159it nesouhlas jak s L. Raku\u0161anovou, tak M. Pajerovou.<\/b> Pan\u00ed Raku\u0161anov\u00e1 se \u010d\u00e1ste\u010dn\u011b spr\u00e1vn\u011b vyj\u00e1d\u0159ila o probl\u00e9mu jej\u00ed (stejn\u011b jako moj\u00ed) generace se p\u0159eorientovat na nov\u00fd re\u017eim, na druh\u00e9 stran\u011b, za jist\u00fdch okolnost\u00ed by ani pro ni nebylo t\u011b\u017ek\u00e9 pochopit re\u017eim, kter\u00fd by vykazoval pozitiva ve srovn\u00e1n\u00ed s negativy minul\u00e9ho re\u017eimu. Ne \u017ee by se nic nezm\u011bnilo k lep\u0161\u00edmu, ale zase toho nebylo tolik, aby to p\u0159ev\u00e1\u017eilo ty negativa nemluv\u011b o tom, \u017ee ty z\u00e1sadn\u00ed pozitivn\u00ed zm\u011bny se t\u00fdk\u00e1 jen omezen\u00e9 \u010d\u00e1sti ob\u010dan\u016f, nebo\u0165 v\u00a0 kone\u010dn\u00e9m v\u00fdsledku p\u016fl milionu nezam\u011bstnan\u00fdch, jeden a p\u016fl milionu na hranici nebo pod hranic\u00ed b\u00eddy,\u00a0 nedostatek financi v d\u016fsledku jejich rozkraden\u00ed a rozprodejem v\u00fdrobn\u00edch prost\u0159edk\u016f\u00a0 nem\u016f\u017ee tuto generaci p\u0159esv\u011bd\u010dit o tom, \u017ee jde o z\u00e1sadn\u00ed zm\u011bnu k lep\u0161\u00edmu.<\/p>\n<p><b>Krize existuje<\/b><\/p>\n<p>M. Pajerov\u00e1 se zase nech\u00e1v\u00e1 un\u00e1\u0161et fale\u0161n\u00fdmi p\u0159edstavami o krizi, notabene zp\u016fsoben\u00e9 jakoby jen V. Klausem. Nepochybn\u011b m\u00e1 pravdu v tom, \u017ee krize existuje, ov\u0161em v jin\u00e9m skupenstv\u00ed, ne\u017e ji vid\u00ed ona. Je to podobn\u00e9, jako s n\u00e1zorem M. Zemana na v\u00e1lku na Ukrajin\u011b. On \u0159\u00edk\u00e1 a tvrd\u00ed, \u017ee na Ukrajin\u011b jde o ob\u010danskou v\u00e1lku, co\u017e ukrajinsk\u00e1 strana rezolutn\u011b odm\u00edt\u00e1 a protestuje proti t\u011bmto v\u00fdrok\u016fm\u00a0 a M. Zeman je na\u0161imi aktivn\u00edmi p\u0159izdisr\u00e1\u010di bezohledn\u011b napad\u00e1n, co \u017ee si to dovoluje \u0159\u00edkat o Ukrajin\u011b! Znovu mus\u00edm zd\u016fraznit ubohost pan\u00ed Pajerov\u00e9 s jej\u00edm n\u00e1zorem na pot\u0159ebu m\u00e1v\u00e1n\u00ed \u010derven\u00fdmi kartami, co\u017e by bylo je\u0161t\u011b \u00fanosn\u00e9, ov\u0161em tvrzen\u00ed, \u017ee Milo\u0161 Zeman je pro tuto zemi nebezpe\u010dn\u00fd je u\u017e hodn\u011b za hranou (i kdy\u017e nen\u00ed jedin\u00e1, kter\u00e1 to \u0159\u00edk\u00e1) a je to stejn\u00fd nesmysl, jako bych tvrdil, \u017ee pan\u00ed Pajerov\u00e1 je bl\u00e1zen a pat\u0159\u00ed do bl\u00e1zince!<\/p>\n<p>Podobn\u00e9 to je i s kriz\u00ed, o kter\u00e9 mluv\u00ed M. Pajerov\u00e1. Ta krize nen\u00ed ani tak politick\u00e1, jako mor\u00e1ln\u00ed, etick\u00e1 a mravn\u00ed. Od 17. listopadu se toho mnoho zm\u011bnilo jak v politice, tak ve spole\u010dnosti obecn\u011b. Ka\u017ed\u00fd soudn\u00fd \u010dlov\u011bk\u00a0 v\u00ed, o \u010dem je \u0159e\u010d.\u00a0 P\u0159esto pan\u00ed Pajerov\u00e1 m\u00e1 na mysli krizi v my\u0161len\u00ed ve smyslu odkazu V. Havla a v\u00fdznamu 17. listopadu 89.\u00a0 Existuje-li takov\u00e1 krize, pak je to p\u0159irozen\u00fd \u00fakaz, nebo\u0165 to jen potvrzuje, \u017ee listopadov\u00e1 revoluce zdaleka nesplnila nad\u011bje a o\u010dek\u00e1v\u00e1n\u00ed v\u0161ech ob\u010dan\u016f V\u00fdjimka potvrzuje pravidlo) nemluv\u011b o tom, jak\u00e9 nen\u00e1vratn\u00e9 a neposti\u017eiteln\u00e9 \u0161kody byly spole\u010dnosti a ob\u010dan\u016fm nap\u00e1ch\u00e1ny.<\/p>\n<p>&#8222;&#8230;ale asi mus\u00edme v\u00e9st debatu o tom, v\u00a0jak\u00e9 demokracii chceme \u017e\u00edt, aby byla spravedliv\u00e1, aby se ta spole\u010dnost d\u00e1l nerozd\u011blovala na ty, kte\u0159\u00ed bydl\u00ed ve velk\u00fdch m\u011bstech a chod\u00ed do pra\u017esk\u00e9 kav\u00e1rny, a na ty, kte\u0159\u00ed bydl\u00ed na vesnici. J\u00e1 jsem z\u00a0vesnice a jsem na to hrd\u00e1. Mo\u017en\u00e1 bychom m\u011bli s\u00a0lidmi zase mluvit, jako jsme to d\u011blali v\u00a0listopadu a prosinci 1989. Pak se teprve dozv\u00edme, co lid\u00e9 opravdu cht\u011bj\u00ed,\u201c m\u00edn\u00ed Pajerov\u00e1 a dod\u00e1v\u00e1: \u201eJi\u0159\u00ed Dolej\u0161 je z\u00a0t\u011bch osv\u00edcen\u00fdch komunist\u016f a j\u00e1 jsem v\u017edycky oce\u0148ovala jeho snahu stranu n\u011bjak\u00fdm zp\u016fsobem civilizovat, ale je pot\u0159eba tady p\u0159ipomenout, \u017ee za sebou m\u00e1me dva totalitn\u00ed re\u017eimy \u2013 nacismus a komunismus, a ten komunistick\u00fd trval podstatn\u011b d\u00e9le a na mor\u00e1lce nebo charakteru n\u00e1roda se podepsal stra\u0161liv\u00fdm zp\u016fsobem. Po\u0159\u00e1d \u010dek\u00e1m, \u017ee vy komunist\u00e9, vy osv\u00edcen\u00ed mezi v\u00e1mi, se jednoho dne omluv\u00edte a \u0159eknete to v\u010das, aby se toho je\u0161t\u011b v\u016fbec n\u011bkdo do\u010dkal,\u201c ukon\u010dila debatu \u0161\u0165ouchnut\u00edm do m\u00edstop\u0159edsedy KS\u010cM.<\/p>\n<p>Na z\u00e1v\u011br jen malou pozn\u00e1mku.\u00a0 Pan\u00ed Pajerov\u00e1 si neodpustila tzv. \u0161\u0165ouchanec do pana Dolej\u0161e s pozn\u00e1mkou, \u017ee \u010dek\u00e1, kdy se jednoho dne omluv\u00ed (p\u0159edstavitel\u00e9 dne\u0161n\u00ed KS\u010cM) a \u0159eknou to v\u010das, aby se toho je\u0161t\u011b n\u011bkdo v\u016fbec do\u010dkal. Nezb\u00fdv\u00e1 mi ne\u017e konstatovat, \u017ee chytr\u00e9mu napov\u011bz, hloup\u00e9ho trkni nebo tak\u00e9 kopni! Asi je p\u0159\u00edli\u0161 zaujata jin\u00fdmi starostmi \u017ee ji uniklo, \u017ee omluva ji\u017e byla dokonce n\u011bkolikr\u00e1t ze strany p\u0159edstavitel\u016f KS\u010cM \u0159e\u010dena. Mo\u017en\u00e1 bude chybou veden\u00ed KS\u010cM, \u017ee na to pan\u00ed Pajerovou neupozornili. Je t\u0159eba jim to p\u0159ipomenout, aby se to znovu neopakovalo. <i>(mezititulky red.)<\/i><\/div>\n<div align=\"justify\"><\/div>\n<div align=\"justify\"><a href=\"http:\/\/www.prvnizpravy.cz\/zpravy\/politika\/jiri-bata-jeden-nekritizovatelny-na-druheho-vejce-ale-no-tak\/\" target=\"_blank\">Zdroj<\/a><\/div>\n<\/div>\n","protected":false},"excerpt":{"rendered":"<p>Do po\u0159adu \u010cesk\u00e9 televize Ud\u00e1losti, koment\u00e1\u0159e p\u0159i\u0161lo vyjevit sv\u00e9 n\u00e1zory na polistopadov\u00fd v\u00fdvoj \u010cesk\u00e9 republiky a odkaz V\u00e1clava Havla n\u011bkolik zn\u00e1m\u00fdch lid\u00ed. &nbsp;<\/p>\n","protected":false},"author":1,"featured_media":0,"comment_status":"open","ping_status":"open","sticky":false,"template":"","format":"standard","meta":{"ngg_post_thumbnail":0,"footnotes":""},"categories":[11],"tags":[],"class_list":["post-5298","post","type-post","status-publish","format-standard","hentry","category-ozvena"],"_links":{"self":[{"href":"https:\/\/www.ladislavjakl.cz\/index.php?rest_route=\/wp\/v2\/posts\/5298","targetHints":{"allow":["GET"]}}],"collection":[{"href":"https:\/\/www.ladislavjakl.cz\/index.php?rest_route=\/wp\/v2\/posts"}],"about":[{"href":"https:\/\/www.ladislavjakl.cz\/index.php?rest_route=\/wp\/v2\/types\/post"}],"author":[{"embeddable":true,"href":"https:\/\/www.ladislavjakl.cz\/index.php?rest_route=\/wp\/v2\/users\/1"}],"replies":[{"embeddable":true,"href":"https:\/\/www.ladislavjakl.cz\/index.php?rest_route=%2Fwp%2Fv2%2Fcomments&post=5298"}],"version-history":[{"count":1,"href":"https:\/\/www.ladislavjakl.cz\/index.php?rest_route=\/wp\/v2\/posts\/5298\/revisions"}],"predecessor-version":[{"id":5299,"href":"https:\/\/www.ladislavjakl.cz\/index.php?rest_route=\/wp\/v2\/posts\/5298\/revisions\/5299"}],"wp:attachment":[{"href":"https:\/\/www.ladislavjakl.cz\/index.php?rest_route=%2Fwp%2Fv2%2Fmedia&parent=5298"}],"wp:term":[{"taxonomy":"category","embeddable":true,"href":"https:\/\/www.ladislavjakl.cz\/index.php?rest_route=%2Fwp%2Fv2%2Fcategories&post=5298"},{"taxonomy":"post_tag","embeddable":true,"href":"https:\/\/www.ladislavjakl.cz\/index.php?rest_route=%2Fwp%2Fv2%2Ftags&post=5298"}],"curies":[{"name":"wp","href":"https:\/\/api.w.org\/{rel}","templated":true}]}}