{"id":5300,"date":"2014-11-26T15:18:10","date_gmt":"2014-11-26T14:18:10","guid":{"rendered":"http:\/\/www.ladislavjakl.cz\/?p=5300"},"modified":"2014-11-26T15:18:10","modified_gmt":"2014-11-26T14:18:10","slug":"patri-snad-deti-statu","status":"publish","type":"post","link":"https:\/\/www.ladislavjakl.cz\/?p=5300","title":{"rendered":"Pat\u0159\u00ed snad d\u011bti st\u00e1tu?"},"content":{"rendered":"<p><strong>Pat\u0159\u00ed snad d\u011bti st\u00e1tu?<\/strong><\/p>\n<p>Ladislav Jakl byl je\u0161t\u011b do minul\u00e9ho roku tajemn\u00edkem prezidenta republiky V\u00e1clava Klause, mimo jin\u00e9 je hlavn\u011b rockov\u00fdm hudebn\u00edkem a sv\u00e9ho \u010dasu b\u00fdval tak\u00e9 novin\u00e1\u0159em. Mu\u017e, kter\u00fd v\u00ed, jak to chod\u00ed mezi politiky, \u010deho se politici boj\u00ed a pro\u010d nekonaj\u00ed v p\u0159\u00edpad\u011b ukraden\u00fdch d\u011bt\u00ed norsk\u00fdm soci\u00e1ln\u00edm \u00fa\u0159adem. Jeho odpov\u011bdi jsou zde.<\/p>\n<p><!--more--><\/p>\n<p><strong>Sly\u0161el jste o p\u0159\u00edpadu odebran\u00fdch \u010desk\u00fdch d\u011bt\u00ed v Norsku?<\/strong><\/p>\n<p><em>Ano, jist\u011b. Zpr\u00e1vy o takov\u00e9 zv\u016fli ne\u0161lo p\u0159eslechnout. <\/em><\/p>\n<p><strong>Norsk\u00fd soci\u00e1ln\u00ed \u00fa\u0159ad Barnevern je syst\u00e9m, na kter\u00fd je Norsko jako st\u00e1t kr\u00e1tk\u00e9, nem\u016f\u017ee ho \u00fadajn\u011b nijak \u0159\u00eddit, nijak ovliv\u0148ovat. Barnevern d\u011bti odeb\u00edr\u00e1 z rodin na z\u00e1klad\u011b jak\u00e9hokoli ud\u00e1n\u00ed bez soudu, bez n\u011bjak\u00e9ho p\u0159edchoz\u00edho \u0159\u00edzen\u00ed. Jak je podle v\u00e1s mo\u017en\u00e9, \u017ee ve zd\u00e1nliv\u011b civilizovan\u00e9 zemi vznikne takov\u00e1to ma\u0161in\u00e9rie?<\/strong><\/p>\n<p><em>To m\u00e1 dv\u011b p\u0159\u00ed\u010diny. Jedna je institucion\u00e1ln\u00ed. V \u00e9\u0159e postdemokracie, kterou za\u017e\u00edv\u00e1me, demokratick\u00fd mand\u00e1t vze\u0161l\u00fd z voleb u\u017e t\u00e9m\u011b\u0159 nic neznamen\u00e1. Pod z\u00e1minkou ochrany n\u011bkter\u00fdch instituc\u00ed &#8222;p\u0159ed politiky&#8220; je naprosto &#8222;chr\u00e1n\u00edme&#8220; p\u0159ed jakoukoli demokratickou kontrolou. T\u00edm vznikaj\u00ed instituce zcela voluntaristick\u00e9, utr\u017een\u00e9 \u00a0ze \u0159et\u011bzu a nereflektuj\u00edc\u00ed spole\u010denskou v\u016fli. Druhou p\u0159\u00ed\u010dinou je \u010d\u00e1ste\u010dn\u011b samovoln\u00fd, \u010d\u00e1ste\u010dn\u011b velmi \u0159\u00edzen\u00fd rozpad rodiny. V\u0161e pat\u0159\u00ed st\u00e1tu, i d\u011bti, i meziosobn\u00ed vztahy. V\u00edte, pro\u010d se totalitn\u00edm re\u017eim\u016fm \u0159\u00edk\u00e1 totalitn\u00ed? Proto\u017ee maj\u00ed ambice nikoli pouze vl\u00e1dnout, t\u0159eba i silou. \u0158\u00edk\u00e1 se jim tak, proto\u017ee je nezaj\u00edm\u00e1 pouze st\u00e1tn\u00ed moc. Zaj\u00edm\u00e1 je ve\u0161ker\u00e1 lidsk\u00e1 i neve\u0159ejn\u00e1 \u010dinnost, zaj\u00edm\u00e1 je kontrola soukrom\u00ed. Nelze nechat na rodi\u010d\u00edch, aby &#8222;kazily&#8220; d\u011bti neschv\u00e1len\u00fdm syst\u00e9mem hodnot. V tom se dne\u0161ek za\u010d\u00edn\u00e1 totalitn\u00edm re\u017eim\u016fm podobat, v mnoh\u00e9m je u\u017e dokonce p\u0159ekon\u00e1v\u00e1. Nesm\u011bj\u00ed pr\u00fd existovat uzav\u0159en\u00e9 sv\u011bty, kam prsty st\u00e1tu nesahaj\u00ed. Proto je t\u0159eba rodinu rozb\u00edjet a d\u011blat z n\u00ed ve\u0159ejn\u00fd majetek.\u00a0<\/em><\/p>\n<p><strong>Ve sp\u00e1rech Barnevernu je velk\u00e9 mno\u017estv\u00ed nepr\u00e1vem odebran\u00fdch d\u011bt\u00ed ve vykonstruovan\u00fdch procesech, jako d\u016fvody odebr\u00e1n\u00ed se pova\u017euj\u00ed i malichernosti nebo sp\u00ed\u0161e absurdity, nap\u0159. rusk\u00e9mu chlapci (8 let) matka vytrhla k\u00fdvaj\u00edc\u00ed se ml\u00e9\u010dn\u00fd zub, polsk\u00e1 hol\u010di\u010dka (9 let) byla odebr\u00e1na, proto\u017ee se &#8222;podez\u0159ele&#8220; smutn\u011b tv\u00e1\u0159ila (pr\u00e1v\u011b se toti\u017e dozv\u011bd\u011bla, \u017ee j\u00ed zem\u0159ela babi\u010dka). Nepr\u016fst\u0159eln\u00fd syst\u00e9m byl prolomen jen p\u00e1rkr\u00e1t skrze mezin\u00e1rodn\u00ed soud pro lidsk\u00e1 pr\u00e1va v \u0160trasburku a tak\u00e9 diplomatick\u00fdmi n\u00e1tlaky. V p\u0159\u00edpad\u011b odebran\u00fdch d\u011bt\u00ed indick\u00e9 a rusk\u00e9 rodin\u011b se za n\u011b st\u00e1ty postavily a daly jasn\u011b najevo, \u017ee za sv\u00fdmi ob\u010dany stoj\u00ed a \u017e\u00e1daj\u00ed o ukon\u010den\u00ed p\u0159\u00edpad\u016f a navr\u00e1cen\u00ed d\u011bt\u00ed. Norsko nakonec n\u00e1tlaku ustoupilo a d\u011bti vydalo. Co je tedy podle v\u00e1s nutno ud\u011blat, aby byly d\u011bti vyd\u00e1ny zp\u011bt sv\u00fdm rodi\u010d\u016fm?<\/strong><\/p>\n<p><em>Nemylme se, zdivo\u010del\u00e1 juveniln\u00ed justice neexistuje jen v Norsku, tam ji jen dot\u00e1hli k jist\u00e9 zvrhl\u00e9 dokonalosti. A co je nutno d\u011blat? Je t\u0159eba b\u00fdt sly\u0161et. V prvn\u00ed \u0159ad\u011b je t\u0159eba vyv\u00edjet tlak na \u010desk\u00fd st\u00e1t, aby za sv\u00e9 ob\u010dany bojoval, jako to d\u011blaj\u00ed jin\u00e9 sebev\u011bdom\u00e9 a neu\u0161l\u00e1pnut\u00e9 zem\u011b. V druh\u00e9 \u0159ad\u011b je t\u0159eba zkou\u0161et v\u0161echny kan\u00e1ly na m\u00e9dia. A ve t\u0159et\u00ed je t\u0159eba z\u00edsk\u00e1vat spojence v c\u00edrkv\u00edch a p\u0159\u00edslu\u0161n\u011b orientovan\u00fdch mezin\u00e1rodn\u00edch ob\u010dansk\u00fdch iniciativ\u00e1ch. \u00a0\u00a0 <\/em><\/p>\n<p><strong>Kdo z vl\u00e1dn\u00edch p\u0159edstavitel\u016f je podle v\u00e1s v sou\u010dasn\u00e9 dob\u011b nejkompetentn\u011bj\u0161\u00ed podniknout kroky k z\u00edsk\u00e1n\u00ed chlapc\u016f zp\u011bt do p\u00e9\u010de \u010desk\u00e9 matky?<\/strong><\/p>\n<p><em>Nejde o to KDO, ale kter\u00e1 instituce. A tou je ur\u010dit\u011b Ministerstvo zahrani\u010d\u00ed. O v\u011bci ale mus\u00ed b\u00fdt pr\u016fb\u011b\u017en\u011b informov\u00e1n i \u00da\u0159ad vl\u00e1dy a poslanci zahrani\u010dn\u00edch v\u00fdbor\u016f obou komor parlamentu. <\/em><\/p>\n<p><strong>Mohl by t\u0159eba prezident zvednout telefon, zavolat norsk\u00e9mu kr\u00e1li nebo p\u0159edsedovi vl\u00e1dy a d\u016frazn\u011b ho upozornit, \u017ee se mu jedn\u00e1n\u00ed nel\u00edb\u00ed a \u017ee \u010cesk\u00e1 republika chce d\u011bti zp\u011bt? Nebo je to hodn\u011b naivn\u00ed p\u0159edstava v praxi nere\u00e1ln\u00e1?<\/strong><\/p>\n<p><em>Nere\u00e1ln\u00e1 p\u0159edstava to nen\u00ed. Jin\u00ed prezidenti takov\u00e9 v\u011bci d\u011blaj\u00ed \u010dasto. <\/em><\/p>\n<p><strong>Jak byste tento p\u0159\u00edpad \u0159e\u0161il vy jako rodi\u010d, kter\u00e9mu odeberou neopr\u00e1vn\u011bn\u011b d\u00edt\u011b? \u0158editel \u00fa\u0159adu pro mezin\u00e1rodn\u011b pr\u00e1vn\u00ed ochranu d\u00edt\u011bte pan Kapit\u00e1n prohl\u00e1sil, \u017ee by se nedivil, kdyby pan\u00ed Michal\u00e1kov\u00e1 d\u011bti unesla. P\u0159istoupil byste t\u0159eba k takov\u00e9mu kroku?<\/strong><\/p>\n<p><em>Jak bych to \u0159e\u0161il j\u00e1, to bohu\u017eel nemohu sd\u011blit. Takov\u00e9 v\u011bci nemohu radit druh\u00fdm, jen sob\u011b.<\/em><\/p>\n<p><strong>A jak byste tady tento p\u0159\u00edpad \u0159e\u0161il vy jako osoba, pokud byste byl ve funkci nap\u0159\u00edklad p\u0159edsedy vl\u00e1dy nebo prezidenta?<\/strong><\/p>\n<p><em>Za\u0159adil bych p\u0159\u00edpad do prioritn\u00ed agendy vztah\u016f s doty\u010dnou zem\u00ed. <\/em><\/p>\n<p><strong>Juveniln\u00ed justice se v Evrop\u011b rozr\u016fst\u00e1 a m\u00e1 \u010d\u00edm d\u00e1l v\u011bt\u0161\u00ed chapadla. Nejot\u0159esn\u011bj\u0161\u00edmi p\u0159\u00edpady je zn\u00e1m\u00e9 Norsko, \u0160v\u00e9dsko a Velk\u00e1 Brit\u00e1nie. Jakou \u00falohu v tomto sehr\u00e1v\u00e1 Evropsk\u00e1 unie?<\/strong><\/p>\n<p><em>Zrovna Norsko v\u00a0EU nen\u00ed, ale mysl\u00edm, \u017ee se tyto v\u011bci odehr\u00e1vaj\u00ed za v\u011bdom\u00ed a souhlasu p\u0159\u00edslu\u0161n\u00fdch org\u00e1n\u016f EU.<\/em><\/p>\n<p><strong>Mysl\u00edte, \u017ee vystoupen\u00edm z EU bychom se mohli vyhnout pr\u00e1v\u011b i t\u011bmto chapadl\u016fm juveniln\u00ed justice?<\/strong><\/p>\n<p><em>Vyhnout bychom se tomu nemohli ani tak. Ale na\u0161i p\u0159edstavitel\u00e9 by m\u011bli v\u011bt\u0161\u00ed sebev\u011bdom\u00ed p\u0159i jedn\u00e1n\u00ed s partnery, ne\u017e m\u00e1 polonez\u00e1visl\u00e1 zem\u011b, jakou \u010dlensk\u00e9 st\u00e1ty EU jsou<\/em>.<\/p>\n<p><strong>Na z\u00e1v\u011br se zept\u00e1m: pro\u010d si mysl\u00edte, \u017ee sou\u010dasn\u00e1 vl\u00e1da p\u0159\u00edpad ignoruje? Boj\u00ed se n\u011b\u010deho minist\u0159i nebo prezident, \u017ee nezas\u00e1hnou, a je v\u016fbec \u010deho se b\u00e1t? Jde o zbab\u011blost nebo sp\u00ed\u0161 strach o norsk\u00e9 fondy?<\/strong><\/p>\n<p><em>Konkr\u00e9tn\u011b o fondy snad nejde, ani o n\u011bjak\u00fd konkr\u00e9tn\u00ed strach z n\u011b\u010deho. Je to prost\u011b projev klasick\u00e9 nesamostatn\u00e9 ustra\u0161en\u00e9 zahrani\u010dn\u00ed politiky, kter\u00e1 se u n\u00e1s provozuje a za ni\u017e jsou na\u0161i politici a diplomati chv\u00e1leni nejen sv\u00fdmi partnery v zahrani\u010d\u00ed, co\u017e je pochopiteln\u00e9, kdy\u017e jim ve v\u0161em ustoup\u00ed, ale zcela nepochopiteln\u011b i na\u0161imi m\u00e9dii, kter\u00e1 maj\u00ed h\u00e1jit z\u00e1jmy na\u0161ich ob\u010dan\u016f.<\/em><\/p>\n<p>Ptala se Jordanka Jir\u00e1skov\u00e1<\/p>\n<p><a href=\"http:\/\/hotpepper.cz\/10018,cz_ladislav-jakl-o-necinnosti-statu-v-kauze-ukrad.html\" target=\"_blank\">Zdroj<\/a><\/p>\n","protected":false},"excerpt":{"rendered":"<p>Pat\u0159\u00ed snad d\u011bti st\u00e1tu? Ladislav Jakl byl je\u0161t\u011b do minul\u00e9ho roku tajemn\u00edkem prezidenta republiky V\u00e1clava Klause, mimo jin\u00e9 je hlavn\u011b rockov\u00fdm hudebn\u00edkem a sv\u00e9ho \u010dasu b\u00fdval tak\u00e9 novin\u00e1\u0159em. Mu\u017e, kter\u00fd v\u00ed, jak to chod\u00ed mezi politiky, \u010deho se politici boj\u00ed a pro\u010d nekonaj\u00ed v p\u0159\u00edpad\u011b ukraden\u00fdch d\u011bt\u00ed norsk\u00fdm soci\u00e1ln\u00edm \u00fa\u0159adem. Jeho odpov\u011bdi jsou zde.<\/p>\n","protected":false},"author":1,"featured_media":0,"comment_status":"open","ping_status":"open","sticky":false,"template":"","format":"standard","meta":{"ngg_post_thumbnail":0,"footnotes":""},"categories":[13],"tags":[],"class_list":["post-5300","post","type-post","status-publish","format-standard","hentry","category-rozhovory"],"_links":{"self":[{"href":"https:\/\/www.ladislavjakl.cz\/index.php?rest_route=\/wp\/v2\/posts\/5300","targetHints":{"allow":["GET"]}}],"collection":[{"href":"https:\/\/www.ladislavjakl.cz\/index.php?rest_route=\/wp\/v2\/posts"}],"about":[{"href":"https:\/\/www.ladislavjakl.cz\/index.php?rest_route=\/wp\/v2\/types\/post"}],"author":[{"embeddable":true,"href":"https:\/\/www.ladislavjakl.cz\/index.php?rest_route=\/wp\/v2\/users\/1"}],"replies":[{"embeddable":true,"href":"https:\/\/www.ladislavjakl.cz\/index.php?rest_route=%2Fwp%2Fv2%2Fcomments&post=5300"}],"version-history":[{"count":1,"href":"https:\/\/www.ladislavjakl.cz\/index.php?rest_route=\/wp\/v2\/posts\/5300\/revisions"}],"predecessor-version":[{"id":5301,"href":"https:\/\/www.ladislavjakl.cz\/index.php?rest_route=\/wp\/v2\/posts\/5300\/revisions\/5301"}],"wp:attachment":[{"href":"https:\/\/www.ladislavjakl.cz\/index.php?rest_route=%2Fwp%2Fv2%2Fmedia&parent=5300"}],"wp:term":[{"taxonomy":"category","embeddable":true,"href":"https:\/\/www.ladislavjakl.cz\/index.php?rest_route=%2Fwp%2Fv2%2Fcategories&post=5300"},{"taxonomy":"post_tag","embeddable":true,"href":"https:\/\/www.ladislavjakl.cz\/index.php?rest_route=%2Fwp%2Fv2%2Ftags&post=5300"}],"curies":[{"name":"wp","href":"https:\/\/api.w.org\/{rel}","templated":true}]}}