{"id":5306,"date":"2014-11-28T14:50:00","date_gmt":"2014-11-28T13:50:00","guid":{"rendered":"http:\/\/www.ladislavjakl.cz\/?p=5306"},"modified":"2014-12-01T15:47:23","modified_gmt":"2014-12-01T14:47:23","slug":"ferguson-riot-ferguson-majdan","status":"publish","type":"post","link":"https:\/\/www.ladislavjakl.cz\/?p=5306","title":{"rendered":"Ferguson Riot? Ferguson Majdan!"},"content":{"rendered":"<p class=\"perex\">Dev\u00e1t\u00e9ho z\u00e1\u0159\u00ed leto\u0161n\u00edho roku jsme s\u00a0p\u0159\u00e1teli proj\u00ed\u017ed\u011bli americk\u00fdm m\u011bstem St Louis, cestou z\u00a0Kansas City do Cincinnati. Dokonce p\u0159\u00edmo jeho \u010dtvrt\u00ed Ferguson.<\/p>\n<p class=\"perex\"><!--more--><\/p>\n<p class=\"perex\">V\u00a0Americe je b\u011b\u017en\u00e9, \u017ee se m\u011bsta sice rozr\u016fstaj\u00ed daleko za sv\u00e9 n\u011bkdej\u0161\u00ed hranice, ale po spr\u00e1vn\u00ed str\u00e1nce z\u016fst\u00e1vaj\u00ed v\u00a0nich. B\u011b\u017en\u011b tak jedete po ulici a ani si nev\u0161imnete, \u017ee u\u017e jste nomin\u00e1ln\u011b v\u00a0jin\u00e9m m\u011bst\u011b. Tak je to i s\u00a0Fergusonem. Ten m\u00e1 sice sv\u00e9ho starostu s\u00a0ve\u0161kerou spr\u00e1vou, ale z\u00a0urbanistick\u00e9ho hlediska le\u017e\u00ed zcela uvnit\u0159 velkom\u011bsta St Louis, hranice tam nepozn\u00e1te.\u00a0 Asi jako jsou Vokovice sou\u010d\u00e1st\u00ed Prahy. I p\u0159es Ferguson se jezd\u00ed z\u00a0centra na leti\u0161t\u011b.<\/p>\n<div class=\"article-text\">\n<p>P\u0159esto\u017ee tehdy bylo jen n\u011bkolik t\u00fddn\u016f po bou\u0159\u00edch, kter\u00e9 tu vyvolalo zast\u0159elen\u00ed neozbrojen\u00e9ho mlad\u00edka ozbrojen\u00fdm policistou, vypadaly ulice poklidn\u011b a m\u00edrumilovn\u011b. Zato te\u010f to tam v\u0159e. Jen se pod\u00edvejte:<\/p>\n<p><a href=\"https:\/\/www.google.cz\/search?q=ferguson+riots&amp;tbm=isch&amp;tbo=u&amp;source=univ&amp;sa=X&amp;ei=7Rh3VNTVFOT4yQOu0oKQCQ&amp;ved=0CCcQsAQ&amp;biw=1777&amp;bih=861&amp;dpr=0.9\" target=\"_blank\">ODKAZ ZDE<\/a><\/p>\n<p>Tamn\u00edm ud\u00e1lostem se \u0159\u00edk\u00e1 Ferguson Riots (rad\u011bji nep\u0159ekl\u00e1dat, n\u011bkter\u00e1 slova se u n\u00e1s sm\u011bj\u00ed \u0159\u00edkat pouze anglicky), podle mne by si ale zaslou\u017eily pojmenov\u00e1n\u00ed \u201efergusonsk\u00fd majdan.\u201c Rod\u00ed se zde toti\u017e nov\u00e1, demokrati\u010dt\u011bj\u0161\u00ed a lid\u0161t\u011bj\u0161\u00ed Amerika.<\/p>\n<p>USA jsou jist\u011b rozvinutou demokraci\u00ed, k\u00a0dokonalosti jim ale n\u011bco m\u00e1lo chyb\u00ed. Od znalc\u016f m\u00edstn\u00edch pom\u011br\u016f jsem t\u0159eba sly\u0161el, \u017ee kdy\u017e v\u00a0onom Fergusonu p\u0159ijde b\u011bloch k\u00a0takov\u00e9 sk\u0159\u00ed\u0148ce na ulici a zm\u00e1\u010dkne p\u00e1r knofl\u00edk\u016f, vylezou mu ze \u0161t\u011brbiny dolary. Zat\u00edmco kdy\u017e ke stejn\u00e9 sk\u0159\u00ed\u0148ce p\u0159ijde Afroameri\u010dan, m\u016f\u017ee se t\u0159eba uma\u010dkat, ale ze \u0161t\u011brbiny nevyleze nic. Jasn\u00e1 diskriminace.<\/p>\n<p>Proto je majdan nejen ve Fergusonu, ale v\u00a0dal\u0161\u00edch mnoha podobn\u00fdch \u010dtvrt\u00ed podle znalc\u016f m\u00edstn\u00edch pom\u011br\u016f zcela nam\u00edst\u011b, ba dokonce je jedinou nad\u011bj\u00ed pokroku. Pokojn\u00ed demonstranti proti zv\u016fli to tam budou m\u00edt t\u011b\u017ek\u00e9, ale hodn\u011b by si v\u011bc usnadnili, kdyby pro sv\u00e9 sna\u017een\u00ed prosadili m\u00edsto ozna\u010den\u00ed \u201eriots\u201c modern\u011bj\u0161\u00ed \u201emajdan\u201c. A ve\u0159ejnosti bude jasno.<\/p>\n<p>Tak jsem si po sob\u011b sv\u00e1 slova p\u0159e\u010detl a zd\u00e1 se mi to jako p\u011bkn\u00e1 blbost. Nebo \u017ee by to byla pravda?<\/p>\n<p><a href=\"http:\/\/jakl.blog.idnes.cz\/c\/437263\/Ferguson-Riot-Ferguson-Majdan.html\" target=\"_blank\">Zdroj<\/a><\/p>\n<\/div>\n","protected":false},"excerpt":{"rendered":"<p>Dev\u00e1t\u00e9ho z\u00e1\u0159\u00ed leto\u0161n\u00edho roku jsme s\u00a0p\u0159\u00e1teli proj\u00ed\u017ed\u011bli americk\u00fdm m\u011bstem St Louis, cestou z\u00a0Kansas City do Cincinnati. Dokonce p\u0159\u00edmo jeho \u010dtvrt\u00ed Ferguson.<\/p>\n","protected":false},"author":1,"featured_media":0,"comment_status":"open","ping_status":"open","sticky":false,"template":"","format":"standard","meta":{"ngg_post_thumbnail":0,"footnotes":""},"categories":[10],"tags":[],"class_list":["post-5306","post","type-post","status-publish","format-standard","hentry","category-zlehka"],"_links":{"self":[{"href":"https:\/\/www.ladislavjakl.cz\/index.php?rest_route=\/wp\/v2\/posts\/5306","targetHints":{"allow":["GET"]}}],"collection":[{"href":"https:\/\/www.ladislavjakl.cz\/index.php?rest_route=\/wp\/v2\/posts"}],"about":[{"href":"https:\/\/www.ladislavjakl.cz\/index.php?rest_route=\/wp\/v2\/types\/post"}],"author":[{"embeddable":true,"href":"https:\/\/www.ladislavjakl.cz\/index.php?rest_route=\/wp\/v2\/users\/1"}],"replies":[{"embeddable":true,"href":"https:\/\/www.ladislavjakl.cz\/index.php?rest_route=%2Fwp%2Fv2%2Fcomments&post=5306"}],"version-history":[{"count":2,"href":"https:\/\/www.ladislavjakl.cz\/index.php?rest_route=\/wp\/v2\/posts\/5306\/revisions"}],"predecessor-version":[{"id":5316,"href":"https:\/\/www.ladislavjakl.cz\/index.php?rest_route=\/wp\/v2\/posts\/5306\/revisions\/5316"}],"wp:attachment":[{"href":"https:\/\/www.ladislavjakl.cz\/index.php?rest_route=%2Fwp%2Fv2%2Fmedia&parent=5306"}],"wp:term":[{"taxonomy":"category","embeddable":true,"href":"https:\/\/www.ladislavjakl.cz\/index.php?rest_route=%2Fwp%2Fv2%2Fcategories&post=5306"},{"taxonomy":"post_tag","embeddable":true,"href":"https:\/\/www.ladislavjakl.cz\/index.php?rest_route=%2Fwp%2Fv2%2Ftags&post=5306"}],"curies":[{"name":"wp","href":"https:\/\/api.w.org\/{rel}","templated":true}]}}