{"id":5314,"date":"2014-12-01T15:46:38","date_gmt":"2014-12-01T14:46:38","guid":{"rendered":"http:\/\/www.ladislavjakl.cz\/?p=5314"},"modified":"2014-12-01T15:46:38","modified_gmt":"2014-12-01T14:46:38","slug":"cesticky-hulvata-hejny-aneb-hejna-neni-zadna-podrztaska-ale","status":"publish","type":"post","link":"https:\/\/www.ladislavjakl.cz\/?p=5314","title":{"rendered":"Cesti\u010dky hulv\u00e1ta Hejny, aneb Hejna nen\u00ed \u017e\u00e1dn\u00e1 podr\u017eta\u0161ka, ale\u2026"},"content":{"rendered":"<p>L\u00e1mete si hlavu, pro\u010d prezident Zeman mluv\u00ed sprost\u011b? Bytost, kter\u00e1 se na internetu podepisuje jako Josef Hejna, na to p\u0159i\u0161la. M\u016f\u017eu za to j\u00e1. Hned jsem se zaradoval, \u017ee kone\u010dn\u011b v\u00edm, na \u010dem jsem, taky jsem si s\u00a0t\u00edm Zemanem l\u00e1mal hlavu.<\/p>\n<p><!--more--><\/p>\n<p>\u0160koda jen, \u017ee bytost Hejna moc nespecifikuje, jak jsem toho Zemana k\u00a0jeho vulgarit\u00e1m dostrkal. Ona tahle hejn\u00ed bytost ostatn\u011b v\u016fbec nec\u00edt\u00ed pot\u0159ebu zd\u016fvodnit svoje plivance, z\u00a0nich\u017e \u010d\u00e1st opakovan\u011b v\u011bnuje ve sv\u00e9 \u0161t\u011bdrosti m\u00e9 mali\u010dkosti. A tak v\u00a0blogu Cesti\u010dky k\u00a0Hulv\u00e1tovu p\u00ed\u0161e jen to, \u017ee cestou k\u00a0Zemanovu Hulv\u00e1tovu bylo m\u00e9 ve\u0159ejn\u00e9 hl\u00e1s\u00e1n\u00ed oh\u00fdb\u00e1n\u00ed \u00fastavy. P\u0159id\u00e1v\u00e1 sv\u00e9 obl\u00edben\u00e9 ozna\u010den\u00ed m\u00e9 osoby jako podr\u017eta\u0161ky, ale bohu\u017eel u\u017e ne\u0159\u00edk\u00e1, kdy, kde a jak jsem se takov\u00e9ho hrozn\u00e9ho hulv\u00e1tstv\u00ed kolem oh\u00fdb\u00e1n\u00ed dopustil. J\u00e1 si pamatuji si jen to, \u017ee se mi moc nel\u00edbil Havl\u016fv term\u00edn \u201educh z\u00e1kona\u201c kter\u00fdm prezident Havel kdysi obhajoval velmi voln\u00e9 zach\u00e1zen\u00ed s\u00a0pr\u00e1vem. Tak\u017ee se Zemanem u\u017e m\u00e1m v\u00a0z\u00e1sad\u011b jasno, ale te\u010f si mus\u00edm l\u00e1mat hlavu s\u00a0t\u00edm sv\u00fdm \u201ehl\u00e1s\u00e1n\u00edm oh\u00fdb\u00e1n\u00ed \u00fastavy\u201c. A nejen s\u00a0t\u00edm. Sly\u0161el jsem tuhle, \u017ee onen Hejna nikomu ta\u0161ku nikdy nepodr\u017e\u00ed, zato \u00fadajn\u011b r\u00e1d kdekomu podr\u017e\u00ed a oh\u00fdb\u00e1n\u00ed u toho pr\u00fd nehroz\u00ed. A j\u00e1 jsem zas v\u00a0nejistot\u00e1ch.<\/p>\n","protected":false},"excerpt":{"rendered":"<p>L\u00e1mete si hlavu, pro\u010d prezident Zeman mluv\u00ed sprost\u011b? Bytost, kter\u00e1 se na internetu podepisuje jako Josef Hejna, na to p\u0159i\u0161la. M\u016f\u017eu za to j\u00e1. Hned jsem se zaradoval, \u017ee kone\u010dn\u011b v\u00edm, na \u010dem jsem, taky jsem si s\u00a0t\u00edm Zemanem l\u00e1mal hlavu.<\/p>\n","protected":false},"author":1,"featured_media":0,"comment_status":"open","ping_status":"open","sticky":false,"template":"","format":"standard","meta":{"ngg_post_thumbnail":0,"footnotes":""},"categories":[6],"tags":[],"class_list":["post-5314","post","type-post","status-publish","format-standard","hentry","category-co-jsem-nerekl"],"_links":{"self":[{"href":"https:\/\/www.ladislavjakl.cz\/index.php?rest_route=\/wp\/v2\/posts\/5314","targetHints":{"allow":["GET"]}}],"collection":[{"href":"https:\/\/www.ladislavjakl.cz\/index.php?rest_route=\/wp\/v2\/posts"}],"about":[{"href":"https:\/\/www.ladislavjakl.cz\/index.php?rest_route=\/wp\/v2\/types\/post"}],"author":[{"embeddable":true,"href":"https:\/\/www.ladislavjakl.cz\/index.php?rest_route=\/wp\/v2\/users\/1"}],"replies":[{"embeddable":true,"href":"https:\/\/www.ladislavjakl.cz\/index.php?rest_route=%2Fwp%2Fv2%2Fcomments&post=5314"}],"version-history":[{"count":1,"href":"https:\/\/www.ladislavjakl.cz\/index.php?rest_route=\/wp\/v2\/posts\/5314\/revisions"}],"predecessor-version":[{"id":5315,"href":"https:\/\/www.ladislavjakl.cz\/index.php?rest_route=\/wp\/v2\/posts\/5314\/revisions\/5315"}],"wp:attachment":[{"href":"https:\/\/www.ladislavjakl.cz\/index.php?rest_route=%2Fwp%2Fv2%2Fmedia&parent=5314"}],"wp:term":[{"taxonomy":"category","embeddable":true,"href":"https:\/\/www.ladislavjakl.cz\/index.php?rest_route=%2Fwp%2Fv2%2Fcategories&post=5314"},{"taxonomy":"post_tag","embeddable":true,"href":"https:\/\/www.ladislavjakl.cz\/index.php?rest_route=%2Fwp%2Fv2%2Ftags&post=5314"}],"curies":[{"name":"wp","href":"https:\/\/api.w.org\/{rel}","templated":true}]}}