{"id":534,"date":"2010-09-07T14:37:21","date_gmt":"2010-09-07T13:37:21","guid":{"rendered":"http:\/\/www.ladislavjakl.cz\/?p=534"},"modified":"2010-09-07T14:37:21","modified_gmt":"2010-09-07T13:37:21","slug":"mladi-ve-fronte-na-soudnost","status":"publish","type":"post","link":"https:\/\/www.ladislavjakl.cz\/?p=534","title":{"rendered":"Mlad\u00ed ve front\u011b na soudnost"},"content":{"rendered":"<p>Zeptal se m\u011b v\u010dera formou SMS novin\u00e1\u0159 Jakub Pokorn\u00fd z\u00a0Mlad\u00e9 fronty Dnes, jak\u00e9 vid\u00edm zm\u011bny na prezidentu V\u00e1clavu Klausovi v\u00a0jeho druh\u00e9m volebn\u00edm obdob\u00ed. Odpov\u011bd\u011bl jsem mu toto:<\/p>\n<p><!--more-->\u201eNemysl\u00edm, \u017ee se zm\u011bnil. To sp\u00ed\u0161 kolem se v\u0161e m\u011bn\u00ed. T\u0159eba vl\u00e1dy. Nyn\u00ed je to ur\u010dit\u011b jin\u00e9 ne\u017e v\u00a0dob\u011b kohabitace s\u00a0Paroubkem. L. J.\u201c<\/p>\n<p>Novin\u00e1\u0159 tuhle dlouhou esemesku do dne\u0161n\u00edch novin opsal skoro bez chyby, jen mi p\u0159idal do \u00fast Paroubkovo k\u0159estn\u00ed jm\u00e9no, tak\u017ee se mu u\u017e neve\u0161lo slovo \u201esp\u00ed\u0161\u201c. Ale u\u017e to je \u00fasp\u011bch. C\u00edtil v\u0161ak pot\u0159ebu \u010dten\u00e1\u0159\u016fm vysv\u011btlit v\u00fdznam slova, kter\u00e9 asi vid\u011bl poprv\u00e9 v\u00a0\u017eivot\u011b. Tak napsal: <em>\u201e(slovo \u201ekohabitace\u201c znamen\u00e1 nesezdan\u00e9 sou\u017eit\u00ed \u2013 pozn. red.).\u201c<\/em><\/p>\n<p>Napsal jsem mu tedy dnes tuto SMS:<\/p>\n<p>\u201eKohabitace v\u00a0politice neznamen\u00e1 nesezdan\u00e9 sou\u017eit\u00ed, ale situaci, kdy prezident a premi\u00e9r poch\u00e1zej\u00ed z\u00a0opa\u010dn\u00e9 \u010d\u00e1sti politick\u00e9ho spektra. Je to b\u011b\u017en\u00fd term\u00edn zejm\u00e9na ve francouzsk\u00e9 politick\u00e9 tradici a ozna\u010duje stav rozpolcenosti ve veden\u00ed st\u00e1tu, tedy p\u0159esn\u00fd opak toho, co \u010dten\u00e1\u0159 ch\u00e1pe pod obratem \u201enesezdan\u00e9 sou\u017eit\u00ed\u201c. Mo\u017en\u00e1 by o politice m\u011bli ps\u00e1t lid\u00e9 se znalost\u00ed z\u00e1kladn\u00edch pojm\u016f. O sportu snad tak\u00e9 nep\u00ed\u0161\u00ed novin\u00e1\u0159i, kte\u0159\u00ed hledaj\u00ed v\u00fdznam slova off side ve slovn\u00edku.<\/p>\n<p>L.J.\u201c<\/p>\n<p>A v\u00edte, co odpov\u011bd\u011bl? Tipujete n\u011bco jako: jsem to ale trdlo, omluv\u00e1m se, to se styd\u00edm, p\u00e1ch\u00e1m harakiri, kon\u010d\u00edm s\u00a0novina\u0159inou, u\u017e budu ps\u00e1t leda drby o zp\u011bva\u010dk\u00e1ch? Nikoli. Odpov\u011bd\u011bl toto: \u201cDekuji za upresneni.doplnim si znalosti.jp\u201c<\/p>\n<p>No nejsou ti novin\u00e1\u0159i roztomil\u00ed? Hlavn\u011b z\u00a0toho den\u00edku, co tak r\u00e1d peskuje lidi, \u017ee p\u00ed\u0161ou o v\u011bcech, kter\u00fdm pr\u00fd nerozum\u011bj\u00ed?<\/p>\n","protected":false},"excerpt":{"rendered":"<p>Zeptal se m\u011b v\u010dera formou SMS novin\u00e1\u0159 Jakub Pokorn\u00fd z\u00a0Mlad\u00e9 fronty Dnes, jak\u00e9 vid\u00edm zm\u011bny na prezidentu V\u00e1clavu Klausovi v\u00a0jeho druh\u00e9m volebn\u00edm obdob\u00ed. Odpov\u011bd\u011bl jsem mu toto:<\/p>\n","protected":false},"author":1,"featured_media":0,"comment_status":"open","ping_status":"open","sticky":false,"template":"","format":"standard","meta":{"ngg_post_thumbnail":0,"footnotes":""},"categories":[6],"tags":[],"class_list":["post-534","post","type-post","status-publish","format-standard","hentry","category-co-jsem-nerekl"],"_links":{"self":[{"href":"https:\/\/www.ladislavjakl.cz\/index.php?rest_route=\/wp\/v2\/posts\/534","targetHints":{"allow":["GET"]}}],"collection":[{"href":"https:\/\/www.ladislavjakl.cz\/index.php?rest_route=\/wp\/v2\/posts"}],"about":[{"href":"https:\/\/www.ladislavjakl.cz\/index.php?rest_route=\/wp\/v2\/types\/post"}],"author":[{"embeddable":true,"href":"https:\/\/www.ladislavjakl.cz\/index.php?rest_route=\/wp\/v2\/users\/1"}],"replies":[{"embeddable":true,"href":"https:\/\/www.ladislavjakl.cz\/index.php?rest_route=%2Fwp%2Fv2%2Fcomments&post=534"}],"version-history":[{"count":1,"href":"https:\/\/www.ladislavjakl.cz\/index.php?rest_route=\/wp\/v2\/posts\/534\/revisions"}],"predecessor-version":[{"id":535,"href":"https:\/\/www.ladislavjakl.cz\/index.php?rest_route=\/wp\/v2\/posts\/534\/revisions\/535"}],"wp:attachment":[{"href":"https:\/\/www.ladislavjakl.cz\/index.php?rest_route=%2Fwp%2Fv2%2Fmedia&parent=534"}],"wp:term":[{"taxonomy":"category","embeddable":true,"href":"https:\/\/www.ladislavjakl.cz\/index.php?rest_route=%2Fwp%2Fv2%2Fcategories&post=534"},{"taxonomy":"post_tag","embeddable":true,"href":"https:\/\/www.ladislavjakl.cz\/index.php?rest_route=%2Fwp%2Fv2%2Ftags&post=534"}],"curies":[{"name":"wp","href":"https:\/\/api.w.org\/{rel}","templated":true}]}}