{"id":5348,"date":"2014-12-17T09:37:16","date_gmt":"2014-12-17T08:37:16","guid":{"rendered":"http:\/\/www.ladislavjakl.cz\/?p=5348"},"modified":"2014-12-26T14:13:51","modified_gmt":"2014-12-26T13:13:51","slug":"kniha-roku-014","status":"publish","type":"post","link":"https:\/\/www.ladislavjakl.cz\/?p=5348","title":{"rendered":"Kniha roku 014"},"content":{"rendered":"<p>Mne zaujala kniha z\u00a0literatury faktu, lze-li to tak \u0159\u00edci, konkr\u00e9tn\u011b kn\u00ed\u017eka s\u00a0prost\u00fdm n\u00e1zvem M\u011bsto. Jde o dal\u0161\u00ed svazek z\u00a0cyklu Pr\u016fvodce \u010deskou histori\u00ed od autorsk\u00e9ho p\u00e1ru Alena a Vlastimil Vondru\u0161kovi. Knihu vydalo nakladatelstv\u00ed Vy\u0161ehrad u\u017e loni, ale mn\u011b se dostala do rukou a\u017e v\u00a0pr\u016fb\u011bhu leto\u0161n\u00edho roku.<\/p>\n<p><!--more--><\/p>\n<p>V\u00a0tomto p\u0159\u00edpad\u011b nejde o knihu, kter\u00e1 by si \u010dinila ambici nau\u010dit n\u00e1s rozum\u011bt slo\u017eit\u00fdm historick\u00fdm vztah\u016fm. Velmi p\u0159ehledn\u00fdm zp\u016fsobem toti\u017e mapuje sp\u00ed\u0161e jednotliv\u00e9 typy urbanistick\u00fdch celk\u016f, kter\u00e9 v\u00a0pr\u016fb\u011bhu stalet\u00ed vznikaly na na\u0161em \u00fazem\u00ed. Kniha systematicky sleduje, jak se spolu se zm\u011bnou doby, m\u00edsta \u010di charakteru s\u00eddla prom\u011b\u0148ovala podoba nap\u0159\u00edklad fortifikace \u010di c\u00edrkevn\u00edch, spr\u00e1vn\u00edch, hospod\u00e1\u0159sk\u00fdch, obytn\u00fdch, vzd\u011bl\u00e1vac\u00edch a dal\u0161\u00edch staveb. Nejde tedy o medailonky m\u011bst ani o p\u0159ehled d\u011bjinn\u00fdch \u010di d\u011bjepisn\u00fdch ud\u00e1lost\u00ed, ale o systematick\u00fd v\u00fdkladov\u00fd projekt, usnad\u0148uj\u00edc\u00ed pochopit skute\u010dn\u00fd denn\u00ed \u017eivot v\u00a0na\u0161ich m\u011bstech od po\u010d\u00e1tku urbanismu po baroko. Nejde ani o historickou beletrii, ani o odbornou studii, co\u017e jsou oba \u017e\u00e1nry, kter\u00e9 historik Vondru\u0161ka um\u00ed. Zde jde vlastn\u011b o jist\u00fd typ u\u010debnice pro samouky, kte\u0159\u00ed se na historii ned\u00edvaj\u00ed jen jako na z\u00e1pas mocensk\u00fdch sil a o historick\u00fdch pam\u00e1tk\u00e1ch si nemysl\u00ed, \u017ee je p\u0159edchoz\u00ed generace ponechaly dne\u0161n\u00ed generaci jako romantick\u00e9 zkr\u00e1\u0161len\u00ed na\u0161\u00ed krajiny, ale kte\u0159\u00ed v\u011bd\u00ed, \u017ee denn\u011b \u0161lapeme po sice zapomenut\u00fdch, ale kdysi velmi konkr\u00e9tn\u00edch oby\u010dejn\u00fdch i neoby\u010dejn\u00fdch lidsk\u00fdch \u017eivotech a osudech.<\/p>\n<p><em>(ps\u00e1no pro Newsletter IVK) \u00a0<\/em><\/p>\n","protected":false},"excerpt":{"rendered":"<p>Mne zaujala kniha z\u00a0literatury faktu, lze-li to tak \u0159\u00edci, konkr\u00e9tn\u011b kn\u00ed\u017eka s\u00a0prost\u00fdm n\u00e1zvem M\u011bsto. Jde o dal\u0161\u00ed svazek z\u00a0cyklu Pr\u016fvodce \u010deskou histori\u00ed od autorsk\u00e9ho p\u00e1ru Alena a Vlastimil Vondru\u0161kovi. Knihu vydalo nakladatelstv\u00ed Vy\u0161ehrad u\u017e loni, ale mn\u011b se dostala do rukou a\u017e v\u00a0pr\u016fb\u011bhu leto\u0161n\u00edho roku.<\/p>\n","protected":false},"author":1,"featured_media":0,"comment_status":"open","ping_status":"open","sticky":false,"template":"","format":"standard","meta":{"ngg_post_thumbnail":0,"footnotes":""},"categories":[1],"tags":[],"class_list":["post-5348","post","type-post","status-publish","format-standard","hentry","category-publikovane-clanky"],"_links":{"self":[{"href":"https:\/\/www.ladislavjakl.cz\/index.php?rest_route=\/wp\/v2\/posts\/5348","targetHints":{"allow":["GET"]}}],"collection":[{"href":"https:\/\/www.ladislavjakl.cz\/index.php?rest_route=\/wp\/v2\/posts"}],"about":[{"href":"https:\/\/www.ladislavjakl.cz\/index.php?rest_route=\/wp\/v2\/types\/post"}],"author":[{"embeddable":true,"href":"https:\/\/www.ladislavjakl.cz\/index.php?rest_route=\/wp\/v2\/users\/1"}],"replies":[{"embeddable":true,"href":"https:\/\/www.ladislavjakl.cz\/index.php?rest_route=%2Fwp%2Fv2%2Fcomments&post=5348"}],"version-history":[{"count":3,"href":"https:\/\/www.ladislavjakl.cz\/index.php?rest_route=\/wp\/v2\/posts\/5348\/revisions"}],"predecessor-version":[{"id":5358,"href":"https:\/\/www.ladislavjakl.cz\/index.php?rest_route=\/wp\/v2\/posts\/5348\/revisions\/5358"}],"wp:attachment":[{"href":"https:\/\/www.ladislavjakl.cz\/index.php?rest_route=%2Fwp%2Fv2%2Fmedia&parent=5348"}],"wp:term":[{"taxonomy":"category","embeddable":true,"href":"https:\/\/www.ladislavjakl.cz\/index.php?rest_route=%2Fwp%2Fv2%2Fcategories&post=5348"},{"taxonomy":"post_tag","embeddable":true,"href":"https:\/\/www.ladislavjakl.cz\/index.php?rest_route=%2Fwp%2Fv2%2Ftags&post=5348"}],"curies":[{"name":"wp","href":"https:\/\/api.w.org\/{rel}","templated":true}]}}