{"id":536,"date":"2010-09-08T13:10:50","date_gmt":"2010-09-08T12:10:50","guid":{"rendered":"http:\/\/www.ladislavjakl.cz\/?p=536"},"modified":"2010-09-08T13:10:50","modified_gmt":"2010-09-08T12:10:50","slug":"havel-s-fischerem-domlouvaji-vondrackove-jakl-nevmesujte-se","status":"publish","type":"post","link":"https:\/\/www.ladislavjakl.cz\/?p=536","title":{"rendered":"Havel s Fischerem domlouvaj\u00ed Vondr\u00e1\u010dkov\u00e9. Jakl: Nevm\u011b\u0161ujte se"},"content":{"rendered":"<p><span>7.9.2010 14:58<\/span> &#8211; <strong>B\u00fdval\u00fd  prezident V\u00e1clav Havel a expremi\u00e9r Jan Fischer podepsali v\u00fdzvu k  ukon\u010den\u00ed soudn\u00edho sporu mezi zp\u011bva\u010dkou Helenou Vondr\u00e1\u010dkovou a Martou  Kubi\u0161ovou. Prezident\u016fv tajemn\u00edk v\u0161ak v reakci na dotaz serveru  Parlamentn\u00edListy.cz ozna\u010dil dopis nep\u0159\u00edmo za vm\u011b\u0161ov\u00e1n\u00ed se do \u0159\u00edzen\u00ed  spravedlnosti. <\/strong><\/p>\n<p><strong><!--more--><\/strong>\u201eMysl\u00edm, \u017ee Spravedlnost by nem\u011bla rozhodovat podle  sympati\u00ed. M\u00e1 rozhodovat podle pr\u00e1va. Ur\u010dit\u011b si n\u011bkdy poslechnu  Kubi\u0161ovou, Vondr\u00e1\u010dkovou nikdy. Kubi\u0161ov\u00e9 si v\u00edce cen\u00edm i za jej\u00ed postoje  po roce 1968. To mi v\u0161ak ned\u00e1v\u00e1 n\u00e1rok komukoli up\u00edrat, aby h\u00e1jil sv\u00e9  z\u00e1jmy podle pr\u00e1va. Jsou ale lid\u00e9, kte\u0159\u00ed by Spravedlnosti cht\u011bli sundat  p\u00e1sku z o\u010d\u00ed a p\u0159im\u011bt ji, aby se na sv\u011bt d\u00edvala jejich o\u010dima,&#8220; uvedl Jakl<\/p>\n<p><strong>Hodnota pen\u011bz a p\u0159\u00e1telstv\u00ed<\/strong><\/p>\n<p>N\u011bkolik osobnost\u00ed ve\u0159ejn\u00e9ho i kulturn\u00edho \u017eivota sepsalo v\u00fdzvu ke  zp\u011bva\u010dce Helen\u011b Vondr\u00e1\u010dkov\u00e9, aby zv\u00e1\u017eila sv\u016fj soudn\u00ed spor se svou  b\u00fdvalou kolegyn\u00ed ze skupiny Golden Kids Martou Kubi\u0161ovou. Pod otev\u0159en\u00fdm  dopisem jsou podeps\u00e1ni krom\u011b Havla a Fischera tak\u00e9 olympijsk\u00e1 v\u00edt\u011bzka  V\u011bra \u010c\u00e1slavsk\u00e1 nebo hudebn\u00edk V\u00e1clav Neck\u00e1\u0159, kter\u00fd s ob\u011bma zp\u011bva\u010dkami  p\u016fsobil ve skupin\u011b Golden Kids.<\/p>\n<p>\u201eS velk\u00fdm p\u0159ekvapen\u00edm sledujeme Va\u0161e soudn\u00ed spory s pan\u00ed Martou  Kubi\u0161ovou. Hodnotu pen\u011bz jste v nich pov\u00fd\u0161ila nad p\u0159\u00e1telstv\u00ed i oby\u010dejnou  lidskou slu\u0161nost v\u016f\u010di \u010dlov\u011bku, kter\u00fd V\u00e1m byl kdysi bl\u00edzk\u00fd, nikdy  neubl\u00ed\u017eil a p\u0159esto, \u017ee ho potkal nep\u0159\u00edzniv\u011bj\u0161\u00ed osud ne\u017e V\u00e1s, nep\u0159estal  se k V\u00e1m hl\u00e1sit,&#8220; p\u00ed\u0161e se v dopise.<\/p>\n<p>\u201e\u017d\u00e1dn\u00e9 soudn\u00ed rozhodnut\u00ed V\u00e1m nezajist\u00ed p\u0159\u00edze\u0148 lid\u00ed, kter\u00e9 t\u00edmto sv\u00fdm  postojem lidsky ztr\u00e1c\u00edte. Zva\u017ete pod\u00e1v\u00e1n\u00ed \u017ealob a p\u0159ejd\u011bte znovu svou  \u0159eku Jord\u00e1n,&#8220; kon\u010d\u00ed text s odkazem na popul\u00e1rn\u00ed p\u00edse\u0148 Zde\u0148ka Marata a  Zde\u0148ka Borovce, je\u017e poprv\u00e9 zazn\u011bla v roce 1968 a s n\u00ed\u017e Vondr\u00e1\u010dkov\u00e1  slavila velk\u00e9 \u00fasp\u011bchy.<\/p>\n<p><strong>Vondr\u00e1\u010dkov\u00e1 s man\u017eelem po\u017eaduj\u00ed 1,3 milionu <\/strong><\/p>\n<p>Helena Vondr\u00e1\u010dkov\u00e1 za\u017ealovala Martu Kubi\u0161ovou\u00a0kv\u016fli tomu, \u017ee odstoupila  od spole\u010dn\u00e9 dohody. M\u011bli spolu vyrazit na turn\u00e9 jako za star\u00fdch \u010das\u016f  skupiny Golden Kids. Kubi\u0161ov\u00e1 v\u0161ak nakonec svou \u00fa\u010dast od\u0159ekla. Pr\u00fd  proto, \u017ee byla akce \u0161patn\u011b p\u0159ipraven\u00e1. Vondr\u00e1\u010dkov\u00e1 se sv\u00fdm man\u017eelem  Martinem Michalem se s n\u00ed hned za\u010dala soudit.<\/p>\n<p>Po\u017eaduj\u00ed od\u0161kodn\u00e9 zejm\u00e9na za u\u0161l\u00fd zisk a tak\u00e9 jako kompenzaci za  propagaci neuskute\u010dn\u011bn\u00e9ho turn\u00e9. Celkem \u017ealuj\u00ed Kubi\u0161ovou o 1,3 milionu  korun. Pra\u017esk\u00fd m\u011bstsk\u00fd soud nakonec rozhodl v neprosp\u011bch Vondr\u00e1\u010dkov\u00e9.  Kubi\u0161ov\u00e1 toti\u017e nepodepsala \u017e\u00e1dnou smlouvu, ve\u0161ker\u00e9 domluvy byly pouze  \u00fastn\u00ed. Vondr\u00e1\u010dkov\u00e1 s Michalem v\u0161ak tvrd\u00ed, \u017ee na posledn\u00ed sch\u016fzce  uzav\u0159eli z\u00e1vaznou \u00fastn\u00ed dohodu.<\/p>\n<p><a href=\"http:\/\/www.parlamentnilisty.cz\/parlament\/174632.aspx\" target=\"_blank\">ZDROJ<\/a><\/p>\n","protected":false},"excerpt":{"rendered":"<p>7.9.2010 14:58 &#8211; B\u00fdval\u00fd prezident V\u00e1clav Havel a expremi\u00e9r Jan Fischer podepsali v\u00fdzvu k ukon\u010den\u00ed soudn\u00edho sporu mezi zp\u011bva\u010dkou Helenou Vondr\u00e1\u010dkovou a Martou Kubi\u0161ovou. Prezident\u016fv tajemn\u00edk v\u0161ak v reakci na dotaz serveru Parlamentn\u00edListy.cz ozna\u010dil dopis nep\u0159\u00edmo za vm\u011b\u0161ov\u00e1n\u00ed se do \u0159\u00edzen\u00ed spravedlnosti.<\/p>\n","protected":false},"author":1,"featured_media":0,"comment_status":"open","ping_status":"open","sticky":false,"template":"","format":"standard","meta":{"ngg_post_thumbnail":0,"footnotes":""},"categories":[11],"tags":[],"class_list":["post-536","post","type-post","status-publish","format-standard","hentry","category-ozvena"],"_links":{"self":[{"href":"https:\/\/www.ladislavjakl.cz\/index.php?rest_route=\/wp\/v2\/posts\/536","targetHints":{"allow":["GET"]}}],"collection":[{"href":"https:\/\/www.ladislavjakl.cz\/index.php?rest_route=\/wp\/v2\/posts"}],"about":[{"href":"https:\/\/www.ladislavjakl.cz\/index.php?rest_route=\/wp\/v2\/types\/post"}],"author":[{"embeddable":true,"href":"https:\/\/www.ladislavjakl.cz\/index.php?rest_route=\/wp\/v2\/users\/1"}],"replies":[{"embeddable":true,"href":"https:\/\/www.ladislavjakl.cz\/index.php?rest_route=%2Fwp%2Fv2%2Fcomments&post=536"}],"version-history":[{"count":2,"href":"https:\/\/www.ladislavjakl.cz\/index.php?rest_route=\/wp\/v2\/posts\/536\/revisions"}],"predecessor-version":[{"id":538,"href":"https:\/\/www.ladislavjakl.cz\/index.php?rest_route=\/wp\/v2\/posts\/536\/revisions\/538"}],"wp:attachment":[{"href":"https:\/\/www.ladislavjakl.cz\/index.php?rest_route=%2Fwp%2Fv2%2Fmedia&parent=536"}],"wp:term":[{"taxonomy":"category","embeddable":true,"href":"https:\/\/www.ladislavjakl.cz\/index.php?rest_route=%2Fwp%2Fv2%2Fcategories&post=536"},{"taxonomy":"post_tag","embeddable":true,"href":"https:\/\/www.ladislavjakl.cz\/index.php?rest_route=%2Fwp%2Fv2%2Ftags&post=536"}],"curies":[{"name":"wp","href":"https:\/\/api.w.org\/{rel}","templated":true}]}}