{"id":5365,"date":"2015-01-06T09:13:04","date_gmt":"2015-01-06T08:13:04","guid":{"rendered":"http:\/\/www.ladislavjakl.cz\/?p=5365"},"modified":"2015-01-06T09:13:18","modified_gmt":"2015-01-06T08:13:18","slug":"jakl-zajmove-skupiny-si-rozdelily-stat-povolen-je-jen-jeden-nazor","status":"publish","type":"post","link":"https:\/\/www.ladislavjakl.cz\/?p=5365","title":{"rendered":"Jakl: Z\u00e1jmov\u00e9 skupiny si rozd\u011blily st\u00e1t, povolen je jen jeden n\u00e1zor&#8230;"},"content":{"rendered":"<div class=\"zpravy_image_big\">\n<p>Pozitivn\u00ed jist\u011b bylo v uplynul\u00e9m roce, \u017ee\u00a0v\u00e1lkychtivost na\u0161ich m\u00e9di\u00ed a politik\u016f z\u016fstala zat\u00edm je\u0161t\u011b jen u slov, \u0159\u00edk\u00e1 v rozhovoru pro Prvnizpravy.cz Ladislav Jakl.<\/p>\n<div class=\"clear\"><!--more--><\/div>\n<div class=\"clear\"><\/div>\n<div class=\"imgText\"><b>PZ: Co podle V\u00e1s p\u0159inesl rok 2014 pozitivn\u00edho a negativn\u00edho pro na\u0161i spole\u010dnost?<\/b><\/div>\n<\/div>\n<p>Pozitivn\u00edho? Leda to, \u017ee v\u00e1lkychtivost na\u0161ich m\u00e9di\u00ed a politik\u016f z\u016fstala zat\u00edm je\u0161t\u011b jen u slov, ale m\u00e1m obavu, \u017ee letos vinou naprost\u00e9 nezodpov\u011bdnosti dojde i na samo v\u00e1l\u010den\u00ed. A negativn\u00edho? Jist\u011b, toho je ur\u010dit\u011b v\u00edc. K bruselsk\u00fdm z\u00e1kaz\u016fm a p\u0159\u00edkaz\u016fm si hbit\u011b p\u0159id\u00e1v\u00e1me dal\u0161\u00ed a dal\u0161\u00ed regulace a sou\u010dasn\u00e1 vl\u00e1da v tom je p\u0159eborn\u00edkem. Bohat\u00e9 z\u00e1jmov\u00e9 skupiny si rozd\u011blily st\u00e1t a v m\u00e9di\u00edch a ve ve\u0159ejn\u00e9 diskusi je povolen jen jeden n\u00e1zor, ostatn\u00ed jsou \u0161ikanov\u00e1ny, uml\u010dov\u00e1ny a zesm\u011b\u0161\u0148ov\u00e1ny.<\/p>\n<div id=\"zprava_text\" class=\"\">\n<div align=\"justify\"><b>PZ: Co si mysl\u00edte, \u017ee je pot\u0159eba v na\u0161\u00ed spole\u010dnosti v p\u0159\u00ed\u0161t\u00edm roce zm\u011bnit?<\/b>Nikdo z n\u00e1s nen\u00ed in\u017een\u00fdrem lidsk\u00fdch osud\u016f, spole\u010dnost neum\u00ed m\u011bnit nikdo. Ta se m\u016f\u017ee zm\u011bnit jen sama. A k pot\u0159eb\u011b zm\u011bny dojde jen tak, \u017ee dosavadn\u00ed cesta se uk\u00e1\u017ee b\u00fdt slepou zp\u016fsobem, kter\u00fd u\u017e nep\u016fjde p\u0159ehl\u00e9dnout.<\/p>\n<p><b>PZ: S jak\u00fdm p\u0159edsevzet\u00edm p\u016fjdete do nov\u00e9ho roku?<\/b><\/p>\n<p>Do nov\u00e9ho roku si d\u00e1v\u00e1m obvykle stejn\u00e1 p\u0159edsevzet\u00ed, jako do ka\u017ed\u00e9ho nov\u00e9ho dne. Jedn\u00edm z nich je, \u017ee nad\u011bji je t\u0159eba hledat i tam, kde u\u017e ji nikdo nevid\u00ed.<\/p>\n<\/div>\n<div align=\"justify\"><\/div>\n<div align=\"justify\"><a href=\"http:\/\/www.prvnizpravy.cz\/zpravy\/politika\/jakl-zajmove-skupiny-si-rozdelily-stat-povolen-je-jen-jeden-nazor-\/\" target=\"_blank\">Zdroj<\/a><\/div>\n<\/div>\n","protected":false},"excerpt":{"rendered":"<p>Pozitivn\u00ed jist\u011b bylo v uplynul\u00e9m roce, \u017ee\u00a0v\u00e1lkychtivost na\u0161ich m\u00e9di\u00ed a politik\u016f z\u016fstala zat\u00edm je\u0161t\u011b jen u slov, \u0159\u00edk\u00e1 v rozhovoru pro Prvnizpravy.cz Ladislav Jakl.<\/p>\n","protected":false},"author":1,"featured_media":0,"comment_status":"open","ping_status":"open","sticky":false,"template":"","format":"standard","meta":{"ngg_post_thumbnail":0,"footnotes":""},"categories":[13],"tags":[],"class_list":["post-5365","post","type-post","status-publish","format-standard","hentry","category-rozhovory"],"_links":{"self":[{"href":"https:\/\/www.ladislavjakl.cz\/index.php?rest_route=\/wp\/v2\/posts\/5365","targetHints":{"allow":["GET"]}}],"collection":[{"href":"https:\/\/www.ladislavjakl.cz\/index.php?rest_route=\/wp\/v2\/posts"}],"about":[{"href":"https:\/\/www.ladislavjakl.cz\/index.php?rest_route=\/wp\/v2\/types\/post"}],"author":[{"embeddable":true,"href":"https:\/\/www.ladislavjakl.cz\/index.php?rest_route=\/wp\/v2\/users\/1"}],"replies":[{"embeddable":true,"href":"https:\/\/www.ladislavjakl.cz\/index.php?rest_route=%2Fwp%2Fv2%2Fcomments&post=5365"}],"version-history":[{"count":2,"href":"https:\/\/www.ladislavjakl.cz\/index.php?rest_route=\/wp\/v2\/posts\/5365\/revisions"}],"predecessor-version":[{"id":5367,"href":"https:\/\/www.ladislavjakl.cz\/index.php?rest_route=\/wp\/v2\/posts\/5365\/revisions\/5367"}],"wp:attachment":[{"href":"https:\/\/www.ladislavjakl.cz\/index.php?rest_route=%2Fwp%2Fv2%2Fmedia&parent=5365"}],"wp:term":[{"taxonomy":"category","embeddable":true,"href":"https:\/\/www.ladislavjakl.cz\/index.php?rest_route=%2Fwp%2Fv2%2Fcategories&post=5365"},{"taxonomy":"post_tag","embeddable":true,"href":"https:\/\/www.ladislavjakl.cz\/index.php?rest_route=%2Fwp%2Fv2%2Ftags&post=5365"}],"curies":[{"name":"wp","href":"https:\/\/api.w.org\/{rel}","templated":true}]}}