{"id":5374,"date":"2015-01-12T09:12:49","date_gmt":"2015-01-12T08:12:49","guid":{"rendered":"http:\/\/www.ladislavjakl.cz\/?p=5374"},"modified":"2015-01-12T09:12:49","modified_gmt":"2015-01-12T08:12:49","slug":"ladislav-jakl-o-mediich-a-parizi-ktera-chtela-vladnout-svetu","status":"publish","type":"post","link":"https:\/\/www.ladislavjakl.cz\/?p=5374","title":{"rendered":"Ladislav Jakl o m\u00e9di\u00edch a Pa\u0159\u00ed\u017ei, kter\u00e1 cht\u011bla vl\u00e1dnout sv\u011btu"},"content":{"rendered":"<p>B\u00fdval\u00fd tajemn\u00edk Hradu, Ladislav Jakl se v exkluzivn\u00edm rozhovoru pro VIPosobnosti.eu vyj\u00e1d\u0159il nejen k pa\u0159\u00ed\u017esk\u00e9 trag\u00e9dii, co za n\u00ed podle n\u011bj stoj\u00ed, ale tak\u00e9 nap\u0159\u00edklad vysv\u011btlil, pro\u010d je \u0161\u00e9f Ano, Andrej Babi\u0161 u lid\u00ed obl\u00edben\u00fd, \u010di jak vn\u00edm\u00e1 sou\u010dasn\u00fd konflitk na Ukrajin\u011b. Klidn\u00fdm ho nenechala ani m\u00e9dia.<\/p>\n<p><!--more--><\/p>\n<p><strong>V Pa\u0159\u00ed\u017ei dnes do\u0161lo k v jedn\u00e9 redakci k trag\u00e9dii. Isl\u00e1m\u0161t\u00ed terorist\u00e9 zde zast\u0159elili v\u00edce jak 10 lid\u00ed. Je mo\u017en\u00e9, \u017ee by se toto mohlo st\u00e1t i v dal\u0161\u00edch vysp\u011bl\u00edch zem\u00edch, resp. i u n\u00e1s a co je p\u0159\u00ed\u010dinou t\u00e9to ud\u00e1losti?<\/strong><\/p>\n<p>Do zna\u010dn\u00e9 m\u00edry je to t\u00edm, \u017ee Pa\u0159\u00ed\u017e (a nejen ta) cht\u011bla po stalet\u00ed vl\u00e1dnout sv\u011btu. Tolik se anga\u017eovala po cel\u00e9 zem\u011bkouli a exportovala sv\u00e9 modely, \u017ee pot\u00e9 musela p\u0159ijmout i protism\u011brn\u00fd pohyb. Je to da\u0148 za ambice b\u00fdt sv\u011btov\u00fdm hr\u00e1\u010dem. V tom je prvn\u00ed ponau\u010den\u00ed pro n\u00e1s. Necht\u011bjme b\u00fdt sv\u011btov\u00fdm hr\u00e1\u010dem, necht\u011bjme vnucovat kdejak\u00e9mu kmeni v pou\u0161ti \u010di horsk\u00fdch \u00fadol\u00edch, jak m\u00e1 \u017e\u00edt.<\/p>\n<p>Druhou p\u0159\u00ed\u010dinou je zvrhl\u00fd soci\u00e1ln\u00ed syst\u00e9m. Pokud se m\u00fdm sousedem stane kdokoli z Tramt\u00e1rie, je v\u00edtan\u00fdm z\u00e1kazn\u00edkem \u010di poskytovatelem slu\u017eeb. Tak by to m\u011blo b\u00fdt. Ale v zemi, kter\u00e1 umo\u017en\u00ed, aby tam miliony lid\u00ed \u017eily po cel\u00e9 generace bez pr\u00e1ce jen z d\u00e1vek, pak je nov\u00fd soused jen parazitem na m\u00e9 pen\u011b\u017eence. A ten nen\u00ed p\u0159\u00ednosem, ale rizikem.<\/p>\n<p>T\u0159et\u00ed p\u0159\u00ed\u010dinou je zhoubn\u00e1 ideologie multikulturalismu, kter\u00e1 umo\u017e\u0148uje, \u017ee si cel\u00e9 ohromn\u00e9 mnohatis\u00edcov\u00e9 komunity jin\u00fdch kultur \u017eij\u00ed v z\u00e1padn\u00edch metropol\u00edch zcela nedot\u010deny pravidly, podle kter\u00fdch \u017eijeme my ostatn\u00ed. A posledn\u00edm z\u00e1sadn\u00edm faktorem se sebedestruktivn\u00ed odvrh\u00e1v\u00e1n\u00ed vlastn\u00edch hodnot, tradic a vazeb, na kter\u00fdch po stalet\u00ed st\u00e1la na\u0161e civilizace.<\/p>\n<p><strong>Jak\u00fdm sm\u011brem se podle v\u00e1s bude ub\u00edrat sou\u010dasn\u00e1 politick\u00e1 situace, p\u0159edev\u0161\u00edm vztahy USA, Evropy a Ruska?<\/strong><\/p>\n<p>Nevid\u00edm nad\u011bji na brzk\u00e9 zlep\u0161en\u00ed. Na Ukrajin\u011b je rozval, zp\u016fsoben\u00fd t\u00edm, \u017ee v t\u00e9to heterogenn\u00ed zemi chce nov\u00e1 moc vnutit v\u0161em jeden model, pro jin\u00e9 nep\u0159ijateln\u00fd. Do\u0161lo k n\u00e1sil\u00ed a destabilizaci. A k utrpen\u00ed tis\u00edc\u016f rodin. Ale \u0159eknu na prvn\u00ed pohled cynickou v\u011btu. Mrtv\u00fdch v ukrajinsk\u00e9m konfliktu je zhruba tolik, kolik ro\u010dn\u011b zahyne na ukrajinsk\u00fdch silnic\u00edch p\u0159i dopravn\u00edch nehod\u00e1ch. Opravdu je to d\u016fvod k rozpout\u00e1n\u00ed v\u00e1le\u010dn\u00e9 hysterie, kter\u00e1 m\u016f\u017ee v\u00e9st k trag\u00e9dii pro miliardy lid\u00ed? Z toho je evidentn\u00ed, \u017ee ukrajinsk\u00e1 krize je jen z\u00e1minkou pro mocn\u00e9 struktury, jak dos\u00e1hnout sv\u011btovl\u00e1dy a p\u0159itom m\u00edt podporu sv\u00fdch obyvatel, kte\u0159\u00ed za\u017e\u00edvaj\u00ed medi\u00e1ln\u00ed mas\u00e1\u017e 24 hodin denn\u011b.<\/p>\n<p><strong>Existuje podle v\u00e1s n\u011bjak\u00e1 mo\u017enost, jak zklidnit celou situaci?<\/strong><\/p>\n<p>Existuje, jako v\u017edy. Ale je ot\u00e1zkou, kdy se k n\u00ed dojde. Tou mo\u017enost\u00ed je pochopen\u00ed, \u017ee i ten druh\u00fd m\u00e1 sv\u00e9 z\u00e1jmy a p\u0159edstavy a \u017ee je t\u0159eba se dohodnout a spolupracovat.<\/p>\n<p><strong>Poj\u010fme na dom\u00e1c\u00ed sc\u00e9nu. ODS i \u010cSSD p\u0159ev\u00e1lcovalo ANO, kter\u00e9 se stalo nejobliben\u011bj\u0161\u00ed stranou. Jak to podle v\u00e1s Andrej Babi\u0161 dok\u00e1zal a jak je mo\u017en\u00e9, \u017ee strany s dlouholetou existenc\u00ed, pevn\u00fdmi z\u00e1klady t\u00e9m\u011b\u0159 zmizely z politick\u00e9 sc\u00e9ny?<\/strong><\/p>\n<p>Za\u010dnu druhou ot\u00e1zkou: strany s del\u0161\u00ed tradic\u00ed byly ter\u010dem neskute\u010dn\u00e9 dehonestace po 20 let. Skoro m\u011bl \u010dlov\u011bk pocit, \u017ee volby jsou od toho, abychom si vybrali, na koho budeme p\u0159\u00ed\u0161t\u00edch p\u00e1r let nad\u00e1vat. A ten Babi\u0161? Sl\u00edb\u00ed v\u0161echno, n\u00e1zor ne\u0159ekne. T\u00edm p\u00e1dem nikoho nena\u0161tve. Jen jemu se tak poda\u0159ilo, \u017ee ho volil levicov\u00fd sever \u010cech stejn\u011b jako &#8222;pravicov\u00e1&#8220; Praha. A ka\u017ed\u00fd ho p\u0159itom vol\u00ed z opa\u010dn\u00e9ho d\u016fvodu, proto\u017ee si do n\u011bj m\u016f\u017ee projektovat cokoli. Proto tento zbohatl\u00edk nikdy ne\u0159ekne, co si mysl\u00ed, jak\u00fd m\u00e1 n\u00e1zor. U n\u011bkoho by toti\u017e zabodoval, ale i jin\u00e9ho ztratil. To je ale podstatou politiky, m\u00edt vyhran\u011bn\u00fd n\u00e1zor.<\/p>\n<p><strong>Je tady i nejen medi\u00e1ln\u011b zaj\u00edmav\u00e1 kauza Roman Janou\u0161ek. Ten po\u017e\u00e1dal v t\u011bchto dnech o propu\u0161t\u011bn\u00ed z vazby ze zdravotn\u00edch d\u016fvod\u016f. Jak ji vn\u00edm\u00e1te?<\/strong><\/p>\n<p>Je mi \u00fapln\u011b ukraden\u00e1. Dopravn\u00edch nehod jsou spousty ka\u017ed\u00fd den.<\/p>\n<p><strong>Zaj\u00edmaj\u00ed se podle v\u00e1s, vystudovan\u00e9ho \u017eurnalisty, m\u00e9dia st\u00e1le o irelevantn\u00ed informace a ty, kter\u00e9 by mohly b\u00fdt p\u0159\u00ednosn\u00e9 opom\u00edj\u00ed?<\/strong><\/p>\n<p>To je ot\u00e1zka skoro na knihu. Medi\u00e1ln\u00ed sv\u011bt se s t\u00edm sv\u011btem opravdick\u00e9ho \u017eivota naprosto m\u00edj\u00ed. Ne pouze kv\u016fli manipulaci a propagand\u011b. Tak\u00e9 kv\u016fli metod\u011b, kter\u00e9 se \u0159\u00edk\u00e1 &#8222;nastolov\u00e1n\u00ed agendy&#8220;. P\u00e1r redakc\u00ed se rozhodne, \u017ee tahle dv\u011b t\u0159i t\u00e9mata jsou medi\u00e1ln\u011b chytlav\u00e1, a v\u0161ichni to za\u010dnou opisovat, v\u010detn\u011b blogger\u016f \u010di publicist\u016f, kte\u0159\u00ed o sob\u011b soud\u00ed, jak jsou nez\u00e1visl\u00ed.<\/p>\n<p>Dne\u0161n\u00ed sv\u011bt vznik\u00e1 na redak\u010dn\u00edch porad\u00e1ch, ne v realit\u011b. Jen se dnes ve\u010der pod\u00edvejte na zpr\u00e1vy. Budou vypadat samoz\u0159ejm\u011b, jako pokus o zachycen\u00ed, co se dnes ve sv\u011bt\u011b stalo hlavn\u00edho. Jen\u017ee klidn\u011b mohli vybrat \u00fapln\u011b jinou kolekci ud\u00e1lost\u00ed a taky by vypadala, jako to hlavn\u00ed. Nic, co n\u00e1m \u0159\u00edkaj\u00ed v m\u00e9di\u00edch, nen\u00ed n\u00e1hodn\u00e9. V\u017edy se ptejme: pro\u010d n\u00e1m to \u0159\u00edkaj\u00ed, pro\u010d zrovna dnes, pro\u010d zrovna takhle. Je to nejlep\u0161\u00ed vakc\u00edna proti nemoci zvan\u00e9 syndrom vymyt\u00e9ho mozku.<\/p>\n<p><strong>Jsme na prahu nov\u00e9ho roku. Jak\u00e9 je va\u0161e p\u0159\u00e1n\u00ed, p\u0159edstava o tom, jak by m\u011bl vypadat?<\/strong><\/p>\n<p>Budu rad\u011bji skromn\u00fd. A\u0165 jsou na\u0161e tr\u00e1pen\u00ed pokud mo\u017eno jen takov\u00e1, jak\u00e1 um\u00edme un\u00e9st.<\/p>\n<p><a href=\"http:\/\/www.viposobnosti.eu\/inpage\/ladislav-jakl-o-mediich-a-parizi-ktera-chtela-vladnout-svetu\/\" target=\"_blank\">Zdroj<\/a><\/p>\n","protected":false},"excerpt":{"rendered":"<p>B\u00fdval\u00fd tajemn\u00edk Hradu, Ladislav Jakl se v exkluzivn\u00edm rozhovoru pro VIPosobnosti.eu vyj\u00e1d\u0159il nejen k pa\u0159\u00ed\u017esk\u00e9 trag\u00e9dii, co za n\u00ed podle n\u011bj stoj\u00ed, ale tak\u00e9 nap\u0159\u00edklad vysv\u011btlil, pro\u010d je \u0161\u00e9f Ano, Andrej Babi\u0161 u lid\u00ed obl\u00edben\u00fd, \u010di jak vn\u00edm\u00e1 sou\u010dasn\u00fd konflitk na Ukrajin\u011b. Klidn\u00fdm ho nenechala ani m\u00e9dia.<\/p>\n","protected":false},"author":1,"featured_media":0,"comment_status":"open","ping_status":"open","sticky":false,"template":"","format":"standard","meta":{"ngg_post_thumbnail":0,"footnotes":""},"categories":[13],"tags":[],"class_list":["post-5374","post","type-post","status-publish","format-standard","hentry","category-rozhovory"],"_links":{"self":[{"href":"https:\/\/www.ladislavjakl.cz\/index.php?rest_route=\/wp\/v2\/posts\/5374","targetHints":{"allow":["GET"]}}],"collection":[{"href":"https:\/\/www.ladislavjakl.cz\/index.php?rest_route=\/wp\/v2\/posts"}],"about":[{"href":"https:\/\/www.ladislavjakl.cz\/index.php?rest_route=\/wp\/v2\/types\/post"}],"author":[{"embeddable":true,"href":"https:\/\/www.ladislavjakl.cz\/index.php?rest_route=\/wp\/v2\/users\/1"}],"replies":[{"embeddable":true,"href":"https:\/\/www.ladislavjakl.cz\/index.php?rest_route=%2Fwp%2Fv2%2Fcomments&post=5374"}],"version-history":[{"count":1,"href":"https:\/\/www.ladislavjakl.cz\/index.php?rest_route=\/wp\/v2\/posts\/5374\/revisions"}],"predecessor-version":[{"id":5375,"href":"https:\/\/www.ladislavjakl.cz\/index.php?rest_route=\/wp\/v2\/posts\/5374\/revisions\/5375"}],"wp:attachment":[{"href":"https:\/\/www.ladislavjakl.cz\/index.php?rest_route=%2Fwp%2Fv2%2Fmedia&parent=5374"}],"wp:term":[{"taxonomy":"category","embeddable":true,"href":"https:\/\/www.ladislavjakl.cz\/index.php?rest_route=%2Fwp%2Fv2%2Fcategories&post=5374"},{"taxonomy":"post_tag","embeddable":true,"href":"https:\/\/www.ladislavjakl.cz\/index.php?rest_route=%2Fwp%2Fv2%2Ftags&post=5374"}],"curies":[{"name":"wp","href":"https:\/\/api.w.org\/{rel}","templated":true}]}}