{"id":5376,"date":"2015-01-12T15:57:22","date_gmt":"2015-01-12T14:57:22","guid":{"rendered":"http:\/\/www.ladislavjakl.cz\/?p=5376"},"modified":"2015-01-12T15:57:22","modified_gmt":"2015-01-12T14:57:22","slug":"tip-pro-kreslire","status":"publish","type":"post","link":"https:\/\/www.ladislavjakl.cz\/?p=5376","title":{"rendered":"Tip pro kresl\u00ed\u0159e"},"content":{"rendered":"<p>Karikatura gruppensexu Havla s Albrightovou, Merkelovou a Obamou je nyn\u00ed mo\u017en\u00e1 t\u0159eba i na tituln\u00ed stran\u011b Mlad\u00e9 fronty dnes.<\/p>\n<p>Ale jen s titulkem Je suis Charlie.<\/p>\n","protected":false},"excerpt":{"rendered":"<p>Karikatura gruppensexu Havla s Albrightovou, Merkelovou a Obamou je nyn\u00ed mo\u017en\u00e1 t\u0159eba i na tituln\u00ed stran\u011b Mlad\u00e9 fronty dnes. Ale jen s titulkem Je suis Charlie.<\/p>\n","protected":false},"author":1,"featured_media":0,"comment_status":"open","ping_status":"open","sticky":false,"template":"","format":"standard","meta":{"ngg_post_thumbnail":0,"footnotes":""},"categories":[6],"tags":[],"class_list":["post-5376","post","type-post","status-publish","format-standard","hentry","category-co-jsem-nerekl"],"_links":{"self":[{"href":"https:\/\/www.ladislavjakl.cz\/index.php?rest_route=\/wp\/v2\/posts\/5376","targetHints":{"allow":["GET"]}}],"collection":[{"href":"https:\/\/www.ladislavjakl.cz\/index.php?rest_route=\/wp\/v2\/posts"}],"about":[{"href":"https:\/\/www.ladislavjakl.cz\/index.php?rest_route=\/wp\/v2\/types\/post"}],"author":[{"embeddable":true,"href":"https:\/\/www.ladislavjakl.cz\/index.php?rest_route=\/wp\/v2\/users\/1"}],"replies":[{"embeddable":true,"href":"https:\/\/www.ladislavjakl.cz\/index.php?rest_route=%2Fwp%2Fv2%2Fcomments&post=5376"}],"version-history":[{"count":1,"href":"https:\/\/www.ladislavjakl.cz\/index.php?rest_route=\/wp\/v2\/posts\/5376\/revisions"}],"predecessor-version":[{"id":5377,"href":"https:\/\/www.ladislavjakl.cz\/index.php?rest_route=\/wp\/v2\/posts\/5376\/revisions\/5377"}],"wp:attachment":[{"href":"https:\/\/www.ladislavjakl.cz\/index.php?rest_route=%2Fwp%2Fv2%2Fmedia&parent=5376"}],"wp:term":[{"taxonomy":"category","embeddable":true,"href":"https:\/\/www.ladislavjakl.cz\/index.php?rest_route=%2Fwp%2Fv2%2Fcategories&post=5376"},{"taxonomy":"post_tag","embeddable":true,"href":"https:\/\/www.ladislavjakl.cz\/index.php?rest_route=%2Fwp%2Fv2%2Ftags&post=5376"}],"curies":[{"name":"wp","href":"https:\/\/api.w.org\/{rel}","templated":true}]}}