{"id":539,"date":"2010-09-08T13:21:59","date_gmt":"2010-09-08T12:21:59","guid":{"rendered":"http:\/\/www.ladislavjakl.cz\/?p=539"},"modified":"2010-09-08T13:21:59","modified_gmt":"2010-09-08T12:21:59","slug":"prezident-vaclav-klaus-po-sedmi-letech-znovu-vystoupil-pred-poslanci","status":"publish","type":"post","link":"https:\/\/www.ladislavjakl.cz\/?p=539","title":{"rendered":"Prezident V\u00e1clav Klaus po sedmi letech znovu vystoupil p\u0159ed poslanci"},"content":{"rendered":"<p>Zvukov\u00fd p\u0159ehr\u00e1va\u010d uvnit\u0159 \u010dl\u00e1nku. Ladislav Jakl z prezidentsk\u00e9 kancel\u00e1\u0159e a poslanci Lubom\u00edr Zaor\u00e1lek a Petr Gazd\u00edk o projevu prezidenta v parlamentu.<\/p>\n<p><!--more--><\/p>\n<p style=\"text-align: center;\">\n<p style=\"text-align: center;\"><object classid=\"clsid:d27cdb6e-ae6d-11cf-96b8-444553540000\" width=\"280\" height=\"40\" codebase=\"http:\/\/download.macromedia.com\/pub\/shockwave\/cabs\/flash\/swflash.cab#version=6,0,40,0\"><param name=\"src\" value=\"https:\/\/www.ladislavjakl.cz\/data\/rozhlas_280_40.swf\" \/><embed type=\"application\/x-shockwave-flash\" width=\"280\" height=\"40\" src=\"https:\/\/www.ladislavjakl.cz\/data\/rozhlas_280_40.swf\"><\/embed><\/object><\/p>\n<p style=\"text-align: center;\">\n<p><a href=\"http:\/\/www.rozhlas.cz\/zpravy\/politika\/_zprava\/780505\" target=\"_blank\">ZDROJ<\/a><\/p>\n","protected":false},"excerpt":{"rendered":"<p>Zvukov\u00fd p\u0159ehr\u00e1va\u010d uvnit\u0159 \u010dl\u00e1nku. Ladislav Jakl z prezidentsk\u00e9 kancel\u00e1\u0159e a poslanci Lubom\u00edr Zaor\u00e1lek a Petr Gazd\u00edk o projevu prezidenta v parlamentu.<\/p>\n","protected":false},"author":1,"featured_media":0,"comment_status":"open","ping_status":"open","sticky":false,"template":"","format":"standard","meta":{"ngg_post_thumbnail":0,"footnotes":""},"categories":[13],"tags":[],"class_list":["post-539","post","type-post","status-publish","format-standard","hentry","category-rozhovory"],"_links":{"self":[{"href":"https:\/\/www.ladislavjakl.cz\/index.php?rest_route=\/wp\/v2\/posts\/539","targetHints":{"allow":["GET"]}}],"collection":[{"href":"https:\/\/www.ladislavjakl.cz\/index.php?rest_route=\/wp\/v2\/posts"}],"about":[{"href":"https:\/\/www.ladislavjakl.cz\/index.php?rest_route=\/wp\/v2\/types\/post"}],"author":[{"embeddable":true,"href":"https:\/\/www.ladislavjakl.cz\/index.php?rest_route=\/wp\/v2\/users\/1"}],"replies":[{"embeddable":true,"href":"https:\/\/www.ladislavjakl.cz\/index.php?rest_route=%2Fwp%2Fv2%2Fcomments&post=539"}],"version-history":[{"count":2,"href":"https:\/\/www.ladislavjakl.cz\/index.php?rest_route=\/wp\/v2\/posts\/539\/revisions"}],"predecessor-version":[{"id":541,"href":"https:\/\/www.ladislavjakl.cz\/index.php?rest_route=\/wp\/v2\/posts\/539\/revisions\/541"}],"wp:attachment":[{"href":"https:\/\/www.ladislavjakl.cz\/index.php?rest_route=%2Fwp%2Fv2%2Fmedia&parent=539"}],"wp:term":[{"taxonomy":"category","embeddable":true,"href":"https:\/\/www.ladislavjakl.cz\/index.php?rest_route=%2Fwp%2Fv2%2Fcategories&post=539"},{"taxonomy":"post_tag","embeddable":true,"href":"https:\/\/www.ladislavjakl.cz\/index.php?rest_route=%2Fwp%2Fv2%2Ftags&post=539"}],"curies":[{"name":"wp","href":"https:\/\/api.w.org\/{rel}","templated":true}]}}