{"id":5395,"date":"2015-01-16T09:55:33","date_gmt":"2015-01-16T08:55:33","guid":{"rendered":"http:\/\/www.ladislavjakl.cz\/?p=5395"},"modified":"2015-01-16T09:55:33","modified_gmt":"2015-01-16T08:55:33","slug":"analyticky-komentar-ivk-c-12-ladislav-jakl-cnb-hrozba-funguje-stejne-jako-intervence","status":"publish","type":"post","link":"https:\/\/www.ladislavjakl.cz\/?p=5395","title":{"rendered":"Analytick\u00fd koment\u00e1\u0159 IVK \u010d. 12: Ladislav Jakl &#8211; \u010cNB: Hrozba funguje stejn\u011b jako intervence"},"content":{"rendered":"<p>Prezident Milo\u0161 Zeman se op\u011bt vymezil v\u016f\u010di politice \u010cesk\u00e9 n\u00e1rodn\u00ed banky a ve sv\u011btle rekordn\u00edho p\u00e1du koruny v\u00a0prvn\u00edch dvou t\u00fddnech leto\u0161n\u00edho roku vyzval Bankovn\u00ed radu, aby skoncovala se svou politikou um\u011bl\u00e9ho podhodnocov\u00e1n\u00ed na\u0161\u00ed m\u011bny.<\/p>\n<p><!--more--><\/p>\n<p>\u0158ekl to ale ne \u00fapln\u011b \u0161\u0165astn\u011b, doslova \u201c \u010cesk\u00e1 n\u00e1rodn\u00ed banka by si nem\u011bla hr\u00e1t na demiurga \u010desk\u00e9 ekonomiky a m\u011bla by pokud mo\u017eno okam\u017eit\u011b zastavit intervence, kter\u00e9 pl\u00e1novala a\u017e do konce roku 2016.\u201c Sta\u010dilo dodat jedin\u00e9 slovo, m\u00edsto \u201ezastavit intervence\u201c m\u011bl \u0159\u00edci \u201ezastavit hrozbu intervenc\u00ed.\u201c<\/p>\n<p>Ve\u0159ejnost Zemanovi samoz\u0159ejm\u011b dob\u0159e rozum\u011bla, ale veden\u00ed \u010cNB ho za jeho chyb\u011bj\u00edc\u00ed slovo okam\u017eit\u011b za\u010dalo chytat argumentac\u00ed, \u017ee intervenovalo v\u00a0neprosp\u011bch koruny naposled na podzim roku 2013 a \u017ee tedy na trhu \u010cNB nebyla u\u017e 14 m\u011bs\u00edc\u016f. T\u00edm cht\u011bj\u00ed centr\u00e1ln\u00ed bank\u00e9\u0159i (tedy ta jej\u00ed t\u011bsn\u00e1 v\u011bt\u0161ina, kter\u00e1 podhodnocov\u00e1n\u00ed koruny podporuje) mezi \u0159\u00e1dky sd\u011blit, \u017ee sou\u010dasn\u00fd p\u00e1d koruny se d\u011bje jaksi s\u00e1m od sebe a \u017ee oni nic, oni muzikanti. To ale v\u016fbec nen\u00ed pravda. Ani ten p\u00e1d s\u00e1m od sebe, ani to s\u00a0t\u011bmi muzikanty.<\/p>\n<p>V\u00fdrok, \u017ee \u010cNB na trhu nen\u00ed 14 m\u011bs\u00edc\u016f, je p\u0159ece alibismem hrani\u010d\u00edc\u00edm s manipulac\u00ed. \u010cNB je na trhu 24 hodin denn\u011b, trh ka\u017edou vte\u0159inu po\u010d\u00edt\u00e1 s deklarovan\u00fdmi z\u00e1sadami jej\u00ed politiky a s p\u0159\u00edslibem nepustit euro pod 27 korun. Jestli\u017ee \u010cNB disponuje n\u00e1stroji kdykoli zvr\u00e1tit eventu\u00e1ln\u00ed r\u016fst kursu koruny a jej\u00ed veden\u00ed jasn\u011b deklaruje, \u017ee to v p\u0159\u00edpad\u011b takov\u00e9ho v\u00fdvoje ihned ud\u011bl\u00e1, pak je tento jej\u00ed postoj faktorem, kter\u00fd je v rozhodov\u00e1n\u00ed tr\u017en\u00edch subjekt\u016f trvale p\u0159\u00edtomen.<\/p>\n<p>Nelze se vymlouvat, jestli a kdy v\u00fdvoj Bankovn\u00ed radu p\u0159im\u011bl \u010di nep\u0159im\u011bl explicitn\u011b &#8222;j\u00edt na trh&#8220; intervencemi, kdy\u017e implicitn\u011b je na trhu st\u00e1le a jej\u00ed p\u016fsoben\u00ed na n\u011bm je trval\u00e9 pr\u00e1v\u011b kv\u016fli trvaj\u00edc\u00ed hrozb\u011b intervencemi.<\/p>\n<p>\u010clenov\u00e9 Bankovn\u00ed rady klidn\u011b mohou h\u00e1jit sporn\u00e9 dopady sv\u00e9 sporn\u00e9 politiky, u n\u00ed\u017e rozhodn\u011b neplat\u00ed, \u017ee ji kritizuj\u00ed jen laici, ale nem\u011bli by obelh\u00e1vat n\u00e1s i sebe, \u017ee \u010cNB pr\u00fd nen\u00ed na trhu. B\u00fdt na trhu je v\u00a0tomto smyslu pokryteck\u00fd term\u00edn. U \u010cNB nejde o &#8222;p\u0159\u00edtomnost na trhu&#8220;, ale o jej\u00ed politiku s dopady na trh.<\/p>\n<p>Za z\u00e1v\u011br p\u0159irovn\u00e1n\u00ed: Kdy\u017e panovn\u00edk vyhl\u00e1s\u00ed, \u017ee nikdo nesm\u00ed pod trestem smrti nosit vousy, bude tato jeho deklarace p\u0159\u00edtomna v chov\u00e1n\u00ed jeho poddan\u00fdch ka\u017ed\u00fd den, ani\u017e by do\u0161lo k \u201eemisi\u201c jedin\u00e9 popravy. \u010cNB nemus\u00ed emisemi \u201epopravovat\u201c korunu, popravuje ji toti\u017e sama politika hrozeb touto popravou. Neboli: threat matters. A to p\u0159ece centr\u00e1ln\u00ed bank\u00e9\u0159i v\u011bd\u00ed, jinak by tento n\u00e1stroj neu\u017e\u00edvali.<\/p>\n<p>P. S.: Po aktu\u00e1ln\u00edm rozhodnut\u00ed \u0161v\u00fdcarsk\u00e9 centr\u00e1ln\u00ed banky SNB odpoutat se od eura (co\u017e zp\u016fsobilo okam\u017eit\u00fd p\u00e1d eura i v\u016f\u010di korun\u011b) mo\u017en\u00e1 prezident Zeman to slovo ani dod\u00e1vat nebude muset\u2026<\/p>\n<p><em>Ladislav Jakl,\u00a0<em>Institut V\u00e1clava Klause, 15. ledna 2015.<\/em><\/em><\/p>\n<p><a href=\"http:\/\/www.institutvk.cz\/analyticke-komentare\/analyticky-komentar-ivk-c-12-ladislav-jakl-cnb-hrozba-funguje-stejne-jako-inter\" target=\"_blank\">Zdroj<\/a><\/p>\n","protected":false},"excerpt":{"rendered":"<p>Prezident Milo\u0161 Zeman se op\u011bt vymezil v\u016f\u010di politice \u010cesk\u00e9 n\u00e1rodn\u00ed banky a ve sv\u011btle rekordn\u00edho p\u00e1du koruny v\u00a0prvn\u00edch dvou t\u00fddnech leto\u0161n\u00edho roku vyzval Bankovn\u00ed radu, aby skoncovala se svou politikou um\u011bl\u00e9ho podhodnocov\u00e1n\u00ed na\u0161\u00ed m\u011bny.<\/p>\n","protected":false},"author":1,"featured_media":0,"comment_status":"open","ping_status":"open","sticky":false,"template":"","format":"standard","meta":{"ngg_post_thumbnail":0,"footnotes":""},"categories":[1],"tags":[],"class_list":["post-5395","post","type-post","status-publish","format-standard","hentry","category-publikovane-clanky"],"_links":{"self":[{"href":"https:\/\/www.ladislavjakl.cz\/index.php?rest_route=\/wp\/v2\/posts\/5395","targetHints":{"allow":["GET"]}}],"collection":[{"href":"https:\/\/www.ladislavjakl.cz\/index.php?rest_route=\/wp\/v2\/posts"}],"about":[{"href":"https:\/\/www.ladislavjakl.cz\/index.php?rest_route=\/wp\/v2\/types\/post"}],"author":[{"embeddable":true,"href":"https:\/\/www.ladislavjakl.cz\/index.php?rest_route=\/wp\/v2\/users\/1"}],"replies":[{"embeddable":true,"href":"https:\/\/www.ladislavjakl.cz\/index.php?rest_route=%2Fwp%2Fv2%2Fcomments&post=5395"}],"version-history":[{"count":1,"href":"https:\/\/www.ladislavjakl.cz\/index.php?rest_route=\/wp\/v2\/posts\/5395\/revisions"}],"predecessor-version":[{"id":5396,"href":"https:\/\/www.ladislavjakl.cz\/index.php?rest_route=\/wp\/v2\/posts\/5395\/revisions\/5396"}],"wp:attachment":[{"href":"https:\/\/www.ladislavjakl.cz\/index.php?rest_route=%2Fwp%2Fv2%2Fmedia&parent=5395"}],"wp:term":[{"taxonomy":"category","embeddable":true,"href":"https:\/\/www.ladislavjakl.cz\/index.php?rest_route=%2Fwp%2Fv2%2Fcategories&post=5395"},{"taxonomy":"post_tag","embeddable":true,"href":"https:\/\/www.ladislavjakl.cz\/index.php?rest_route=%2Fwp%2Fv2%2Ftags&post=5395"}],"curies":[{"name":"wp","href":"https:\/\/api.w.org\/{rel}","templated":true}]}}