{"id":5426,"date":"2015-01-29T14:12:40","date_gmt":"2015-01-29T13:12:40","guid":{"rendered":"http:\/\/www.ladislavjakl.cz\/?p=5426"},"modified":"2015-01-29T14:12:40","modified_gmt":"2015-01-29T13:12:40","slug":"tomu-neuverite-klausuv-jakl-vychvalil-vaclava-havla","status":"publish","type":"post","link":"https:\/\/www.ladislavjakl.cz\/?p=5426","title":{"rendered":"Tomu neuv\u011b\u0159\u00edte. Klaus\u016fv Jakl vychv\u00e1lil V\u00e1clava Havla"},"content":{"rendered":"<p>B\u00fdval\u00fd \u0159editel politick\u00e9ho odboru Kancel\u00e1\u0159e prezidenta republiky z dob V\u00e1clava Klause Ladislav Jakl se vrac\u00ed k osobnosti V\u00e1clava Havla a jak jinak, d\u011bl\u00e1 to op\u011bt s nads\u00e1zkou a humorem. P\u0159ipom\u00edn\u00e1 jeho kroky, na kter\u00e9 se p\u0159i p\u0159\u00edle\u017eitosti 25 v\u00fdro\u010d\u00ed Listopadu 1989 a v\u00fdro\u010d\u00ed \u00famrt\u00ed na\u0161eho prvn\u00edho pop\u0159evratov\u00e9ho prezidenta \u201ezapomn\u011blo\u201c.<\/p>\n<p><!--more--><\/p>\n<p>Na serveru Neviditeln\u00fdpes.cz zve\u0159ejnil Jakl glosu, ve kter\u00e9 konstatuje, \u017ee o V\u00e1clavu Havlovi bylo v posledn\u00edch t\u00fddnech \u0159e\u010deno mnoho, ale on tedy podle sv\u00fdch slov se nechce p\u0159i\u0159adit k t\u011bm, kte\u0159\u00ed jej kritizovali, jako by byl \u201e\u010dlov\u011bk z masa a kost\u00ed\u201c, naopak pr\u00fd chce ocenit jeho z\u00e1slu\u017en\u00e9 \u010diny, na kter\u00e9 se pozapomn\u011blo.<\/p>\n<p>\u201ePrvn\u00edm byla jeho velkorys\u00e1 a odv\u00e1\u017en\u00e1 amnestie, od kter\u00e9 p\u0159ed p\u00e1r dny uplynulo 25 let. Tohle v\u00fdro\u010d\u00ed v m\u00e9di\u00edch pon\u011bkud zapadlo. Je to v\u016f\u010di Havlovi nespravedliv\u00e9, p\u0159ipom\u00ednalo se v souvislosti s v\u00fdro\u010d\u00edm p\u00e1du komunismu p\u0159ece leccos, ale tuto z\u00e1sluhu mu asi cht\u011bl kdosi up\u0159\u00edt. Havel vyhl\u00e1sil pot\u00e9 je\u0161t\u011b t\u0159i amnestie, z toho dv\u011b op\u011bt plo\u0161n\u00e9, ale ta prvn\u00ed byla ur\u010dit\u011b nejv\u011bt\u0161\u00ed za sto let,\u201c m\u00edn\u00ed Jakl.<\/p>\n<p>Krom\u011b toho mu pr\u00fd kdysi V\u00e1clav Havel zachr\u00e1nil \u017eivot. Stalo se tak v devades\u00e1t\u00fdch letech, kdy\u017e se poslanci pokou\u0161eli prosadit jeden z mnoha protiku\u0159\u00e1ck\u00fdch z\u00e1kon\u016f, a Jakl pr\u00fd tehdy prohl\u00e1sil, \u017ee a\u010d je celo\u017eivotn\u00edm neku\u0159\u00e1kem, za\u010dne natruc kou\u0159it. Parlamentem tehdy z\u00e1kon pro\u0161el, ale zdrav\u00ed pr\u00fd pozd\u011bj\u0161\u00edmu Klausovu poradci zachr\u00e1nil prezident Havel, kdy\u017e normu vetoval.<\/p>\n<p>Hudebn\u00edk a n\u011bkdej\u0161\u00ed novin\u00e1\u0159 Jakl ve sv\u00e9 glose na serveru Neviditeln\u00fdpes.cz d\u00e1le uv\u00e1d\u00ed, \u017ee by r\u00e1d vzpomenul jeho v\u00fdznamn\u00e9ho po\u010dinu, kter\u00fd podnikl t\u00e9m\u011b\u0159 na sklonku sv\u00e9ho \u017eivota. \u201eSpolu s tlupou hlu\u010d\u00edc\u00edch aktivist\u016f vpadl na podzim 2010 na pra\u017eskou radnici, aby n\u00e1tlakem zvr\u00e1til hlasov\u00e1n\u00ed \u010derstv\u011b zvolen\u00fdch zastupitel\u016f. Dav si tak cht\u011bl vynutit, aby se prim\u00e1torem stal z\u00e1stupce TOP 09, kter\u00e1 v komun\u00e1ln\u00edch volb\u00e1ch z\u00edskala nejv\u00edc hlas\u016f. Brut\u00e1ln\u00ed n\u00e1tlak na demokraticky zvolen\u00e9 zastupitele ur\u010dit\u011b k chv\u00e1le moc nen\u00ed, ale j\u00e1 v n\u011bm u Havla pozitivn\u00ed j\u00e1dro vid\u00edm,\u201c rozepsal se Jakl.<\/p>\n<p><strong>S\u00e1m ji vymyslel i sjednal<\/strong><\/p>\n<p>Tehdy se podle n\u011bj mohl topista st\u00e1t prim\u00e1torem jedin\u011b pomoc\u00ed opozi\u010dn\u00ed smlouvy. \u201eK jej\u00edmu uzav\u0159en\u00ed ostatn\u011b na sklonku volebn\u00edho obdob\u00ed stejn\u011b do\u0161lo, kdy\u017e \u010cSSD svrhla dosavadn\u00ed radu a tolerovala pot\u00e9 jednobarevnou vl\u00e1du TOP 09 v \u010dele s Hude\u010dkem. P\u0159esn\u011b, jak Havel po\u017eadoval. Havel tak princip opozi\u010dn\u00ed smlouvy pln\u011b rehabilitoval,\u201c tvrd\u00ed Jakl.<\/p>\n<p>\u201eV roce 1996 ji s\u00e1m vymyslel a sjednal, aby dostal do vl\u00e1dy sv\u00e9 p\u0159\u00edznivce z ODA a od lidovc\u016f. \u010cSSD tehdy tolerovala vl\u00e1du v\u00edt\u011bzn\u00e9 ODS. O dva roky pozd\u011bji, kdy\u017e se situace oto\u010dila a volby vyhr\u00e1la \u010cSSD, si stejn\u00e9 uspo\u0159\u00e1d\u00e1n\u00ed s pora\u017eenou ODS domluvila sama, bez Havla,\u201cto se Havlovi ale v\u016fbec nel\u00edbilo, zkonstatoval Jakl a p\u0159ipom\u00edn\u00e1, \u017ee vyhro\u017eoval i \u00fastavn\u00ed \u017ealobou. \u201eJako kdyby politick\u00e1 dohoda mohla odporovat \u00dastav\u011b.\u201c<\/p>\n<p>Jakl ve sv\u00e9 ironick\u00e9 glose p\u0159ipom\u00edn\u00e1, \u017ee Havel tehdy prosazoval vl\u00e1du pora\u017een\u00fdch stran, zat\u00edmco v roce 2010 u\u017e ji na pra\u017esk\u00e9 radnici odsuzoval. \u201eB\u011bhem 12 let tak dozr\u00e1l k tomu, \u017ee politick\u00e9 dohody jsou jist\u011b legitimn\u00ed, ale nechat vl\u00e1dnout v\u00edt\u011bze a tolerovat jeho vl\u00e1du nen\u00ed legitimn\u00ed o nic m\u00e9n\u011b. A to je t\u0159eba u V\u00e1clava Havla ocenit,\u201c uzav\u0159el Ladislav Jakl.<\/p>\n<p><a href=\"http:\/\/www.parlamentnilisty.cz\/arena\/monitor\/Tomu-neuverite-Klausuv-Jakl-vychvalil-Vaclava-Havla-355707\" target=\"_blank\">Zdroj<\/a><\/p>\n","protected":false},"excerpt":{"rendered":"<p>B\u00fdval\u00fd \u0159editel politick\u00e9ho odboru Kancel\u00e1\u0159e prezidenta republiky z dob V\u00e1clava Klause Ladislav Jakl se vrac\u00ed k osobnosti V\u00e1clava Havla a jak jinak, d\u011bl\u00e1 to op\u011bt s nads\u00e1zkou a humorem. P\u0159ipom\u00edn\u00e1 jeho kroky, na kter\u00e9 se p\u0159i p\u0159\u00edle\u017eitosti 25 v\u00fdro\u010d\u00ed Listopadu 1989 a v\u00fdro\u010d\u00ed \u00famrt\u00ed na\u0161eho prvn\u00edho pop\u0159evratov\u00e9ho prezidenta \u201ezapomn\u011blo\u201c.<\/p>\n","protected":false},"author":1,"featured_media":0,"comment_status":"open","ping_status":"open","sticky":false,"template":"","format":"standard","meta":{"ngg_post_thumbnail":0,"footnotes":""},"categories":[11],"tags":[],"class_list":["post-5426","post","type-post","status-publish","format-standard","hentry","category-ozvena"],"_links":{"self":[{"href":"https:\/\/www.ladislavjakl.cz\/index.php?rest_route=\/wp\/v2\/posts\/5426","targetHints":{"allow":["GET"]}}],"collection":[{"href":"https:\/\/www.ladislavjakl.cz\/index.php?rest_route=\/wp\/v2\/posts"}],"about":[{"href":"https:\/\/www.ladislavjakl.cz\/index.php?rest_route=\/wp\/v2\/types\/post"}],"author":[{"embeddable":true,"href":"https:\/\/www.ladislavjakl.cz\/index.php?rest_route=\/wp\/v2\/users\/1"}],"replies":[{"embeddable":true,"href":"https:\/\/www.ladislavjakl.cz\/index.php?rest_route=%2Fwp%2Fv2%2Fcomments&post=5426"}],"version-history":[{"count":1,"href":"https:\/\/www.ladislavjakl.cz\/index.php?rest_route=\/wp\/v2\/posts\/5426\/revisions"}],"predecessor-version":[{"id":5427,"href":"https:\/\/www.ladislavjakl.cz\/index.php?rest_route=\/wp\/v2\/posts\/5426\/revisions\/5427"}],"wp:attachment":[{"href":"https:\/\/www.ladislavjakl.cz\/index.php?rest_route=%2Fwp%2Fv2%2Fmedia&parent=5426"}],"wp:term":[{"taxonomy":"category","embeddable":true,"href":"https:\/\/www.ladislavjakl.cz\/index.php?rest_route=%2Fwp%2Fv2%2Fcategories&post=5426"},{"taxonomy":"post_tag","embeddable":true,"href":"https:\/\/www.ladislavjakl.cz\/index.php?rest_route=%2Fwp%2Fv2%2Ftags&post=5426"}],"curies":[{"name":"wp","href":"https:\/\/api.w.org\/{rel}","templated":true}]}}