{"id":5436,"date":"2015-02-05T14:04:44","date_gmt":"2015-02-05T13:04:44","guid":{"rendered":"http:\/\/www.ladislavjakl.cz\/?p=5436"},"modified":"2015-02-05T14:04:44","modified_gmt":"2015-02-05T13:04:44","slug":"pomocit-a-zapalit","status":"publish","type":"post","link":"https:\/\/www.ladislavjakl.cz\/?p=5436","title":{"rendered":"Pomo\u010dit a zap\u00e1lit"},"content":{"rendered":"<p class=\"perex\">V\u00a0ned\u011bli to bude deset let, co nav\u017edy ode\u0161el nejlep\u0161\u00ed kamar\u00e1d Zden\u011bk, kter\u00fd proslul mnoha origin\u00e1ln\u00edmi hl\u00e1\u0161kami, jedna z\u00a0nich byla velmi podobna m\u00e9mu dne\u0161n\u00edmu titulku. Mne k\u00a0n\u011bmu ale vedla vzpom\u00ednka mnohem mlad\u0161\u00edho data, toti\u017e na minul\u00fd v\u00edkend.<\/p>\n<p class=\"perex\"><!--more--><\/p>\n<p class=\"perex\">To jsem si s\u00a0p\u0159\u00e1teli ud\u011blal moc p\u011bkn\u00fd v\u00fdlet. V\u00edte, \u017ee na \u00fazem\u00ed Prahy je jedin\u00e1 hradn\u00ed z\u0159\u00edcenina? Mnoz\u00ed z\u00a0v\u00e1s ur\u010dit\u011b ano, ale jak jsem zjistil, neznaj\u00ed ji ani n\u011bkte\u0159\u00ed m\u00edstn\u00ed z\u00a0jej\u00edho nejbli\u017e\u0161\u00edho okol\u00ed.<\/p>\n<div class=\"article-text\">\n<p>\u00a0Jmenuje se Nov\u00fd hr\u00e1dek a le\u017e\u00ed v\u00a0Kunratick\u00e9m lese. Ten tvo\u0159\u00ed spolu s\u00a0p\u0159ilehl\u00fdm Michelsk\u00fdm lesem nejv\u011bt\u0161\u00ed souvisle zalesn\u011bnou plochu na \u00fazem\u00ed hlavn\u00edho m\u011bsta. M\u00edsto k\u00a0proch\u00e1zk\u00e1m ide\u00e1ln\u00ed.<\/p>\n<p>Tepl\u00e9 pono\u017eky, do kapsy placatice a jdeme na to. Vylezli jsme z\u00a0metra Chodov a kolem stejnojmenn\u00e9ho ultramarketu dorazili na kraj lesoparku. V\u00edt\u00e1 n\u00e1s stovky let star\u00fd pam\u00e1tn\u00fd dub. A dal\u0161\u00ed n\u00e1sleduj\u00ed v\u00a0\u0159ad\u011b po okraji b\u00fdval\u00e9 kr\u00e1lovsk\u00e9 obory.<\/p>\n<p>Snad roku 1411 k\u00e1zal n\u00e1\u0161 bratr, kr\u00e1l V\u00e1clav IV. (syn otce vlasti \u2013 a tedy otce n\u00e1s v\u0161ech &#8211; Karla IV., tak\u017ee nutn\u011b n\u00e1\u0161 sourozenec) postavit na ostrohu nad Kunratick\u00fdm potokem sv\u00e9 v\u00fdletn\u00ed s\u00eddlo. U\u017e o rok pozd\u011bji je pr\u00fd dolo\u017een jeho zdej\u0161\u00ed pobyt, stav\u011blo se tehdy asi bez v\u00fdb\u011brov\u00e9ho \u0159\u00edzen\u00ed.<\/p>\n<p>P\u0159est\u011bhoval sem velikou knihovnu vz\u00e1cn\u00fdch svazk\u016f, po okoln\u00edch h\u00e1j\u00edch \u0161tval zv\u011b\u0159 a v\u00a0m\u00edstn\u00edm pal\u00e1ci se nech\u00e1val \u0161tv\u00e1t diplomatick\u00fdmi jedn\u00e1n\u00edmi. P\u00e1rkr\u00e1t tu p\u0159iv\u00edtal i sv\u00e9ho \u2013 a tedy i na\u0161eho \u2013 bratra Zikmunda.<\/p>\n<p>Hrad st\u00e1l teprve n\u011bjak\u00fdch sedm let a p\u0159i\u0161la k\u00a0n\u011bmu zpr\u00e1va o defenestraci. Tak se tehdy \u0159\u00edkalo v\u00fdm\u011bn\u011b politick\u00fdch garnitur. Mil\u00e9ho V\u00e1clava zde zrovna dl\u00edc\u00edho z\u00a0t\u00e9 zpr\u00e1vy kleplo a po p\u00e1r dnech ve zdej\u0161\u00edch zdech kr\u00e1l skonal.<\/p>\n<p>Asi po roce k\u00a0hradu p\u0159it\u00e1hli husiti. Dodnes jsou v\u00a0lese velmi patrn\u00e9 valy a okopy, kter\u00e9 m\u011bly kr\u00fdt obsluhu jejich d\u011bl a katapult\u016f. Po p\u00e1r t\u00fddnech husiti hrad dobyli, vykradli, zbo\u0159ili a zap\u00e1lili. U\u017e pak nikdy nebyl obnoven, tak\u017ee na sv\u00e9m m\u00edst\u011b st\u00e1l sotva deset let.<\/p>\n<p>Je skv\u011bl\u00e9 se tam vypravit pr\u00e1v\u011b v\u00a0zim\u011b, kdy nen\u00ed list\u00ed na stromech (kter\u00e9 ve V\u00e1clavov\u011b dob\u011b pochopiteln\u011b kolem hradu nerostly) a v\u0161e je tak hezky vid\u011bt. Ned\u00e1vno byly zbytky z\u0159\u00edceniny kr\u00e1sn\u011b o\u010di\u0161t\u011bny, upraveny a zp\u0159\u00edstupn\u011bny l\u00e1vkou. Jen by to je\u0161t\u011b cht\u011blo pok\u00e1cet cel\u00e9 temeno kopce, kde kdysi st\u00e1lo n\u00e1dvo\u0159\u00ed a park\u00e1n.<\/p>\n<p>Pak se d\u00e1 sestoupit do \u00fadol\u00ed Kunratick\u00e9ho potoka a obdivovat v\u00a0duchu \u00fa\u010dastn\u00edky Velk\u00e9 kunratick\u00e9, kte\u0159\u00ed se zrovna tudy rok co rok \u0161kr\u00e1bou do kopce na m\u00edsto, kter\u00e9mu \u0159\u00edkaj\u00ed prost\u011b Hr\u00e1dek, o V\u00e1clavovi ani muk.<\/p>\n<p>\u00dadol\u00edm a cestou pak lze doj\u00edt a\u017e ke slavn\u00e9 hospod\u011b P\u011bt na stole v\u00a0\u010desk\u00fdch, kde je m\u00edsto snad pro stovky v\u00fdletn\u00edk\u016f. Tam si lze pokl\u00e1bosit o tom, jak bylo V\u00e1clavovo t\u011blo p\u0159evezeno na Zbraslav a v\u00a0m\u00edstn\u00edm kl\u00e1\u0161te\u0159e poh\u0159beno. Jen\u017ee i tam dorazili udatn\u00ed husit\u00e9, kl\u00e1\u0161ter dobyli, pobo\u0159ili a osazenstvo pomordovali. A pak to po\u0159\u00e1dn\u011b oslavili.<\/p>\n<p>Vyt\u00e1hli rok tlej\u00edc\u00ed kr\u00e1lovo t\u011blo z\u00a0hrobu ven a posadili ho za st\u016fl, aby jim d\u011blalo spole\u010dnost. Tam ho vesele prznili, lili mu mezi \u010delisti v\u00edno, ba ho i pomo\u010dili.<\/p>\n<p>Nen\u00ed na\u0161kodu si ud\u011blat ob\u010das v\u00fdlet. Po kraji i po sv\u00e9 minulosti. A\u0165 l\u00e9pe v\u00edme, \u010d\u00ed jsme to d\u011bdicov\u00e9.<\/p>\n<p><a href=\"http:\/\/jakl.blog.idnes.cz\/c\/447008\/Pomocit-a-zapalit.html\" target=\"_blank\">Zdroj<\/a><\/p>\n<\/div>\n","protected":false},"excerpt":{"rendered":"<p>V\u00a0ned\u011bli to bude deset let, co nav\u017edy ode\u0161el nejlep\u0161\u00ed kamar\u00e1d Zden\u011bk, kter\u00fd proslul mnoha origin\u00e1ln\u00edmi hl\u00e1\u0161kami, jedna z\u00a0nich byla velmi podobna m\u00e9mu dne\u0161n\u00edmu titulku. Mne k\u00a0n\u011bmu ale vedla vzpom\u00ednka mnohem mlad\u0161\u00edho data, toti\u017e na minul\u00fd v\u00edkend.<\/p>\n","protected":false},"author":1,"featured_media":0,"comment_status":"open","ping_status":"open","sticky":false,"template":"","format":"standard","meta":{"ngg_post_thumbnail":0,"footnotes":""},"categories":[10],"tags":[],"class_list":["post-5436","post","type-post","status-publish","format-standard","hentry","category-zlehka"],"_links":{"self":[{"href":"https:\/\/www.ladislavjakl.cz\/index.php?rest_route=\/wp\/v2\/posts\/5436","targetHints":{"allow":["GET"]}}],"collection":[{"href":"https:\/\/www.ladislavjakl.cz\/index.php?rest_route=\/wp\/v2\/posts"}],"about":[{"href":"https:\/\/www.ladislavjakl.cz\/index.php?rest_route=\/wp\/v2\/types\/post"}],"author":[{"embeddable":true,"href":"https:\/\/www.ladislavjakl.cz\/index.php?rest_route=\/wp\/v2\/users\/1"}],"replies":[{"embeddable":true,"href":"https:\/\/www.ladislavjakl.cz\/index.php?rest_route=%2Fwp%2Fv2%2Fcomments&post=5436"}],"version-history":[{"count":1,"href":"https:\/\/www.ladislavjakl.cz\/index.php?rest_route=\/wp\/v2\/posts\/5436\/revisions"}],"predecessor-version":[{"id":5437,"href":"https:\/\/www.ladislavjakl.cz\/index.php?rest_route=\/wp\/v2\/posts\/5436\/revisions\/5437"}],"wp:attachment":[{"href":"https:\/\/www.ladislavjakl.cz\/index.php?rest_route=%2Fwp%2Fv2%2Fmedia&parent=5436"}],"wp:term":[{"taxonomy":"category","embeddable":true,"href":"https:\/\/www.ladislavjakl.cz\/index.php?rest_route=%2Fwp%2Fv2%2Fcategories&post=5436"},{"taxonomy":"post_tag","embeddable":true,"href":"https:\/\/www.ladislavjakl.cz\/index.php?rest_route=%2Fwp%2Fv2%2Ftags&post=5436"}],"curies":[{"name":"wp","href":"https:\/\/api.w.org\/{rel}","templated":true}]}}