{"id":546,"date":"2010-09-21T07:56:38","date_gmt":"2010-09-21T06:56:38","guid":{"rendered":"http:\/\/www.ladislavjakl.cz\/?p=546"},"modified":"2010-09-21T07:56:38","modified_gmt":"2010-09-21T06:56:38","slug":"prvnizpravy-cz-vikendovy-rozhovor-s-l-j","status":"publish","type":"post","link":"https:\/\/www.ladislavjakl.cz\/?p=546","title":{"rendered":"Prvnizpravy.cz &#8211; V\u00edkendov\u00fd rozhovor s L.J."},"content":{"rendered":"<p>\u0158editel Odboru politick\u00e9ho a tajemn\u00edk prezidenta republiky Ladislav  Jakl\u00a0 v \u00favodu hovo\u0159il o sv\u00e9 zku\u0161enosti s\u00a0m\u00e9dii a vzpomn\u011bl ned\u00e1vn\u00fd p\u0159\u00edpad  s\u00a0iDnes, kde zve\u0159ej\u0148oval sv\u00e9 \u010dl\u00e1nky a glosy. Jakl popsal, jak do\u0161lo  k\u00a0ukon\u010den\u00ed spolupr\u00e1ce a hovo\u0159il o tom, jak\u00e9 projevy m\u00e1 tzv. m\u00e9diokracie  v\u00a0na\u0161ich podm\u00ednk\u00e1ch. Dal\u0161\u00edm t\u00e9matem rozhovoru byla pl\u00e1novan\u00e1 demonstrace  odbor\u00e1\u0159\u016f, kte\u0159\u00ed jsou nespokojeni s\u00a0tarifn\u00ed \u00fapravou sv\u00fdch plat\u016f.<\/p>\n<p><!--more-->Videorozhovor <a href=\"http:\/\/www.prvnizpravy.cz\/video\/vikendovy-rozhovor--ladislav-jakl-tajemnik-prezidenta-republiky\/\" target=\"_blank\">ZDE<\/a><\/p>\n","protected":false},"excerpt":{"rendered":"<p>\u0158editel Odboru politick\u00e9ho a tajemn\u00edk prezidenta republiky Ladislav Jakl\u00a0 v \u00favodu hovo\u0159il o sv\u00e9 zku\u0161enosti s\u00a0m\u00e9dii a vzpomn\u011bl ned\u00e1vn\u00fd p\u0159\u00edpad s\u00a0iDnes, kde zve\u0159ej\u0148oval sv\u00e9 \u010dl\u00e1nky a glosy. Jakl popsal, jak do\u0161lo k\u00a0ukon\u010den\u00ed spolupr\u00e1ce a hovo\u0159il o tom, jak\u00e9 projevy m\u00e1 tzv. m\u00e9diokracie v\u00a0na\u0161ich podm\u00ednk\u00e1ch. Dal\u0161\u00edm t\u00e9matem rozhovoru byla pl\u00e1novan\u00e1 demonstrace odbor\u00e1\u0159\u016f, kte\u0159\u00ed jsou nespokojeni s\u00a0tarifn\u00ed [&hellip;]<\/p>\n","protected":false},"author":1,"featured_media":0,"comment_status":"open","ping_status":"open","sticky":false,"template":"","format":"standard","meta":{"ngg_post_thumbnail":0,"footnotes":""},"categories":[13],"tags":[],"class_list":["post-546","post","type-post","status-publish","format-standard","hentry","category-rozhovory"],"_links":{"self":[{"href":"https:\/\/www.ladislavjakl.cz\/index.php?rest_route=\/wp\/v2\/posts\/546","targetHints":{"allow":["GET"]}}],"collection":[{"href":"https:\/\/www.ladislavjakl.cz\/index.php?rest_route=\/wp\/v2\/posts"}],"about":[{"href":"https:\/\/www.ladislavjakl.cz\/index.php?rest_route=\/wp\/v2\/types\/post"}],"author":[{"embeddable":true,"href":"https:\/\/www.ladislavjakl.cz\/index.php?rest_route=\/wp\/v2\/users\/1"}],"replies":[{"embeddable":true,"href":"https:\/\/www.ladislavjakl.cz\/index.php?rest_route=%2Fwp%2Fv2%2Fcomments&post=546"}],"version-history":[{"count":2,"href":"https:\/\/www.ladislavjakl.cz\/index.php?rest_route=\/wp\/v2\/posts\/546\/revisions"}],"predecessor-version":[{"id":548,"href":"https:\/\/www.ladislavjakl.cz\/index.php?rest_route=\/wp\/v2\/posts\/546\/revisions\/548"}],"wp:attachment":[{"href":"https:\/\/www.ladislavjakl.cz\/index.php?rest_route=%2Fwp%2Fv2%2Fmedia&parent=546"}],"wp:term":[{"taxonomy":"category","embeddable":true,"href":"https:\/\/www.ladislavjakl.cz\/index.php?rest_route=%2Fwp%2Fv2%2Fcategories&post=546"},{"taxonomy":"post_tag","embeddable":true,"href":"https:\/\/www.ladislavjakl.cz\/index.php?rest_route=%2Fwp%2Fv2%2Ftags&post=546"}],"curies":[{"name":"wp","href":"https:\/\/api.w.org\/{rel}","templated":true}]}}