{"id":5486,"date":"2015-02-25T18:11:18","date_gmt":"2015-02-25T17:11:18","guid":{"rendered":"http:\/\/www.ladislavjakl.cz\/?p=5486"},"modified":"2015-02-26T10:49:32","modified_gmt":"2015-02-26T09:49:32","slug":"o-ceske-pravici-o-transformaci-o-nasi-dobe-i-o-nenavisti-ladislav-jakl-ve-velkem-rozhovoru-pro-kolektif-23-2-2014","status":"publish","type":"post","link":"https:\/\/www.ladislavjakl.cz\/?p=5486","title":{"rendered":"Rozhovor: O \u010desk\u00e9 pravici, o transformaci a o na\u0161\u00ed dob\u011b"},"content":{"rendered":"<p>Video uvnit\u0159 \u010dl\u00e1nku<\/p>\n<p>O \u010desk\u00e9 pravici, o transformaci, o na\u0161\u00ed dob\u011b i o nen\u00e1visti\u00a0Ladislav Jakl ve velk\u00e9m rozhovoru pro Kolektif, 23. 2. 2014<\/p>\n<p><!--more--><\/p>\n<p>00:13 Pro\u010d nejste mezi kolegy novin\u00e1\u0159i a i jin\u00fdmi lidmi nijak obl\u00edben\u00fd, pro\u010d V\u00e1s nemaj\u00ed r\u00e1di, co jste komu ud\u011blal<br \/>\n01:27 Kdy se okolo V\u00e1s za\u010dala \u0161\u00ed\u0159it atmosf\u00e9ra odporu v\u016f\u010di Va\u0161\u00ed osob\u011b?<br \/>\n04:35 Projevovali se lid\u00e9 v \u010cSSR pravicov\u011b, tedy \u017ee se hl\u00e1sili k zachov\u00e1n\u00ed tradi\u010dn\u00edch a kulturn\u00edch hodnot \u010di zvyklost\u00ed a k prosazov\u00e1n\u00ed pr\u00e1va na soukrom\u00fd majetek?<br \/>\n10:01 Byli za socialismu n\u011bjak postihovan\u00ed a trestan\u00ed lid\u00e9 hl\u00e1s\u00edc\u00ed se k pravici?<br \/>\n14:56 Pro\u010d vznikla pot\u0159eba lid\u00ed vyzn\u00e1vaj\u00edc\u00edch pravicovou politiku odej\u00edt z politick\u00e9 nepolitiky Ob\u010dansk\u00e9ho f\u00f3ra a vytvo\u0159it pravicovou platformu?<br \/>\n19:52 B\u011bhem p\u0159evratu se nap\u0159\u00edklad p\u0159i jedn\u00e1n\u00edch z odstupuj\u00edc\u00ed KS\u010c Petr Pithart radil s n\u011bk\u00fdm po telefonu (nikdo nev\u00ed s k\u00fdm) o tom, jak m\u00e1 postupovat. M\u011bli jste tak\u00e9 n\u011bjak\u00e9 &#8222;r\u00e1dce na telefonu&#8220;?<br \/>\n23:47 V roce 1991 vznikly Ob\u010dansk\u00e1 demokratick\u00e1 aliance a Ob\u010dansk\u00e1 demokratick\u00e1 strana. Jac\u00ed lid\u00e9 (s jakou minulost\u00ed) tyto strany zakl\u00e1daly? \u0160lo o reprezentanty t\u011bch, kte\u0159\u00ed se v\u017edy hl\u00e1sili k tradi\u010dn\u00edm a kulturn\u00edm hodnot\u00e1m?<br \/>\n31:55 M\u016f\u017ee b\u00fdt vlastn\u00edk stranick\u00e9ho pr\u016fkazu KS\u010c pravicov\u011b orientovan\u00fd \u010dlov\u011bk?<br \/>\n35:45 Je politick\u00e1 &#8211; ob\u010dansk\u00e1 minulost \u010dlov\u011bka d\u016fle\u017eit\u00e1 pro jeho aktu\u00e1ln\u00ed postoje?<br \/>\n37:24 V politice nemus\u00ed b\u00fdt \u010dlov\u011bk idealistou?<br \/>\n42:09 Privatizace byla pravicov\u00fdm projektem nebo \u0161lo o postkomunistick\u00fd experiment, kter\u00fd m\u011bl prok\u00e1zat platnost \u010di neplatnost levicov\u00fdch ideov\u00fdch koncept\u016f? &#8211; Ob\u010dan\u00e9 \u010cr se mohli st\u00e1t spoluvlastn\u00edky, mohli p\u0159evz\u00edt odpov\u011bdnost, pod\u00edlet se na rozhodov\u00e1n\u00ed o sm\u011b\u0159ov\u00e1n\u00ed konkr\u00e9tn\u00edch podnik\u016f.<br \/>\n56:23 Byli ob\u010dan\u00e9 na privatizaci p\u0159ipraven\u00ed?<br \/>\n01:01:33 Dluhy firem p\u0159en\u00e1\u0161en\u00fdch na Konsolida\u010dn\u00ed agenturu m\u011bly vliv na r\u016fst st\u00e1tn\u00edho dluhu?<br \/>\n01:05:53 Milo\u0161 Zeman obvi\u0148oval pravicov\u00e9 vl\u00e1dy ze vzniku dluhu, kter\u00fd byl z Konsolida\u010dn\u00ed agentury p\u0159enesen na bedra st\u00e1tu<br \/>\n01:08:06 S odstupem \u010dasu lze vysledovat \u017eivotn\u00ed peripetie \u0159ady osobnost\u00ed z pravicov\u00e9 sc\u00e9ny. Staly se n\u011bkter\u00e9 z nich pro ob\u010dany \u010cesk\u00e9 republiky vzory hodn\u00e9 n\u00e1sledov\u00e1n\u00ed?<br \/>\n01:11:39 Jak\u00fd byl typick\u00fd reprezentant pravicov\u00e9 politiky v devades\u00e1t\u00fdch letech?<br \/>\n01:14:00 Jak\u00fd je typick\u00e9 reprezentant pravicov\u00e9 politiky dnes?<br \/>\n01:17:02 Demokracie se neum\u00ed \u00fa\u010dinn\u011b vypo\u0159\u00e1dat s lidmi, kte\u0159\u00ed ji zneu\u017e\u00edvaj\u00ed. Pravice byla a je schopn\u00e1 nab\u00eddnout n\u00e1stroje k \u0159\u00edzen\u00ed st\u00e1tu, ani\u017e by se transformovala v n\u011bjakou formu diktatury?<br \/>\n01:27:45 D\u00edky neexistenci v\u011bt\u0161inov\u00e9ho volebn\u00edho syst\u00e9mu se od p\u0159evratu v roce 1989 nestalo, aby v\u00edt\u011bzn\u00e1 politick\u00e1 strana mohl n\u00e9st plnou odpov\u011bdnost za \u0159\u00edzen\u00ed st\u00e1tu. Je tato setrval\u00e1 situace v n\u011b\u010d\u00edm z\u00e1jmu a pro\u010d pravice neprosadila v\u011bt\u0161inov\u00fd volebn\u00ed syst\u00e9m?<br \/>\n01:38:51 M\u00e1 pravice n\u011bjakou schopnost nab\u00eddnout ob\u010dan\u016fm jasnou a \u010distou politickou ideu reprezentovanou seriozn\u00edmi a d\u016fv\u011bryhodn\u00fdmi osobnostmi?<br \/>\nLadislava Jakla zn\u00e1m d\u00edky hudebn\u00ed skupin\u011b Folimanka Blues. A\u017e pozd\u011bji jsem zjistil, \u017ee pracuje pro V\u00e1clava Klause a \u017ee je pravicov\u011b politicky orientovan\u00fd. Navrhl jsem mu vystoupen\u00ed v Dotazn\u00edku pro&#8230; s t\u00edm, \u017ee bychom se v\u011bnovali pravicov\u00e9 politice v \u010cesk\u00e9 republice, jak\u00e1 tu byla, je a bude. Pravice v \u010cesk\u00e9 republice je vym\u00edraj\u00edc\u00ed pojem, alespo\u0148 na mne osobn\u011b to tak p\u016fsob\u00ed a v r\u00e1mci v\u00fdpov\u011bd\u00ed Ladislava Jakla lze naj\u00edt i \u0159adu zaj\u00edmav\u00fdch n\u00e1zor\u016f, pro\u010d tomu tak je.<br \/>\nCht\u011bl jsem mu polo\u017eit je\u0161t\u011b jednu ot\u00e1zku, ale bohu\u017eel zcela zapadla &#8211; &#8222;Byla v \u010cesk\u00e9 republice n\u011bkdy opravdov\u00e1 pravice?&#8220;. Snad bude n\u011bkdy mo\u017en\u00e9 mu tuto ot\u00e1zku je\u0161t\u011b polo\u017eit&#8230;<\/p>\n<p>&nbsp;<\/p>\n<p><iframe loading=\"lazy\" src=\"https:\/\/www.youtube.com\/embed\/RAZFqgn6aNk\" width=\"420\" height=\"300\" frameborder=\"0\" allowfullscreen=\"allowfullscreen\"><\/iframe><\/p>\n<p><a href=\"http:\/\/debatniklub.webnode.cz\/news\/dotaznik-pro-ladislava-jakla-ceska-pravice\/\" target=\"_blank\">Zdroj<\/a><\/p>\n","protected":false},"excerpt":{"rendered":"<p>Video uvnit\u0159 \u010dl\u00e1nku O \u010desk\u00e9 pravici, o transformaci, o na\u0161\u00ed dob\u011b i o nen\u00e1visti\u00a0Ladislav Jakl ve velk\u00e9m rozhovoru pro Kolektif, 23. 2. 2014<\/p>\n","protected":false},"author":1,"featured_media":0,"comment_status":"open","ping_status":"open","sticky":false,"template":"","format":"standard","meta":{"ngg_post_thumbnail":0,"footnotes":""},"categories":[13],"tags":[],"class_list":["post-5486","post","type-post","status-publish","format-standard","hentry","category-rozhovory"],"_links":{"self":[{"href":"https:\/\/www.ladislavjakl.cz\/index.php?rest_route=\/wp\/v2\/posts\/5486","targetHints":{"allow":["GET"]}}],"collection":[{"href":"https:\/\/www.ladislavjakl.cz\/index.php?rest_route=\/wp\/v2\/posts"}],"about":[{"href":"https:\/\/www.ladislavjakl.cz\/index.php?rest_route=\/wp\/v2\/types\/post"}],"author":[{"embeddable":true,"href":"https:\/\/www.ladislavjakl.cz\/index.php?rest_route=\/wp\/v2\/users\/1"}],"replies":[{"embeddable":true,"href":"https:\/\/www.ladislavjakl.cz\/index.php?rest_route=%2Fwp%2Fv2%2Fcomments&post=5486"}],"version-history":[{"count":7,"href":"https:\/\/www.ladislavjakl.cz\/index.php?rest_route=\/wp\/v2\/posts\/5486\/revisions"}],"predecessor-version":[{"id":5499,"href":"https:\/\/www.ladislavjakl.cz\/index.php?rest_route=\/wp\/v2\/posts\/5486\/revisions\/5499"}],"wp:attachment":[{"href":"https:\/\/www.ladislavjakl.cz\/index.php?rest_route=%2Fwp%2Fv2%2Fmedia&parent=5486"}],"wp:term":[{"taxonomy":"category","embeddable":true,"href":"https:\/\/www.ladislavjakl.cz\/index.php?rest_route=%2Fwp%2Fv2%2Fcategories&post=5486"},{"taxonomy":"post_tag","embeddable":true,"href":"https:\/\/www.ladislavjakl.cz\/index.php?rest_route=%2Fwp%2Fv2%2Ftags&post=5486"}],"curies":[{"name":"wp","href":"https:\/\/api.w.org\/{rel}","templated":true}]}}