{"id":5526,"date":"2015-03-06T12:05:20","date_gmt":"2015-03-06T11:05:20","guid":{"rendered":"http:\/\/www.ladislavjakl.cz\/?p=5526"},"modified":"2015-03-07T12:27:39","modified_gmt":"2015-03-07T11:27:39","slug":"klausuv-jakl-nas-neohrozuje-zadne-vnejsi-nebezpeci","status":"publish","type":"post","link":"https:\/\/www.ladislavjakl.cz\/?p=5526","title":{"rendered":"Klaus\u016fv Jakl: N\u00e1s neohro\u017euje \u017e\u00e1dn\u00e9 vn\u011bj\u0161\u00ed nebezpe\u010d\u00ed"},"content":{"rendered":"<p>Rusy u\u017e bohu\u017eel nezaj\u00edm\u00e1me. Na\u0161e arm\u00e1da u\u017e neexistuje, je z n\u00ed sbor pro boj s kmeny v pralese.<\/p>\n<p><!--more-->V\u00ddCHOD Z\u00c1PAD? Podle b\u00fdval\u00e9ho tajemn\u00edka prezidenta Klause Ladislava Jakla V\u00e1clav Havel \u017e\u00e1dnou politiku na ochran\u011b lidsk\u00fdch pr\u00e1v nestav\u011bl \u2013 jen na sv\u00fdch fr\u00e1z\u00edch o lidsk\u00fdch pr\u00e1vech. N\u00e1s dle n\u011bho neohro\u017euje \u017e\u00e1dn\u00e9 vn\u011bj\u0161\u00ed nebezpe\u010d\u00ed, ale na\u0161e dom\u00e1c\u00ed snaha dov\u00e9st ka\u017ed\u00fd ciz\u00ed nesmysl k absurdit\u011b. Nehrajme si na velmoc, kter\u00e1 chce peskovat ciz\u00ed n\u00e1rody a bojovat n\u011bkde proti domorodc\u016fm v pou\u0161t\u00edch. Hajme si sv\u00e9. Mo\u017en\u00e1 na\u0161e arm\u00e1da u\u017e vlastn\u011b neexistuje. M\u00e1me z n\u00ed expedi\u010dn\u00ed sbor pro boj s divok\u00fdmi kmeny kdesi v pralese a t\u00e9m\u011b\u0159 ztratila schopnost br\u00e1nit na\u0161e vlastn\u00ed \u00fazem\u00ed proti bl\u00edzk\u00e9mu nebezpe\u010d\u00ed.<\/p>\n<p><strong>Jak zhodnotit \u010deskou geopolitickou pozici a zahrani\u010dn\u00ed politiku za posledn\u00edch 25 let? Objevuje se kritika na\u0161\u00ed p\u0159\u00edli\u0161n\u00e9 loajality k USA a Z\u00e1padu obecn\u011b, proz\u00e1padn\u00ed pozorovatel\u00e9 naopak kritizuj\u00ed \u010deskou politickou praxi za neloajalitu k EU a p\u0159\u00e1telskost k Rusku. Kde je podle V\u00e1s pravda?<\/strong><\/p>\n<p>Na\u0161\u00edm probl\u00e9mem nen\u00ed ani p\u0159\u00edli\u0161n\u00e1 loajalita, ani nedostatek loajality. Na\u0161\u00edm probl\u00e9mem je nedostate\u010dn\u00e9 h\u00e1jen\u00ed vlastn\u00edch z\u00e1jm\u016f. A vlastn\u011b i jejich nedostate\u010dn\u00e1 formulace a absence debaty o takov\u00e9 formulaci. Jen se sna\u017e\u00edme za v\u0161ech okolnost\u00ed s n\u011bk\u00fdm souhlasit a hloup\u011b \u010dek\u00e1me, \u017ee za to n\u011bco dostaneme. Nedostali jsme nikdy nic. Dostali ti, co tvrd\u011b vyjedn\u00e1vali a h\u00e1jili sv\u00e9 pozice. Tento probl\u00e9m se zn\u00e1sobil vstupem do EU, ale od t\u00e9 doby se d\u00e1l prohlubuje.<\/p>\n<p><strong>Kter\u00e9 osobnosti a proudy zanechaly v tomto smyslu kladnou stopu a kter\u00e9 z\u00e1pornou?<\/strong><\/p>\n<p>J\u00e1 nerad n\u00e1lepkuji konkr\u00e9tn\u00ed osoby. Mysl\u00edm, \u017ee ka\u017ed\u00fd v\u00ed, kdo z na\u0161ich p\u0159edstavitel\u016f ok\u0159ikoval ka\u017ed\u00e9ho, kdo se sna\u017eil \u0159\u00edkat, \u017ee m\u00e1me p\u0159ece sv\u00e9 legitimn\u00ed z\u00e1jmy a \u017ee povinnost\u00ed na\u0161\u00ed politick\u00e9 reprezentace je v prvn\u00ed \u0159ad\u011b h\u00e1jit z\u00e1jmy na\u0161ich ob\u010dan\u016f, jako to d\u011blaj\u00ed v\u0161ichni ostatn\u00ed.<\/p>\n<p><strong>Hovo\u0159\u00ed se o rozdvojen\u00ed Evropy na severn\u00ed \u010d\u00e1st, kter\u00e1 se sp\u00ed\u0161e boj\u00ed Ruska, a ji\u017en\u00ed \u010d\u00e1st, kter\u00e1 se sp\u00ed\u0161e boj\u00ed isl\u00e1msk\u00e9ho st\u00e1tu. Polsko \u010di Pobalt\u00ed maj\u00ed v\u016f\u010di Rusku tvrd\u00fd postoj, Slovensko, Ma\u010farsko \u010di Rakousko \u010dastokr\u00e1t s Moskvou\u00a0&#8222;jdou na kompromis&#8220;. Kde je v obou dilematech, tedy\u00a0&#8222;severoji\u017en\u00edm&#8220;\u00a0i\u00a0&#8222;st\u0159edo-v\u00fdchodoevropsk\u00e9m&#8220;do budoucna na\u0161e pozice, pokud jde o Rusko, jeho ambice na kontrolu jeho bl\u00edzk\u00e9ho p\u0159\u00edhrani\u010d\u00ed, kritiku lidsk\u00fdch pr\u00e1v v Rusku, starost o Ukrajinu a podobn\u011b?<\/strong><\/p>\n<p>To jsou um\u011bl\u00e1 dilemata. N\u00e1s neohro\u017euje \u017e\u00e1dn\u00e9 vn\u011bj\u0161\u00ed nebezpe\u010d\u00ed, ale na\u0161e dom\u00e1c\u00ed snaha dov\u00e9st ka\u017ed\u00fd ciz\u00ed nesmysl k absurdit\u011b. Svoboda \u010desk\u00e9ho ob\u010dana je ohro\u017eov\u00e1na ka\u017ed\u00fd den na\u0161imi vlastn\u00edmi z\u00e1kony, je\u0161t\u011b utu\u017euj\u00edc\u00edmi r\u016fzn\u00e9 ciz\u00ed direktivy. Ale to se m\u00e1 ob\u010dan\u016fm zakr\u00fdt, tak jsou stra\u0161eni n\u011bjakou vzd\u00e1lenou hrozbou. Nehrajme si na velmoc, kter\u00e1 chce peskovat ciz\u00ed n\u00e1rody a bojovat n\u011bkde proti domorodc\u016fm v pou\u0161t\u00edch. Hajme si sv\u00e9.<\/p>\n<p><strong>V \u010desk\u00e9m prost\u0159ed\u00ed se za\u010d\u00ednaj\u00ed mno\u017eit \u010dasto v\u00fdstra\u017en\u00e9 n\u00e1zory varuj\u00edc\u00ed p\u0159ed ruskou hrozbou pro sv\u011bt, pro Evropu. Koment\u00e1to\u0159i jako \u0160afa\u0159\u00edkov\u00e1, Gabal nebo \u0160afr mluv\u00ed o rusizaci \u010ceska a jeho p\u0159\u00edklonu k Rusku. Je to re\u00e1ln\u00e1 hrozba? Jak by dle V\u00e1s mohlo v p\u0159\u00ed\u0161t\u00edch deseti letech Rusko prom\u011bnit architekturu Evropy? Je nutn\u00e9 se tomu br\u00e1nit? Co teorie \u0161\u00ed\u0159en\u00e1 \u0161pi\u010dkami NATO, \u017ee Rusko by mohlo otestovat soudr\u017enost aliance vyvol\u00e1n\u00edm hybridn\u00edho konfliktu v Pobalt\u00ed?<\/strong><\/p>\n<p>V\u016fbec nev\u00edm, jak by se takov\u00fd p\u0159\u00edklon m\u011bl projevovat. N\u00e1r\u016fstem \u010dlen\u016f pravoslavn\u00e9 c\u00edrkve? Poj\u00edd\u00e1n\u00edm piroh\u016f? To je tak\u00e9 jeden dobr\u00fd dom\u00e1c\u00ed trik: Kdy\u017e s n\u00e1mi n\u011bkdo nesouhlas\u00ed a dovol\u00ed si m\u00edt jin\u00fd n\u00e1zor na to, jak m\u00e1me h\u00e1jit z\u00e1jmy \u010cesk\u00e9 republiky, u\u017e z n\u011bj d\u011bl\u00e1me \u0161pi\u00f3na ciz\u00ed moci. Je to snaha uml\u010det n\u00e1zorovou pluralitu, kter\u00e1 m\u00e1 p\u0159itom sv\u00e9 vlastn\u00ed ko\u0159eny zde, v na\u0161ich postoj\u00edch ke svobod\u011b.<\/p>\n<p><strong>Je na m\u00edst\u011b se d\u016fvodn\u011b ob\u00e1vat n\u011bjak\u00fdch v\u00fdrazn\u00fdch rusk\u00fdch z\u00e1jm\u016f v na\u0161\u00ed zemi? Co by u n\u00e1s mohlo Rusy zaj\u00edmat? Vyhrot\u00edm-li ot\u00e1zku, maj\u00ed n\u011bjak\u00fd z\u00e1jem n\u00e1s &#8222;vykr\u00e1st&#8220; a politicky ovl\u00e1dnout? Nebo jim jde jen o ekonomick\u00e9 partnerstv\u00ed?<\/strong><\/p>\n<p>Rusy u\u017e bohu\u017eel nezaj\u00edm\u00e1me. V Lond\u00fdn\u011b nebo na Rivi\u00e9\u0159e jich je stokr\u00e1t v\u00edc. Kupuj\u00ed fotbalov\u00e9 kluby i velk\u00e9 firmy. A utr\u00e1cej\u00ed tam. Tak\u00e9 nep\u016fjdete utr\u00e1cet sv\u00e9 pen\u00edze tam, kde se v\u00e1m po\u0161klebuj\u00ed.<\/p>\n<p><strong>N\u011bkdej\u0161\u00ed vl\u00e1dn\u00ed zmocn\u011bnec pro americk\u00fd radar v \u010cesku Tom\u00e1\u0161 Klva\u0148a p\u00ed\u0161e dokonce o v\u00fdrazn\u00e9m vlivu rusk\u00e9 propagandy u n\u00e1s a tvrd\u00ed, \u017ee j\u00ed d\u00e1vaj\u00ed prosto i &#8222;boj\u00e1cn\u00e1&#8220; ve\u0159ejnopr\u00e1vn\u00ed m\u00e9dia a cel\u00e1 zem\u011b se odchyluje od z\u00e1padn\u00ed orientace, co\u017e je pr\u00fd politik\u016fm bu\u010f jedno, anebo se na tom p\u0159\u00edmo pod\u00edl\u00ed. Pokud podle Klvani \u010desk\u00e1 ob\u010dansk\u00e1 spole\u010dnost postupnou rusifikaci nezvr\u00e1t\u00ed, pak amen s n\u00e1mi\u2026 Co o tom soud\u00edte? Je nutn\u00e9 omezit svobodu slova v z\u00e1jmu &#8222;obrany p\u0159ed ruskou propagandou&#8220;, jak navrhuje koment\u00e1tor \u010cesk\u00e9ho rozhlasu a n\u011bkdej\u0161\u00ed diplomat Alexander Tol\u010dinsk\u00fd?<\/strong><\/p>\n<p>To si opravdu n\u011bkdo mysl\u00ed, \u017ee k tomu, aby m\u011bl \u010dlov\u011bk kup\u0159\u00edkladu jin\u00fd ne\u017e ofici\u00e1ln\u011b povolen\u00fd n\u00e1zor na Ukrajinu, mus\u00ed \u010derpat z n\u011bjak\u00e9 ciz\u00ed propagandy? A jak by k n\u00ed p\u0159i\u0161el? N\u011bkdy sta\u010d\u00ed rozum a soudnost k tomu, aby \u010dlov\u011bk pochopil, \u017ee je denn\u011b krmen propagandou \u00fapln\u011b jinou.<\/p>\n<p><strong>Je t\u0159eba n\u011bjak revidovat \u010desk\u00fd postoj k dal\u0161\u00ed integraci v EU? Je dobr\u00e9 usilovat o \u010d\u00edm d\u00e1l t\u011bsn\u011bj\u0161\u00ed unii i o p\u0159ijet\u00ed eura? Jak se m\u00e1 \u010cR postavit k ot\u00e1zce imigrace? Mimochodem, jak se d\u00edv\u00e1te na s\u00edl\u00edc\u00ed popularitu protievropsk\u00fdch \u010di protiimigra\u010dn\u00edch stran jako Front National ve Francii, britsk\u00fd UKIP, Prav\u00ed Finov\u00e9 \u010di \u0160v\u00e9d\u0161t\u00ed demokrat\u00e9?<\/strong><\/p>\n<p>Je t\u0159eba z EU vystoupit. To si mysl\u00edm od sam\u00e9ho po\u010d\u00e1tku. Ale nyn\u00ed je to je\u0161t\u011b nal\u00e9hav\u011bj\u0161\u00ed. Stavba se u\u017e hrout\u00ed, je t\u0159eba b\u011b\u017eet, dokud je \u010das, ne\u017e n\u00e1m strop spadne na hlavu. A euro? To je mrtv\u00fd projekt od sam\u00e9ho po\u010d\u00e1tku. Ekonomicky \u0161kod\u00ed a je jen n\u00e1strojem k tomu, aby mocn\u00ed v Bruselu a Berl\u00edn\u011b mohli v\u00edc utahovat \u0161rouby. A imigrace? Ta tu byla v\u017edy a ne\u010dinila by nikdy \u017e\u00e1dn\u00fd velk\u00fd probl\u00e9m, pokud ti lid\u00e9 p\u0159ijdou opravdu pracovat. Jen\u017ee \u2013 jak vid\u00edme ze \u0160v\u00e9dska, Nizozem\u00ed, Francie \u010di Brit\u00e1nie \u2013 oni \u010dasto cel\u00e9 generace \u017eij\u00ed z d\u00e1vek, kter\u00e9 jim nab\u00edz\u00edme. A pak z nudy vym\u00fd\u0161lej\u00ed z\u00e1bavn\u011bj\u0161\u00ed atent\u00e1ty.<\/p>\n<p><strong>\u010cast\u00fdm argumentem pro dobr\u00e9 vztahy s Ruskem i \u010c\u00ednou je, \u017ee EU ani USA sv\u00fdm ekonomick\u00fdm v\u00fdkonem nemohou zaru\u010dit prosperitu \u010cesk\u00e9 republiky, tud\u00ed\u017e je nutn\u00e9 hledat p\u0159\u00edle\u017eitosti na v\u00fdchod\u011b. P\u0159\u00edznivci proz\u00e1padn\u00edho statutu quo naopak nal\u00e9haj\u00ed na je\u0161t\u011b v\u011bt\u0161\u00ed pos\u00edlen\u00ed sep\u011bt\u00ed \u010cesk\u00e9 republiky s USA formou dohody TTIP. Kter\u00e1 z obou cest V\u00e1m d\u00e1v\u00e1 v\u011bt\u0161\u00ed smysl?<\/strong><\/p>\n<p>Dobr\u00e9 vztahy na z\u00e1klad\u011b rovnocennosti je t\u0159eba m\u00edt se v\u0161emi. A obchod nejen p\u0159in\u00e1\u0161\u00ed prosperitu, ale tak\u00e9 provazuje sv\u011bt a rozb\u00edj\u00ed izolaci, kter\u00e1 jinak vede ke konflikt\u016fm.<\/p>\n<p><strong>Jak vid\u00edte ekonomickou budoucnost Ruska? Z\u00e1padn\u00ed koment\u00e1to\u0159i mluv\u00ed o tot\u00e1ln\u00edm zhroucen\u00ed Rusk\u00e9 federace v horizontu n\u011bkolika let, ru\u0161t\u00ed optimist\u00e9 energicky tvrd\u00ed, \u017ee prost\u0159ednictv\u00edm u\u017e\u0161\u00edch vztah\u016f se zem\u011bmi BRICS a ekonomick\u00fdch reforem svou zemi op\u011bt postav\u00ed na nohy. Vid\u00edte n\u011bjak\u00e9 viditeln\u00e9 snahy o reformy? M\u016f\u017ee Putin nastartovat rozvoj n\u011bkter\u00fdch rusk\u00fdch st\u00e1tem kontrolovan\u00fdch odv\u011btv\u00ed, jako je jadern\u00e1 energetika, t\u011b\u017eebn\u00ed za\u0159\u00edzen\u00ed, zbra\u0148ov\u00e9 syst\u00e9my, letectv\u00ed, kosmonautika\u2026 A v kombinaci s &#8222;obchodn\u00edm cestov\u00e1n\u00edm&#8220;tu do Indie, tu do Turecka, tu do ji\u017en\u00ed Ameriky sehnat pro rusk\u00e1 strategick\u00e1 odv\u011btv\u00ed odbyti\u0161t\u011b? A hroz\u00ed, \u017ee se Rusko stane pod\u0159\u00edzen\u00fdm st\u00e1tem \u010c\u00edny,<br \/>\njak\u00fdmsi jej\u00edm surovinov\u00fdm z\u00e1zem\u00edm \u010di benz\u00ednkou, jak n\u011bkte\u0159\u00ed p\u00ed\u0161\u00ed?<\/strong><\/p>\n<p>Nebudu si hr\u00e1t na znalce rusk\u00e9 ekonomiky. Jen v\u00edm, \u017ee od konce ledna rubl proti euru st\u00e1le stoup\u00e1. O korun\u011b rad\u011bji ani nemluv\u00edm. Rusk\u00e1 ekonomika ur\u010dit\u011b pot\u0159ebuje dal\u0161\u00ed reformy, ale v mnoh\u00fdch v\u011bcech jako t\u0159eba dan\u011b jsou na tom l\u00e9pe ne\u017e my a cel\u00e1 EU. P\u00e1d ceny ropy pro n\u011b znamenal po\u0159\u00e1dnou lekci, mus\u00ed jim b\u00fdt jasn\u00e9, \u017ee je t\u0159eba se v\u00edce orientovat na potenci\u00e1l dom\u00e1c\u00ed popt\u00e1vky, jako to v dob\u011b krize ud\u011blala \u010c\u00edna nebo t\u0159eba Polsko.<\/p>\n<p><strong>Pokud jde o na\u0161e vztahy k USA, levicov\u00ed aktivist\u00e9 \u010dasto upozor\u0148uj\u00ed na \u00fadajn\u011b &#8222;lokajskou&#8220;politiku \u010cesk\u00e9 republiky v\u016f\u010di USA \u010di na \u00fadajn\u00fd nekal\u00fd vliv americk\u00e9 ambas\u00e1dy i nevl\u00e1dn\u00edch organizac\u00ed z USA na \u010desk\u00fd ve\u0159ejn\u00fd \u017eivot. Co \u0159\u00edci k t\u011bmto na\u0159\u010den\u00edm? A jak zformulovat spr\u00e1vnou \u010deskou pozici v\u016f\u010di nejmocn\u011bj\u0161\u00ed zemi sv\u011bta?<\/strong><\/p>\n<p>Vliv ciz\u00edch sil na n\u00e1\u0161 dom\u00e1c\u00ed ve\u0159ejn\u00fd \u017eivot je takov\u00fd, jak\u00fd dovol\u00edme. Je jasn\u00e9, \u017ee r\u016fzn\u00e9 zem\u011b se sna\u017e\u00ed prosazovat i u n\u00e1s sv\u00e9 vlastn\u00ed z\u00e1jmy, na tom nic nen\u00ed. Ale jde o to, abychom tomu \u010delili, pokud jsou v n\u011bkter\u00fdch ohledech tyto z\u00e1jmy odli\u0161n\u00e9 od na\u0161ich. Je smutn\u00e9, kolik let jsme trp\u011bli t\u0159eba v\u00edzovou povinnost od USA. Sebev\u011bdom\u011bj\u0161\u00ed bychom m\u011bli b\u00fdt i ve srovnateln\u00fdch podm\u00ednk\u00e1ch pro ochranu investic, v\u00fdvoz kapit\u00e1lu a vz\u00e1jemn\u00fd obchod. Jsme slab\u0161\u00ed partner a je jasn\u00e9, \u017ee nem\u016f\u017eeme d\u011blat velk\u00e1 ramena, ale chce to trp\u011bliv\u011b h\u00e1jit sv\u00e9 tak, jako to d\u011blaj\u00ed i Ameri\u010dan\u00e9. A tak\u00e9 je t\u0159eba nepodl\u00e9hat politick\u00fdm tlak\u016fm, pokud jde o ekonomick\u00e1 rozhodnut\u00ed. U nich m\u00e1 rozhodovat jen ekonomick\u00e9 krit\u00e9rium. USA jsou na\u0161\u00edm z\u00e1sadn\u00edm spojencem v NATO a to respektujme. Je to tak\u00e9 zem\u011b v mnoh\u00e9m inspirativn\u00ed i pro n\u00e1s. Ale nemus\u00edme se nechat zatahovat do kdejak\u00e9ho probl\u00e9mu na druh\u00e9m konci sv\u011bta, kter\u00fd vytvo\u0159\u00ed \u010dasto dosti neproz\u00edrav\u00e1 americk\u00e1 zahrani\u010dn\u00ed politika.<\/p>\n<p><strong>V n\u011bkter\u00fdch ekonomick\u00fdch ukazatel\u00edch u\u017e byly USA p\u0159edsti\u017eeny \u010c\u00ednou. Jak\u00e9 p\u0159\u00edle\u017eitosti a rizika vid\u00edte ve vztaz\u00edch s touto velmoc\u00ed? Spojuj\u00ed \u010c\u00ed\u0148an\u00e9 obchod s politikou nebo jim jde jen o byznys? Jakou ekonomickou budoucnost p\u0159edpov\u00edd\u00e1te nejlidnat\u011bj\u0161\u00ed zemi sv\u011bta? Objevuj\u00ed se zpr\u00e1vy o ekologick\u00fdch, soci\u00e1ln\u00edch a demografick\u00fdch probl\u00e9mech\u2026<\/strong><\/p>\n<p>No, v jednom ukazateli. V tom nejd\u016fle\u017eit\u011bj\u0161\u00edm &#8211; HDP. Co\u017e je ukazatel m\u011b\u0159\u00edc\u00ed ekonomickou v\u00e1hu zem\u011b. P\u0159\u00edle\u017eitost pro obchod je to obrovsk\u00e1 a takov\u00ed N\u011bmci \u010di Ameri\u010dan\u00e9 to d\u00e1vno dob\u0159e v\u011bd\u00ed a jednaj\u00ed podle toho. D\u011blejme to tak\u00e9. Ale i zde se \u0159i\u010fme ekonomickou v\u00fdhodnost\u00ed, ne n\u011bjak\u00fdm politick\u00e9m tlakem. Ten jsem od \u010c\u00edny zat\u00edm nezaregistroval, ale pokud by je jejich rostouc\u00ed sebev\u011bdom\u00ed k n\u011b\u010demu takov\u00e9mu vedlo, dr\u017eme se d\u00e1l ekonomick\u00fdch argument\u016f a politick\u00e9mu tlaku nepodl\u00e9hejme. A probl\u00e9my? Na sv\u011bt\u011b je hodn\u011b probl\u00e9m\u016f. \u010c\u00edna p\u0159edstavuje p\u011btinu sv\u011bta. Bylo by divn\u00e9, kdyby nep\u0159edstavovala p\u011btinu probl\u00e9m\u016f. Starejme se rad\u011bji o ty svoje.<\/p>\n<p><strong>V\u00e1clav Havel stav\u011bl svou politiku na ochran\u011b lidsk\u00fdch pr\u00e1v, p\u0159i\u010dem\u017e tento pojem ch\u00e1pal v z\u00e1padn\u00edm, americk\u00e9m v\u00fdkladu. N\u00e1m\u011bstek \u010desk\u00e9ho ministra zahrani\u010d\u00ed Petr Drul\u00e1k oproti politick\u00fdm pr\u00e1v\u016fm zd\u016fraz\u0148uje i pr\u00e1va soci\u00e1ln\u00ed \u010di ekologick\u00e1. Co bychom m\u011bli prioritn\u011b h\u00e1jit? M\u011bli bychom nad\u00e1le sledovat kategorie jako svoboda slova \u010di politick\u00e1 svoboda, a to v zem\u00edch velk\u00fdch i mal\u00fdch, bl\u00edzk\u00fdch i vzd\u00e1len\u00fdch? Nebo jsou t\u00e9maty sp\u00ed\u0161e rozvojov\u00e1 pomoc chud\u00fdm zem\u00edm, sledov\u00e1n\u00ed podm\u00ednek pr\u00e1ce, \u017eivotn\u00ed \u00farove\u0148 \u010di zav\u00e1d\u011bn\u00ed soci\u00e1ln\u00edch vymo\u017eenost\u00ed?<\/strong><\/p>\n<p>Havel \u017e\u00e1dnou politiku na ochran\u011b lidsk\u00fdch pr\u00e1v nestav\u011bl. Jen na sv\u00fdch fr\u00e1z\u00edch o lidsk\u00fdch pr\u00e1vech. D\u011blejme to jako v\u0161echny ostatn\u00ed sv\u00e9pr\u00e1vn\u00e9 zem\u011b: Obchodujme, hajme sv\u00e9 z\u00e1jmy a neignorujme utrpen\u00ed kdekoli. Ale nep\u0159ece\u0148ujme sv\u00e9 mo\u017enosti v l\u00e9\u010db\u011b nemoc\u00ed sv\u011bta.<\/p>\n<p><strong>Z\u00e1kladn\u00edm atributem zahrani\u010dn\u00ed politiky je i obrann\u00e1 politika. Je dosta\u010duj\u00edc\u00ed b\u00fdt \u010dlenem NATO, nebo m\u00e1 \u010cR p\u0159istoupit k jin\u00fdm form\u00e1m zaji\u0161t\u011bn\u00ed vlastn\u00ed bezpe\u010dnosti? Co stav na\u0161\u00ed arm\u00e1dy a jej\u00ed bojeschopnost?<\/strong><\/p>\n<p>Nepot\u0159ebujeme k bezpe\u010d\u00ed jin\u00e9 struktury, ne\u017e je NATO. Ale jsme jej\u00edmi \u010dleny, tak se tak\u00e9 pod\u00edlejme na jej\u00ed politice a trvejme na jej\u00edm charakteru coby n\u00e1stroje obrany sv\u00fdch \u010dlen\u016f, ne hybatele re\u017eim\u016f v kdekter\u00e9 zemi sv\u011bta. Stav na\u0161\u00ed arm\u00e1dy? Mo\u017en\u00e1 na\u0161e arm\u00e1da u\u017e vlastn\u011b neexistuje. M\u00e1me z n\u00ed expedi\u010dn\u00ed sbor pro boj s divok\u00fdmi kmeny kdesi v pralese. Podle mne t\u00e9m\u011b\u0159 ztratila schopnost br\u00e1nit na\u0161e vlastn\u00ed \u00fazem\u00ed proti bl\u00edzk\u00e9mu nebezpe\u010d\u00ed. A tak\u00e9 ztratila kontakt s na\u0161imi m\u011bsty, vinou r\u016fzn\u00fdch centr\u00e1ln\u00edch n\u00e1kup\u016f a tak\u00e9 toho, \u017ee lid\u00e9 nemaj\u00ed pocit, \u017ee ta kas\u00e1rna u nich slou\u017e\u00ed k ochran\u011b jejich domov\u016f, ale k intervenci kdov\u00edkde a kdov\u00ed za koho.<\/p>\n<p><a href=\"http:\/\/www.parlamentnilisty.cz\/arena\/rozhovory\/Klausuv-Jakl-Nas-neohrozuje-zadne-vnejsi-nebezpeci-Rusy-uz-bohuzel-nezajimame-Nase-armada-uz-neexistuje-je-z-ni-sbor-pro-boj-s-kmeny-v-pralese-364816\" target=\"_blank\">Zdroj<\/a><\/p>\n<p>&nbsp;<\/p>\n","protected":false},"excerpt":{"rendered":"<p>Rusy u\u017e bohu\u017eel nezaj\u00edm\u00e1me. Na\u0161e arm\u00e1da u\u017e neexistuje, je z n\u00ed sbor pro boj s kmeny v pralese.<\/p>\n","protected":false},"author":1,"featured_media":0,"comment_status":"open","ping_status":"open","sticky":false,"template":"","format":"standard","meta":{"ngg_post_thumbnail":0,"footnotes":""},"categories":[13],"tags":[],"class_list":["post-5526","post","type-post","status-publish","format-standard","hentry","category-rozhovory"],"_links":{"self":[{"href":"https:\/\/www.ladislavjakl.cz\/index.php?rest_route=\/wp\/v2\/posts\/5526","targetHints":{"allow":["GET"]}}],"collection":[{"href":"https:\/\/www.ladislavjakl.cz\/index.php?rest_route=\/wp\/v2\/posts"}],"about":[{"href":"https:\/\/www.ladislavjakl.cz\/index.php?rest_route=\/wp\/v2\/types\/post"}],"author":[{"embeddable":true,"href":"https:\/\/www.ladislavjakl.cz\/index.php?rest_route=\/wp\/v2\/users\/1"}],"replies":[{"embeddable":true,"href":"https:\/\/www.ladislavjakl.cz\/index.php?rest_route=%2Fwp%2Fv2%2Fcomments&post=5526"}],"version-history":[{"count":5,"href":"https:\/\/www.ladislavjakl.cz\/index.php?rest_route=\/wp\/v2\/posts\/5526\/revisions"}],"predecessor-version":[{"id":5536,"href":"https:\/\/www.ladislavjakl.cz\/index.php?rest_route=\/wp\/v2\/posts\/5526\/revisions\/5536"}],"wp:attachment":[{"href":"https:\/\/www.ladislavjakl.cz\/index.php?rest_route=%2Fwp%2Fv2%2Fmedia&parent=5526"}],"wp:term":[{"taxonomy":"category","embeddable":true,"href":"https:\/\/www.ladislavjakl.cz\/index.php?rest_route=%2Fwp%2Fv2%2Fcategories&post=5526"},{"taxonomy":"post_tag","embeddable":true,"href":"https:\/\/www.ladislavjakl.cz\/index.php?rest_route=%2Fwp%2Fv2%2Ftags&post=5526"}],"curies":[{"name":"wp","href":"https:\/\/api.w.org\/{rel}","templated":true}]}}