{"id":5549,"date":"2015-03-10T13:54:14","date_gmt":"2015-03-10T12:54:14","guid":{"rendered":"http:\/\/www.ladislavjakl.cz\/?p=5549"},"modified":"2015-03-10T13:54:14","modified_gmt":"2015-03-10T12:54:14","slug":"ladislav-jakl-s-havlem-na-vecne-casy-a-nikdy-jinak-tal-do-ziveho","status":"publish","type":"post","link":"https:\/\/www.ladislavjakl.cz\/?p=5549","title":{"rendered":"Ladislav Jakl: &#8222;S Havlem na v\u011b\u010dn\u00e9 \u010dasy a nikdy jinak&#8220; \u0165al do \u017eiv\u00e9ho"},"content":{"rendered":"<p>\u017durnalista, spolupracovn\u00edk V\u00e1clava Klause se vyj\u00e1d\u0159il pro magaz\u00edn VIPosobnosti.eu k aktu\u00e1ln\u00edm t\u00e9mat\u016fm, kter\u00e1 se t\u00fdkaj\u00ed nejen Prahy. K sou\u010dasn\u00e9mu veden\u00ed m\u011bsta\u00a0se vyj\u00e1d\u0159il nelichotiv\u011b, stejn\u011b jak k\u00a0modr\u00e9 vlajce poset\u00e9 hv\u011bzdami vlaj\u00edc\u00ed nad Pra\u017esk\u00fdm hradem jak za dob protektor\u00e1tu. Co Jaklovi je\u0161t\u011b vad\u00ed, co by r\u00e1d a pro\u010d zru\u0161il?<\/p>\n<p><!--more--><\/p>\n<p><strong>Jak vn\u00edm\u00e1te kauzu dnes op\u011bt otev\u0159enou kauzu Ne\u010das-Nagyov\u00e1. Je opravdu tak d\u016fle\u017eit\u00e1, nebo je to jen z\u00e1st\u011brka daleko v\u00e1\u017en\u011bj\u0161\u00edho probl\u00e9mu, o kter\u00e9m se nehovo\u0159\u00ed?<\/strong><\/p>\n<p>Mus\u00edm se p\u0159iznat, \u017ee ji nesleduji a \u017ee jej\u00ed k\u0159e\u010dovit\u00e1 medializace je mi u\u017e protivn\u00e1. Pamatuje si vlastn\u011b n\u011bkdo, jak v\u011bc za\u010dala? Bombastick\u00fdm obvin\u011bn\u00edm premi\u00e9ra a poslanc\u016f z\u00a0korupce, padla kv\u016fli tomu vl\u00e1da, prost\u011b vl\u00e1dn\u00ed p\u0159evrat do d\u016fsledk\u016f. Nic z\u00a0toho se nepotvrdilo a vy\u0161et\u0159ovatel\u00e9 a \u017ealobci m\u00edsto \u010destn\u00e9ho sp\u00e1ch\u00e1n\u00ed harakiri z\u00e1sobuj\u00ed ve\u0159ejnost n\u00e1hradn\u00edmi pitomostmi o sledov\u00e1n\u00ed man\u017eelky nebo o tom, jestli sekret\u00e1\u0159ka klepala v\u00a0pracovn\u00ed dob\u011b koberec.<\/p>\n<p><strong>Kde je podle v\u00e1s pro m\u00e9dia hranice, co v\u0161e napsat o politic\u00edch, um\u011blc\u00edch, \u010di podnikatel\u00edch, a co u\u017e je za hranou?<\/strong><\/p>\n<p>Jde o to, jakou hranu m\u00e1te na mysli. Jestli hranu vkusu, tak tu m\u00e1 nastavenou ka\u017ed\u00fd jinak. Jestli hranu obecn\u011b p\u0159ij\u00edman\u00fdch norem slu\u0161nosti, tak i tu m\u016f\u017ee posuzovat ka\u017ed\u00fd odli\u0161n\u011b. A jestli jde o hranu z\u00e1kona, pak to mus\u00ed rozhodnout soud, pokud se na n\u011bkdo obr\u00e1t\u00ed. Lid\u00e9 jsou \u010dasto zlomysln\u00ed a maj\u00ed radost, kdy\u017e je n\u011bkdo pomlouv\u00e1n. M\u00edsto toho, aby si uplivli nad pomlouva\u010dem.<\/p>\n<p><strong>M\u00e1m na mysli eticko-mor\u00e1ln\u00ed, kdy n\u011bkter\u00e1 m\u00e9dia ur\u00e1\u017e\u00ed slovn\u011b osobnosti, \u010di se o nich vyjad\u0159uj\u00ed hanliv\u011b. Lid\u00e9 pak p\u0159est\u00e1vaj\u00ed m\u00edt \u00factu, respekt a toto jedn\u00e1n\u00ed pova\u017euj\u00ed za spr\u00e1vnou &#8222;normu&#8220; chov\u00e1n\u00ed.<\/strong><\/p>\n<p>Ano, to jist\u011b m\u00e1te pravdu. J\u00e1 jsem podobn\u00fdmi v\u011bcmi znechucen denn\u011b. Nen\u00ed mo\u017en\u00e9 se s\u00a0ur\u00e1\u017een\u00edm lid\u00ed jen tak smi\u0159ovat a za\u010d\u00edt ho pova\u017eovat za norm\u00e1ln\u00ed. Ale stejn\u011b \u0161patn\u00e9 by bylo za\u010d\u00edt vym\u00fd\u0161let nov\u00e9 p\u0159edpisy, kter\u00e9 by to omezily. Ty se toti\u017e v\u017edy nakonec obr\u00e1t\u00ed proti svobod\u011b slova.<\/p>\n<p><strong>Majitele obsah \u010dasto\u00a0nezaj\u00edm\u00e1. Kdo by m\u011bl vlastn\u011b kontrolovat m\u00e9dia?<\/strong><\/p>\n<p>M\u00e9dia mus\u00ed kontrolovat vlastn\u00edk nebo jeho zmocn\u011bnec. Proto\u017ee pr\u00e1v\u011b jeho mohou l\u017ei, manipulace a neprofesionalita jeho m\u00e9di\u00ed po\u0161kodit. Bu\u010f \u00a0finan\u010dn\u011b, nebo na presti\u017ei. A pak jsou tu st\u00e1tn\u00ed m\u00e9dia, kter\u00e1 jsou cudn\u011b naz\u00fdv\u00e1na \u201eve\u0159ejnopr\u00e1vn\u00edmi\u201c. Ty by m\u011bl kontrolovat st\u00e1t, ale to nikdy ned\u011blal. Tato m\u00e9dia tak vlastn\u011b pat\u0159\u00ed sv\u00fdm zam\u011bstnanc\u016fm. A ti si v\u00a0nich d\u011blaj\u00ed, co cht\u011bj\u00ed, a ve\u0159ejnosti jim to plat\u00ed a je\u0161t\u011b se t\u00edm nech\u00e1 ohlupovat.<\/p>\n<p><strong>Tady m\u011b zaj\u00edm\u00e1 v\u00e1\u0161 n\u00e1zor na zru\u0161en\u00ed poplatk\u016f \u010cT. Pokud v\u00edm, cht\u011bl je zru\u0161it ji\u017e exprezident V\u00e1clav Klaus, nyn\u00ed sou\u010dasn\u00fd prezident Milo\u0161 Zeman.<\/strong><\/p>\n<p>J\u00e1 jsem pro zru\u0161en\u00ed \u010cesk\u00e9 televize a \u010cesk\u00e9ho rozhlasu u\u017e d\u00e1vno. St\u00e1tn\u00ed noviny tak\u00e9 nem\u00e1me a nikomu nechyb\u00ed. Tyto dv\u011b instituce ned\u011blaj\u00ed nic, co by ned\u011blal stejn\u011b dob\u0159e nebo \u0161patn\u011b kdokoli jin\u00fd, akor\u00e1t ten i bez natahov\u00e1n\u00ed ruky po ve\u0159ejn\u00fdch pen\u011bz\u00edch.<\/p>\n<p><strong>Poj\u010fme k politice. Praze se ji\u017e n\u011bkolik let neda\u0159\u00ed, a to nejen politicky, ale tak\u00e9 se zastavil rozvoj m\u011bsta. Stagnuje tunel Blanka, v Opencard politici tak\u00e9 nemaj\u00ed dodnes jasno?<\/strong><\/p>\n<p>Blanka je fascinuj\u00edc\u00ed stavba. Nejv\u011bt\u0161\u00ed m\u011bstsk\u00e9 silni\u010dn\u00ed podzemn\u00ed d\u00edlo v\u00a0Evrop\u011b. Po otev\u0159en\u00ed by pro Prahu znamenala ohromn\u00fd p\u0159\u00ednos. Je jasn\u00e9, \u017ee u tak velik\u00e9ho d\u00edla b\u00fdvaly v\u017edy v\u00a0d\u011bjin\u00e1ch probl\u00e9my technick\u00e9, finan\u010dn\u00ed, procedur\u00e1ln\u00ed, byrokratick\u00e9, z\u00e1jmov\u00e9 a kdov\u00edjak\u00e9 dal\u0161\u00ed. To lze pochopit.<\/p>\n<p>U tohoto tunelu se ale nepochopiteln\u011b p\u0159id\u00e1v\u00e1 nesmysln\u00e9 politika\u0159en\u00ed, tak\u017ee lidi maj\u00ed Blanku zcela nespr\u00e1vn\u011b zafixov\u00e1nu jako n\u011bjakou lump\u00e1rnu m\u00edsto toho, aby ji brali jako velk\u00fd pokrok. Kdo kv\u016fli \u0161pin\u011bn\u00ed sv\u00fdch konkurent\u016f blokuje jej\u00ed otev\u0159en\u00ed, toho bych zav\u0159el do klece uprost\u0159ed Letensk\u00e9ho n\u00e1m\u011bst\u00ed a nechal ho tam t\u00fdden poslouchat r\u00e1mus a d\u00fdchat prach a zplodiny.<\/p>\n<p>A opencard? Op\u011bt: velmi zaj\u00edmav\u00fd projekt, kter\u00fd dob\u0159e slou\u017eil a mohl by je\u0161t\u011b l\u00e9pe. Ale m\u00edsto karty Pra\u017eana se z\u00a0n\u011bj stala karta politick\u00e1 a Pra\u017ean jen ostrouh\u00e1.<\/p>\n<p><strong>Zvl\u00e1dne podle v\u00e1s sou\u010dasn\u00e1 garnitura hlavn\u00edho m\u011bsta tyto letit\u00e9 probl\u00e9my prolomit a Prahu zase ve v\u00fdvoji posunout?<\/strong><\/p>\n<p>Ne. Prahu vede n\u011bjak\u00e1 pan\u00ed, kterou tu nikdo nezn\u00e1 a ona nezn\u00e1 Prahu. Ob\u010danstv\u00ed m\u00e1 od lo\u0148ska a krom\u011b kamar\u00e1dstv\u00ed s\u00a0oligarchou nem\u00e1 jinou kvalifikaci. A z\u00e1da j\u00ed kryje ultralevicov\u00fd ekofanatik. Za tis\u00edc let Praha hor\u0161\u00ed veden\u00ed nem\u011bla, a to byl Olomou\u010d\u00e1k Hude\u010dek u\u017e dost velk\u00fd pr\u016f\u0161vih.<\/p>\n<p><strong>Vlastn\u011b\u00a0nejen m\u00e9dia, ale i prim\u00e1torka hlavn\u00edho m\u011bsta hovo\u0159\u00ed ve sv\u00fdch vyj\u00e1d\u0159en\u00edch (o debilech-pozn.red) nekultivovan\u011b. Nesni\u017euje t\u00edm hodnotu nejen t\u00e9to stavby, ale tak\u00e9 hlavn\u00edho m\u011bsta a v neposledn\u00ed \u0159ad\u011b sebe?<\/strong><\/p>\n<p>Takov\u00e9 v\u00fdroky mi u technick\u00e9ho sporu vad\u00ed, t\u0159eba za to m\u016f\u017ee jej\u00ed \u010de\u0161tina. Ale hlavn\u011b t\u00edm lacin\u011b nadb\u00edh\u00e1 lidov\u00e9 p\u0159edstav\u011b o Blance jako o n\u011b\u010dem \u0161patn\u00e9m, p\u0159itom to je in\u017een\u00fdrsk\u00fd z\u00e1zrak, produkt ohromn\u00e9ho \u00fasil\u00ed a v\u011bc, kter\u00e1 dramaticky zlep\u0161\u00ed \u017eivot ve m\u011bst\u011b. Jestli je na Blance n\u011bco \u0161patn\u00e9ho, jsou to tyhle politick\u00e9 hry.<\/p>\n<p><strong>Pro\u010d se m\u00e9dia i sou\u010dasn\u00ed politici st\u00e1le oh\u00e1n\u00ed b\u00fdval\u00fdm veden\u00edm Prahy, kter\u00e9 tyto stavby zapo\u010dalo?<\/strong><\/p>\n<p>O to p\u0159ece jde. Kdy\u017e budete nad\u00e1vat na sv\u00e9 p\u0159edch\u016fdce, lid\u00e9 si nev\u0161imnou, \u017ee u\u017e d\u00e1vno rozhodujete vy. Ale abych novou radnici jen nekritizoval: velice kvituji, \u017ee se neveze na m\u00f3d\u011b vyv\u011b\u0161ovat vlajku jednoho st\u0159edov\u011bk\u00e9ho tyransk\u00e9ho mni\u0161sk\u00e9ho st\u00e1tu, kter\u00fd po sv\u011bt\u011b za prima pen\u00edze propaguje nevolen\u00fd marxistick\u00fd v\u016fdce v\u00a0prost\u011bradle s\u00a0k\u00fd\u010dovit\u00fdmi \u0159e\u010dmi star\u00e9 kart\u00e1\u0159ky. Ty vlajky stejn\u011b \u0161ije \u010c\u00edna a m\u00e1 z\u00a0toho byznys a je\u0161t\u011b legraci.<\/p>\n<p><strong>Co podle v\u00e1s Praze dlouhodob\u011b sch\u00e1z\u00ed?<\/strong><\/p>\n<p>Rozum. Neblokovat kdekterou dobrou v\u011bc, stavbu, kdejak\u00fd u\u017eite\u010dn\u00fd projekt. Pak tak\u00e9 svoboda. Neomezovat \u017eivnostn\u00edky, dopravu, parkov\u00e1n\u00ed, reklamu. A tak\u00e9 odvaha k\u00a0rozhodnut\u00edm. U\u017e 70 let t\u0159eba kouk\u00e1me spolu s\u00a0miliony turist\u016f na Starom\u011bstsk\u00e9m n\u00e1m\u011bst\u00ed na zbo\u0159eni\u0161t\u011b radnice. O dostavb\u011b nikdo nerozhodne, proto\u017ee v\u00a0dne\u0161n\u00ed atmosf\u00e9\u0159e by byl zadup\u00e1n do zem\u011b. A infrastruktura. P\u0159edev\u0161\u00edm dokon\u010den\u00ed M\u011bstsk\u00e9ho i Pra\u017esk\u00e9ho okruhu.<\/p>\n<p><strong>Jak\u00fd je v\u00e1\u0161 n\u00e1zor na velk\u00fd plak\u00e1t b\u00fdval\u00e9ho prezidenta V\u00e1clava Havla, kter\u00fd zakr\u00fdv\u00e1 \u010d\u00e1st N\u00e1rodn\u00edho muzea v Praze? Lid\u00e9 kv\u016fli jeho sund\u00e1n\u00ed podepisuj\u00ed petice.<\/strong><\/p>\n<p>M\u00e1m jistou v\u00fdhradu k\u00a0tomu n\u00e1pisu \u201eHavel nav\u017edy\u201c. M\u011blo by tam b\u00fdt p\u0159esn\u011bj\u0161\u00ed \u00a0\u201eS Havlem na v\u011b\u010dn\u00e9 \u010dasy a nikdy jinak\u201c.<\/p>\n<p><strong>Nebylo by lep\u0161\u00ed tuto plachtu sundat?<\/strong><\/p>\n<p>Pokud by nepro\u0161el m\u016fj n\u00e1vrh, je to druh\u00e1 nejlep\u0161\u00ed varianta.<\/p>\n<p><strong>Vy pracujete po odchodu<\/strong><strong>\u00a0<\/strong><strong>z funkce\u00a0tajemn\u00edka exprezidenta V\u00e1clava\u00a0Klause\u00a0v jeho Vzd\u011bl\u00e1vac\u00edm institutu. Co je n\u00e1pln\u00ed va\u0161\u00ed pr\u00e1ce a nest\u00fdsk\u00e1 se v\u00e1m po Hrad\u011b?<\/strong><\/p>\n<p>Vyd\u00e1v\u00e1me publikace, knihy, po\u0159\u00e1d\u00e1me semin\u00e1\u0159e a p\u0159edn\u00e1\u0161ky. Hradu se vyh\u00fdb\u00e1m od t\u00e9 doby, co ho nov\u00fd prezident zneuctil t\u00edm modr\u00fdm hadrem se zlat\u00fdmi hv\u011bzdi\u010dkami. Na s\u00eddle \u010desk\u00fdch kr\u00e1l\u016f nem\u00e1 symbol ciz\u00ed nadvl\u00e1dy co d\u011blat.<\/p>\n<p><strong>Jak tedy hodnot\u00edte 2 roky vl\u00e1dy prezidenta Milo\u0161e Zemana, a to p\u0159edev\u0161\u00edm v souvislosti s EU, Ruskem, \u010di jeho ned\u00e1vnou n\u00e1v\u0161t\u011bvou\u00a0<\/strong><strong>ve Spojen\u00fdch st\u00e1tech na pro-izraelsk\u00e9 konferenci, kter\u00e1 mu p\u0159inesla velk\u00fd \u00fasp\u011bch?<\/strong><\/p>\n<p>Leze na nervy vl\u00e1dc\u016fm ve\u0159ejn\u00e9ho m\u00edn\u011bn\u00ed, v\u00a0tom mi je sympatick\u00fd. Ale klan\u00ed se Bruselu a r\u00e1d by na\u0161e kluky pos\u00edlal bojovat n\u011bkom proti domorodc\u016fm do pou\u0161t\u011b. A ta konference do USA. Potlesk pro \u010desk\u00e9ho prezidenta je fajn, ale t\u00edm se \u00fasp\u011bch nem\u011b\u0159\u00ed. R\u00e1d bych v\u011bd\u011bl, zda to byl i \u00fasp\u011bch pro na\u0161i zem. Ned\u00e1v\u00e1me sp\u00ed\u0161 sv\u016fj souhlas s\u00a0kde\u010d\u00edm p\u0159\u00edli\u0161 levn\u011b? Co dostaneme za podporu ciz\u00edch z\u00e1jm\u016f?<\/p>\n<p><a href=\"http:\/\/www.viposobnosti.eu\/inpage\/ladislav-jakl-s-havlem-na-vecne-casy-a-nikdy-jinak-tal-do-ziveho\/\" target=\"_blank\">Zdroj<\/a><\/p>\n","protected":false},"excerpt":{"rendered":"<p>\u017durnalista, spolupracovn\u00edk V\u00e1clava Klause se vyj\u00e1d\u0159il pro magaz\u00edn VIPosobnosti.eu k aktu\u00e1ln\u00edm t\u00e9mat\u016fm, kter\u00e1 se t\u00fdkaj\u00ed nejen Prahy. K sou\u010dasn\u00e9mu veden\u00ed m\u011bsta\u00a0se vyj\u00e1d\u0159il nelichotiv\u011b, stejn\u011b jak k\u00a0modr\u00e9 vlajce poset\u00e9 hv\u011bzdami vlaj\u00edc\u00ed nad Pra\u017esk\u00fdm hradem jak za dob protektor\u00e1tu. Co Jaklovi je\u0161t\u011b vad\u00ed, co by r\u00e1d a pro\u010d zru\u0161il?<\/p>\n","protected":false},"author":1,"featured_media":0,"comment_status":"open","ping_status":"open","sticky":false,"template":"","format":"standard","meta":{"ngg_post_thumbnail":0,"footnotes":""},"categories":[13],"tags":[],"class_list":["post-5549","post","type-post","status-publish","format-standard","hentry","category-rozhovory"],"_links":{"self":[{"href":"https:\/\/www.ladislavjakl.cz\/index.php?rest_route=\/wp\/v2\/posts\/5549","targetHints":{"allow":["GET"]}}],"collection":[{"href":"https:\/\/www.ladislavjakl.cz\/index.php?rest_route=\/wp\/v2\/posts"}],"about":[{"href":"https:\/\/www.ladislavjakl.cz\/index.php?rest_route=\/wp\/v2\/types\/post"}],"author":[{"embeddable":true,"href":"https:\/\/www.ladislavjakl.cz\/index.php?rest_route=\/wp\/v2\/users\/1"}],"replies":[{"embeddable":true,"href":"https:\/\/www.ladislavjakl.cz\/index.php?rest_route=%2Fwp%2Fv2%2Fcomments&post=5549"}],"version-history":[{"count":1,"href":"https:\/\/www.ladislavjakl.cz\/index.php?rest_route=\/wp\/v2\/posts\/5549\/revisions"}],"predecessor-version":[{"id":5550,"href":"https:\/\/www.ladislavjakl.cz\/index.php?rest_route=\/wp\/v2\/posts\/5549\/revisions\/5550"}],"wp:attachment":[{"href":"https:\/\/www.ladislavjakl.cz\/index.php?rest_route=%2Fwp%2Fv2%2Fmedia&parent=5549"}],"wp:term":[{"taxonomy":"category","embeddable":true,"href":"https:\/\/www.ladislavjakl.cz\/index.php?rest_route=%2Fwp%2Fv2%2Fcategories&post=5549"},{"taxonomy":"post_tag","embeddable":true,"href":"https:\/\/www.ladislavjakl.cz\/index.php?rest_route=%2Fwp%2Fv2%2Ftags&post=5549"}],"curies":[{"name":"wp","href":"https:\/\/api.w.org\/{rel}","templated":true}]}}