{"id":555,"date":"2010-09-23T14:11:05","date_gmt":"2010-09-23T13:11:05","guid":{"rendered":"http:\/\/www.ladislavjakl.cz\/?p=555"},"modified":"2010-09-23T14:11:05","modified_gmt":"2010-09-23T13:11:05","slug":"pri-cteni-myslet-po-hajkovi-varuje-pred-medii-i-jakl","status":"publish","type":"post","link":"https:\/\/www.ladislavjakl.cz\/?p=555","title":{"rendered":"P\u0159i \u010dten\u00ed myslet! Po H\u00e1jkovi varuje p\u0159ed m\u00e9dii i Jakl"},"content":{"rendered":"<p>Prezident\u016fv tajemn\u00edk Ladislav Jakl p\u0159edn\u00e1\u0161el v pra\u017esk\u00e9m Golem clubu. Redakce Prvnizpravy.cz byla u toho.<\/p>\n<p><!--more--><\/p>\n<div><strong><span style=\"font-size: x-small;\">23.z\u00e1\u0159\u00ed 2010<\/span><\/strong> &#8211; <strong><span style=\"font-size: x-small;\">13:12<\/span><\/strong><\/div>\n<p>Nenechme se  ohlupovat m\u00e9dii, zn\u00ed z Hradu. Po Petru H\u00e1jkovi, kter\u00fd se do sd\u011blovac\u00edch  prost\u0159edk\u016f pustil ve sv\u00e9 knize Smrt ve st\u0159edu, pokra\u010duje v kritice  medi\u00e1ln\u00edch manipulac\u00ed i tajemn\u00edk prezidenta Ladislav Jakl.<\/p>\n<p>Ned\u00e1vno  t\u00e9ma nakousl sv\u00fdm textem &#8222;Kolik lze vyd\u011blat zama\u0161t\u011bn\u00fdm pt\u00e1kem&#8220; a  sd\u011blovac\u00ed prost\u0159edky si tak proti sob\u011b ihned po\u0161tval. Nyn\u00ed se k  problematice vr\u00e1til ve sv\u00e9 p\u0159edn\u00e1\u0161ce v pra\u017esk\u00e9m Golem clubu.<\/p>\n<p>Krom\u011b  politicky nekorektn\u00edch v\u00fdrok\u016f, kter\u00fdmi Jakl n\u011bkolikr\u00e1t rozesm\u00e1l  p\u0159\u00edtomn\u00e9 publikum a ze kter\u00fdch by byl nejeden redaktor MF DNES \u0161\u0165astn\u00fd  (proto\u017ee by z nich mohl &#8222;vyrobit&#8220; dal\u0161\u00ed r\u00e1doby skandalizuj\u00edc\u00ed \u010dl\u00e1nek),  si poslucha\u010di mohli vyslechnout promy\u0161lenou kritiku &#8222;medi\u00e1ln\u00edch kampan\u00ed  sou\u010dasnosti&#8220; z \u00fast \u010dlov\u011bka, kter\u00fd m\u00e1 k t\u00e9matu co \u0159\u00edci.<\/p>\n<p>Jednak je  Jakl b\u00fdval\u00fd novin\u00e1\u0159, z\u00e1rove\u0148 ale tak\u00e9 coby bl\u00edzk\u00fd spolupracovn\u00edk  prezidenta Klause se \u010dasto st\u00e1v\u00e1 ob\u011bt\u00ed medi\u00e1ln\u00edch \u00fatok\u016f. Jakl se tak v  \u00favodu vr\u00e1til k jednomu ze sv\u00fdch posledn\u00edch text\u016f, za kter\u00fd ho pr\u00e1v\u011b MF  DNES ost\u0159e kritizovala, kdy\u017e si v n\u011bm dovolil zpochybnit rozsah  katastrofy po v\u00fdbuchu ropn\u00e9 plo\u0161iny Deepwater Horizon v Mexick\u00e9m z\u00e1livu.<\/p>\n<p>Podle  Jakla byl ohlas hav\u00e1rie ve sd\u011blovac\u00edch prost\u0159edc\u00edch klasickou uk\u00e1zkou  medi\u00e1ln\u00ed kampan\u011b. Zat\u00edmco nap\u0159\u00edklad tragick\u00e9 povodn\u011b v P\u00e1kist\u00e1nu, kter\u00e9  postihly miliony lid\u00ed nejsou pro m\u00e9dia &#8222;sexy zpr\u00e1vou&#8220;, o \u00faniku ropy v  z\u00e1livu coby nejv\u011bt\u0161\u00ed katastrof\u011b posledn\u00edch let dok\u00e1zala ps\u00e1t n\u011bkolik  m\u011bs\u00edc\u016f, dokud se t\u00e9ma neomrzelo.<\/p>\n<p>Za podobn\u00fdmi medi\u00e1ln\u00edmi  kampan\u011bmi vid\u00ed konkr\u00e9tn\u00ed ekonomick\u00e9 z\u00e1jmy. To je do jist\u00e9 m\u00edry  p\u0159irozen\u00e9, znepokojuj\u00edc\u00ed ale je, jak \u010dasto a jak snadno m\u00e9dia na podobn\u00fd  typ informov\u00e1n\u00ed p\u0159istupuj\u00ed, posteskl si.<\/p>\n<p>&#8222;\u017dijeme ve sv\u011bt\u011b  re\u00e1ln\u00fdch z\u00e1jm\u016f, kter\u00e9 v\u017edy budou prosakovat do medi\u00e1ln\u00edho prost\u0159ed\u00ed. Ale  d\u011bs\u00ed mne ta stra\u0161liv\u00e1 snadnost vyvolat tuto medi\u00e1ln\u00ed psych\u00f3zu,&#8220; \u0159ekl  Jakl.<\/p>\n<p>Medi\u00e1ln\u00ed kampan\u011b jsou podle n\u011bj snadno rozeznateln\u00e9 &#8211; maj\u00ed  v\u017edy velmi podobn\u00fd sc\u00e9n\u00e1\u0159 a gradaci, skoro podobn\u00fd slovn\u00edk, \u0161\u00ed\u0159en\u00ed,  podobn\u00fd zp\u016fsob pr\u00e1ce s obrazem a s emocemi. &#8222;A jedna v\u011bc je nepochybn\u011b  spojuje &#8211; z\u00e1my, kter\u00e9 stoj\u00ed za onou dispropor\u010dnost\u00ed mezi medi\u00e1ln\u00ed vahou a  mezi re\u00e1lnou vahou,&#8220; m\u00edn\u00ed Jakl.<\/p>\n<p>Jako obranu p\u0159ed medi\u00e1ln\u00edmi  manipulacemi b\u00fdval\u00fd novin\u00e1\u0159 doporu\u010duje, aby lid\u00e9 p\u0159i konzumaci zpr\u00e1v  &#8222;um\u011bli \u010d\u00edst a p\u0159em\u00fd\u0161leli u toho&#8220;, jakkoli tato pou\u010dka zn\u00ed ban\u00e1ln\u011b.<\/p>\n<p>&#8222;Aby,  kdy\u017e \u010dtou, p\u0159em\u00fd\u0161leli, pro\u010d to \u010dtou a pro\u010d to \u010dtou pr\u00e1v\u011b takto.  V\u0161imn\u011bte si, \u017ee lid\u00e9 jsou velmi citliv\u00ed, kdy\u017e najdou v m\u00e9di\u00edch pops\u00e1no  n\u011bco, o \u010dem sami n\u011bco v\u011bd\u00ed a co t\u0159eba za\u017eili. Pak si \u0159eknou &#8211; v\u017edy\u0165 oni  p\u00ed\u0161\u00ed \u00fapln\u00e9 kraviny, to je p\u0159ece jinak. A v takov\u00e9m p\u0159\u00edpad\u011b um\u00ed  zpochybnit \u00fapln\u011b v\u0161e. Ale u t\u011bch zb\u00fdvaj\u00edc\u00edch 85 procent obsahu m\u00e9di\u00ed je  nenapadne, \u017ee novin\u00e1\u0159i to tak d\u011blaj\u00ed se v\u0161\u00edm,&#8220; vysv\u011btlil.<\/p>\n<p>M\u00e9dia  Jakl vin\u00ed z toho, \u017ee opisuj\u00ed jedno od druh\u00e9ho a sv\u00fdm zp\u016fsobem si tak v  ni\u010dem nekonkuruj\u00ed, proto\u017ee jejich obsah je v\u017edy identick\u00fd. Jen  poskl\u00e1dan\u00fd v jin\u00e9m po\u0159ad\u00ed.<\/p>\n<p>Druh\u00fdm v\u00e1\u017en\u00fdm ne\u0161varem sd\u011blovac\u00edch  prost\u0159edk\u016f je pak princip nastolov\u00e1n\u00ed agendy. Tedy \u017ee tisk \u010di televize  informuje zni\u010deho nic, bez jak\u00e9koli souvislosti, o n\u011bjak\u00e9m t\u00e9matu a tak  rozhoduje o tom, \u017ee toto t\u00e9ma bude na ve\u0159ejnosti diskutov\u00e1no. V\u00fdb\u011br je  v\u017edy n\u00e1hodn\u00fd, \u010di p\u0159esn\u011bji \u0159e\u010deno, rafinovan\u011b nen\u00e1hodn\u00fd.<\/p>\n<p>&#8222;T\u00e9ma se  nastol\u00ed, vypad\u00e1, \u017ee je aktu\u00e1ln\u00ed, nikdo ale ne\u0159ekne &#8211; v\u017edy\u0165 to \u017e\u00e1dnou  souvislost s t\u00edm, co se stalo v\u010dera, p\u0159edev\u010d\u00edrem, nem\u00e1. To si jen zrovna  te\u010f n\u011bkdo vymyslel, \u017ee se o tom nyn\u00ed bude mluvit,&#8220; vysv\u011btlil tajemn\u00edk  prezidenta.<\/p>\n<p>Jako p\u0159\u00edklad uvedl zni\u010dehonic se objeviv\u0161\u00ed medi\u00e1ln\u00ed  t\u00e9ma \u00fadajn\u00e9 pedofilie kn\u011b\u017e\u00ed v \u0159\u00edmskokatolick\u00e9 c\u00edrkvi. Poznamenal, \u017ee jde  jednak sp\u00ed\u0161e o projev homosexuality ne\u017e pedofilie, za \u00fatoky vid\u00ed ale  hlavn\u011b snahu skandalizovat sou\u010dasn\u00e9ho pape\u017ee.<\/p>\n<p>&#8222;Sou\u010dasn\u00fd pape\u017e je  nejpravicov\u011bj\u0161\u00ed z pape\u017e\u016f za posledn\u00edch 120 let, je to \u010dlov\u011bk vyhran\u011bn\u011b  konzervativn\u00ed a mysl\u00edm si, \u017ee tomu liber\u00e1ln\u00edmu medi\u00e1ln\u00edmu mainstreamu  proto stra\u0161n\u011b le\u017e\u00ed v \u017ealudku. A tak m\u00e9dia p\u0159i\u0161la s touto nastolenou  agendou,&#8220; mysl\u00ed si Jakl.<\/p>\n<p>P\u0159esto\u017ee jde v mnoha p\u0159\u00edpadech o  ud\u00e1losti star\u00e9 40 \u010di 50 let, nyn\u00ed se dob\u0159e hodily v z\u00e1pase ideologi\u00ed.  &#8222;Bylo \u00fa\u017easn\u00e9, jak to zaplavilo st\u00e1dn\u011b uva\u017euj\u00edc\u00ed m\u00e9dia nap\u0159\u00ed\u010d sv\u011btem  b\u011bhem n\u011bkolika t\u00fddn\u016f. P\u0159itom se to net\u00fdkalo ni\u010deho, co se stalo v\u010dera,  p\u0159ed m\u011bs\u00edcem, p\u0159ed rokem. Prost\u011b jen n\u011bkdo cht\u011bl, aby se o tom mluvilo,&#8220;  dodal.<\/p>\n<p>Ladislav Jakl absolovoval studium na Fakult\u011b \u017eurnalistiky  University Karlovy. V minulosti pracoval v Lidov\u00fdch novin\u00e1ch, pak  p\u016fsobil v r\u016fzn\u00fdch funkc\u00edch jako poradce V\u00e1clava Klause coby p\u0159edsedy  ODS, p\u0159edsedy Poslaneck\u00e9 sn\u011bmovny a nyn\u00ed jako prezidenta republiky.<\/p>\n<p><a href=\"http:\/\/www.prvnizpravy.cz\/zpravy\/z-domova\/pri-cteni-myslet-po-hajkovi-varuje-pred-medii-i-jakl\/\" target=\"_blank\">ZDROJ<\/a><\/p>\n","protected":false},"excerpt":{"rendered":"<p>Prezident\u016fv tajemn\u00edk Ladislav Jakl p\u0159edn\u00e1\u0161el v pra\u017esk\u00e9m Golem clubu. Redakce Prvnizpravy.cz byla u toho.<\/p>\n","protected":false},"author":1,"featured_media":0,"comment_status":"open","ping_status":"open","sticky":false,"template":"","format":"standard","meta":{"ngg_post_thumbnail":0,"footnotes":""},"categories":[11],"tags":[],"class_list":["post-555","post","type-post","status-publish","format-standard","hentry","category-ozvena"],"_links":{"self":[{"href":"https:\/\/www.ladislavjakl.cz\/index.php?rest_route=\/wp\/v2\/posts\/555","targetHints":{"allow":["GET"]}}],"collection":[{"href":"https:\/\/www.ladislavjakl.cz\/index.php?rest_route=\/wp\/v2\/posts"}],"about":[{"href":"https:\/\/www.ladislavjakl.cz\/index.php?rest_route=\/wp\/v2\/types\/post"}],"author":[{"embeddable":true,"href":"https:\/\/www.ladislavjakl.cz\/index.php?rest_route=\/wp\/v2\/users\/1"}],"replies":[{"embeddable":true,"href":"https:\/\/www.ladislavjakl.cz\/index.php?rest_route=%2Fwp%2Fv2%2Fcomments&post=555"}],"version-history":[{"count":2,"href":"https:\/\/www.ladislavjakl.cz\/index.php?rest_route=\/wp\/v2\/posts\/555\/revisions"}],"predecessor-version":[{"id":557,"href":"https:\/\/www.ladislavjakl.cz\/index.php?rest_route=\/wp\/v2\/posts\/555\/revisions\/557"}],"wp:attachment":[{"href":"https:\/\/www.ladislavjakl.cz\/index.php?rest_route=%2Fwp%2Fv2%2Fmedia&parent=555"}],"wp:term":[{"taxonomy":"category","embeddable":true,"href":"https:\/\/www.ladislavjakl.cz\/index.php?rest_route=%2Fwp%2Fv2%2Fcategories&post=555"},{"taxonomy":"post_tag","embeddable":true,"href":"https:\/\/www.ladislavjakl.cz\/index.php?rest_route=%2Fwp%2Fv2%2Ftags&post=555"}],"curies":[{"name":"wp","href":"https:\/\/api.w.org\/{rel}","templated":true}]}}