{"id":559,"date":"2010-09-30T08:30:27","date_gmt":"2010-09-30T07:30:27","guid":{"rendered":"http:\/\/www.ladislavjakl.cz\/?p=559"},"modified":"2010-09-30T08:30:27","modified_gmt":"2010-09-30T07:30:27","slug":"jakl-knizeti-nejedly-pche-klaus-cti-kapitalismus","status":"publish","type":"post","link":"https:\/\/www.ladislavjakl.cz\/?p=559","title":{"rendered":"Jakl kn\u00ed\u017eeti: Nejedl\u00fd? Pche. Klaus ct\u00ed kapitalismus"},"content":{"rendered":"<p>Schwarzenbergova podp\u00e1sovka na adresu prezidenta republiky nazlobila hradn\u00edho tajemn\u00edka Ladislava Jakla.<\/p>\n<p><!--more-->\u017d\u00e1dn\u00fd Nejedl\u00fd, ale ani feudalismus. Klaus preferuje kapitalismus, vzk\u00e1zal ministrovi zahrani\u010d\u00ed.<\/p>\n<p>Ostr\u00e9 v\u00fdroky mezi hlavou st\u00e1tu a ministrem zahrani\u010d\u00ed odstartovalo t\u00e9ma \u010desk\u00e9 v\u00fdjimky z platnosti Listiny z\u00e1kladn\u00edch pr\u00e1v EU.<\/p>\n<p>Brusel  toti\u017e vym\u00fd\u0161l\u00ed, jak se schv\u00e1len\u00ed \u010desk\u00e9 v\u00fdjimky vyhnout. A prezident  V\u00e1clav Klaus, kter\u00fd si slib doslova vydupal ze zem\u011b, p\u0159\u00edli\u0161 ned\u016fv\u011b\u0159uje  tomu, \u017ee by se ministr zahrani\u010d\u00ed Karel Schwarzenberg bil za jeho pr\u00e1vn\u00ed  zakotven\u00ed.<\/p>\n<p>&#8222;On je sv\u00fdm dosavadn\u00edm \u017eivotem a desetilet\u00ed trvaj\u00edc\u00edm  se pohybov\u00e1n\u00edm po Evrop\u011b trochu na jin\u00e9 stran\u011b barik\u00e1dy,&#8220; nechal se  sly\u0161et v Lidov\u00fdch novin\u00e1ch.<\/p>\n<p>Schwarzenberg si prezidentova slova  nedal l\u00edbit. Ujistil, \u017ee se o prosazen\u00ed v\u00fdjimky postar\u00e1, Klausovi ale  slova o ned\u016fv\u011b\u0159e vr\u00e1til.<\/p>\n<p>&#8222;Ta ned\u016fv\u011bra je smutn\u00e1. Pan prezident  Klaus m\u00e1 sv\u00e9 pon\u011bkud sv\u00e9r\u00e1zn\u00e9 n\u00e1zory a p\u0159edsudky a s t\u00edm v jeho v\u011bku u\u017e  taky nepohnu. Mysl\u00edm, \u017ee to sah\u00e1 daleko do minulosti. Zd\u00e1 se, \u017ee v t\u00e9to  generaci p\u0159e\u017e\u00edv\u00e1 to, jak se tu v 50. letech, kdy jsme oba vyr\u016fstali,  vtloukalo do hlavy u\u010den\u00ed Zde\u0148ka Nejedl\u00e9ho, kter\u00e9 zatracovalo v\u0161e, co se  t\u00fdkalo katolick\u00e9 c\u00edrkve a \u0161lechty a tak d\u00e1le, to byli nejhor\u0161\u00ed  velezr\u00e1dci,\u201c \u0159ekl Schwarzenberg s poukazem na nechvaln\u011b proslul\u00e9ho  komunistick\u00e9ho ministra kultury v pades\u00e1t\u00fdch letech.<\/p>\n<p>Proti ministrov\u00fdm slov\u016fm se ihned ohradil tajemn\u00edk prezidenta a \u0159editel jeho politick\u00e9ho odboru Ladislav Jakl.<\/p>\n<p>&#8222;Prezident  ur\u010dit\u011b neodvozuje sv\u00e9 n\u00e1zory od Zde\u0148ka Nejedl\u00e9ho. V ka\u017ed\u00e9m p\u0159\u00edpad\u011b  preferuje kapitalismus p\u0159ed feudalismem,&#8220; \u0159ekl pro server  Prvnizpravy.cz.<\/p>\n<p>T\u00e9matu \u010desk\u00e9 v\u00fdjimky se v\u011bnovaly sobotn\u00ed Lidov\u00e9  noviny, kter\u00e9 pouk\u00e1zaly na to, \u017ee n\u011bkte\u0159\u00ed pr\u00e1vn\u00edci v EU se sna\u017e\u00ed naj\u00edt  zp\u016fsob, jak by se Brusel mohl ze sv\u00e9ho slibu dan\u00e9ho \u010cesk\u00e9 republice  vykroutit.<\/p>\n<p>V\u00fdjimka, kter\u00e1 m\u011bla b\u00fdt p\u016fvodn\u011b schv\u00e1lena v r\u00e1mci  smlouvy o p\u0159istoupen\u00ed Chorvatska do EU, jeho\u017e veto by si z\u0159ejm\u011b \u017e\u00e1dn\u00fd  \u010dlensk\u00fd st\u00e1t EU nedovolil, je tak nyn\u00ed ohro\u017een\u00e1, proto\u017ee bude-li se  projedn\u00e1vat samostatn\u011b, hned n\u011bkolik zem\u00ed by ji mohlo ve sv\u00fdch n\u00e1rodn\u00edch  parlamentech zablokovat.<\/p>\n<p>Na probl\u00e9m pouk\u00e1zala p\u0159i demonstraci  Akce D.O.S.T. i \u0161\u00e9fka Suverenity Jana Bobo\u0161\u00edkov\u00e1, kdy\u017e \u0159ekla, \u017ee  &#8222;evrop\u0161t\u00ed pr\u00e1vn\u00edci, zalobovan\u00ed politick\u00fdmi z\u00e1jmov\u00fdmi skupinami, za\u010d\u00ednaj\u00ed  zpochyb\u0148ovat mo\u017enost p\u0159ijet\u00ed \u010desk\u00e9 v\u00fdjimky z Evropsk\u00e9 listiny  z\u00e1kladn\u00edch pr\u00e1v, kterou prezident V\u00e1clav Klaus podm\u00ednil sv\u016fj podpis  Lisabonsk\u00e9 smlouvy.&#8220;<\/p>\n<p>Prezidenta Klause proto vyzvala, aby sv\u016fj podpis pod Lisabonem v tom p\u0159\u00edpad\u011b odvolal.<\/p>\n<p><a href=\"http:\/\/www.prvnizpravy.cz\/zpravy\/z-domova\/jakl-knizeti-nejedly-pche--klaus-cti-kapitalismus\/\" target=\"_blank\">ZDROJ<\/a><\/p>\n","protected":false},"excerpt":{"rendered":"<p>Schwarzenbergova podp\u00e1sovka na adresu prezidenta republiky nazlobila hradn\u00edho tajemn\u00edka Ladislava Jakla.<\/p>\n","protected":false},"author":1,"featured_media":0,"comment_status":"open","ping_status":"open","sticky":false,"template":"","format":"standard","meta":{"ngg_post_thumbnail":0,"footnotes":""},"categories":[11],"tags":[],"class_list":["post-559","post","type-post","status-publish","format-standard","hentry","category-ozvena"],"_links":{"self":[{"href":"https:\/\/www.ladislavjakl.cz\/index.php?rest_route=\/wp\/v2\/posts\/559","targetHints":{"allow":["GET"]}}],"collection":[{"href":"https:\/\/www.ladislavjakl.cz\/index.php?rest_route=\/wp\/v2\/posts"}],"about":[{"href":"https:\/\/www.ladislavjakl.cz\/index.php?rest_route=\/wp\/v2\/types\/post"}],"author":[{"embeddable":true,"href":"https:\/\/www.ladislavjakl.cz\/index.php?rest_route=\/wp\/v2\/users\/1"}],"replies":[{"embeddable":true,"href":"https:\/\/www.ladislavjakl.cz\/index.php?rest_route=%2Fwp%2Fv2%2Fcomments&post=559"}],"version-history":[{"count":1,"href":"https:\/\/www.ladislavjakl.cz\/index.php?rest_route=\/wp\/v2\/posts\/559\/revisions"}],"predecessor-version":[{"id":560,"href":"https:\/\/www.ladislavjakl.cz\/index.php?rest_route=\/wp\/v2\/posts\/559\/revisions\/560"}],"wp:attachment":[{"href":"https:\/\/www.ladislavjakl.cz\/index.php?rest_route=%2Fwp%2Fv2%2Fmedia&parent=559"}],"wp:term":[{"taxonomy":"category","embeddable":true,"href":"https:\/\/www.ladislavjakl.cz\/index.php?rest_route=%2Fwp%2Fv2%2Fcategories&post=559"},{"taxonomy":"post_tag","embeddable":true,"href":"https:\/\/www.ladislavjakl.cz\/index.php?rest_route=%2Fwp%2Fv2%2Ftags&post=559"}],"curies":[{"name":"wp","href":"https:\/\/api.w.org\/{rel}","templated":true}]}}