{"id":5603,"date":"2015-03-26T12:08:20","date_gmt":"2015-03-26T11:08:20","guid":{"rendered":"http:\/\/www.ladislavjakl.cz\/?p=5603"},"modified":"2015-03-26T13:17:50","modified_gmt":"2015-03-26T12:17:50","slug":"je-soukenka-z-protikorupcniho-fondu-sadisticky-pedofil","status":"publish","type":"post","link":"https:\/\/www.ladislavjakl.cz\/?p=5603","title":{"rendered":"Je Soukenka z \u201eprotikorup\u010dn\u00edho\u201c fondu sadistick\u00fd pedofil?"},"content":{"rendered":"<p>Dobr\u00fd den, podle vy\u0161et\u0159ovatel\u016f spravoval zesnul\u00fd podnikatel Peter Kovar\u010d\u00edk ve \u0160v\u00fdcarsku konto, na kter\u00e9m bylo \u00fadajn\u011b 600 milion\u016f z\u00a0\u00faplatk\u016f za amnestii, kterou v\u00a0roce 2013 vyhl\u00e1sil V. Klaus. Mohl bych v\u00e1s poprosit o koment\u00e1\u0159? Znamen\u00e1 to, \u017ee byla amnestie \u201ckoupen\u00e1\u201c? D\u011bkuji jzl Lidovky.cz<\/p>\n<p><!--more--><\/p>\n<p>(Mohl bych odpov\u011bd\u011bt, \u017ee nikoli podle vy\u0161et\u0159ovatel\u016f, ale podle jak\u00e9hosi Petra Soukenky, a \u017ee v\u00a0\u010dl\u00e1nku, ve kter\u00e9m s\u00a0touto pomluvou Novinky vylezly, se to hem\u017e\u00ed obraty jako \u201epodle na\u0161eho zdroje, podle neov\u011b\u0159en\u00e9 informace, \u00fadajn\u011b\u2026\u201c Ale odpov\u011bd\u011bl jsem n\u00e1sleduj\u00edc\u00ed.)<\/p>\n<p>Podle neov\u011b\u0159en\u00e9 informace je Petr Soukenka sadistick\u00fd pedofil. Ale t\u0159eba n\u00e1m \u0159ekne i n\u011bco o sv\u00fdch don\u00e1torech. T\u0159eba to, jestli si do \u0160pindlerova Ml\u00fdna \u0161el zaly\u017eovat na pozv\u00e1n\u00ed pana Sekyry Karel Jane\u010dek a na vlek pou\u017eil permanentku Romana\u00a0Janou\u0161ka.<\/p>\n","protected":false},"excerpt":{"rendered":"<p>Dobr\u00fd den, podle vy\u0161et\u0159ovatel\u016f spravoval zesnul\u00fd podnikatel Peter Kovar\u010d\u00edk ve \u0160v\u00fdcarsku konto, na kter\u00e9m bylo \u00fadajn\u011b 600 milion\u016f z\u00a0\u00faplatk\u016f za amnestii, kterou v\u00a0roce 2013 vyhl\u00e1sil V. Klaus. Mohl bych v\u00e1s poprosit o koment\u00e1\u0159? Znamen\u00e1 to, \u017ee byla amnestie \u201ckoupen\u00e1\u201c? D\u011bkuji jzl Lidovky.cz<\/p>\n","protected":false},"author":1,"featured_media":0,"comment_status":"open","ping_status":"open","sticky":false,"template":"","format":"standard","meta":{"ngg_post_thumbnail":0,"footnotes":""},"categories":[6],"tags":[],"class_list":["post-5603","post","type-post","status-publish","format-standard","hentry","category-co-jsem-nerekl"],"_links":{"self":[{"href":"https:\/\/www.ladislavjakl.cz\/index.php?rest_route=\/wp\/v2\/posts\/5603","targetHints":{"allow":["GET"]}}],"collection":[{"href":"https:\/\/www.ladislavjakl.cz\/index.php?rest_route=\/wp\/v2\/posts"}],"about":[{"href":"https:\/\/www.ladislavjakl.cz\/index.php?rest_route=\/wp\/v2\/types\/post"}],"author":[{"embeddable":true,"href":"https:\/\/www.ladislavjakl.cz\/index.php?rest_route=\/wp\/v2\/users\/1"}],"replies":[{"embeddable":true,"href":"https:\/\/www.ladislavjakl.cz\/index.php?rest_route=%2Fwp%2Fv2%2Fcomments&post=5603"}],"version-history":[{"count":6,"href":"https:\/\/www.ladislavjakl.cz\/index.php?rest_route=\/wp\/v2\/posts\/5603\/revisions"}],"predecessor-version":[{"id":5611,"href":"https:\/\/www.ladislavjakl.cz\/index.php?rest_route=\/wp\/v2\/posts\/5603\/revisions\/5611"}],"wp:attachment":[{"href":"https:\/\/www.ladislavjakl.cz\/index.php?rest_route=%2Fwp%2Fv2%2Fmedia&parent=5603"}],"wp:term":[{"taxonomy":"category","embeddable":true,"href":"https:\/\/www.ladislavjakl.cz\/index.php?rest_route=%2Fwp%2Fv2%2Fcategories&post=5603"},{"taxonomy":"post_tag","embeddable":true,"href":"https:\/\/www.ladislavjakl.cz\/index.php?rest_route=%2Fwp%2Fv2%2Ftags&post=5603"}],"curies":[{"name":"wp","href":"https:\/\/api.w.org\/{rel}","templated":true}]}}