{"id":561,"date":"2010-10-01T08:36:58","date_gmt":"2010-10-01T07:36:58","guid":{"rendered":"http:\/\/www.ladislavjakl.cz\/?p=561"},"modified":"2010-10-01T08:36:58","modified_gmt":"2010-10-01T07:36:58","slug":"slava-vitezum-cest-porazenym","status":"publish","type":"post","link":"https:\/\/www.ladislavjakl.cz\/?p=561","title":{"rendered":"Sl\u00e1va v\u00edt\u011bz\u016fm, \u010dest pora\u017een\u00fdm"},"content":{"rendered":"<p>V t\u011bchto dnech vych\u00e1z\u00ed kniha Pavla Kosorina Sl\u00e1va v\u00edt\u011bz\u016fm, \u010dest pora\u017een\u00fdm, aneb Ameriku objevili bezdomovci. Kniha formou rozhovor\u016f s r\u016fzn\u00fdmi zn\u00e1mymi osobnostmi sonduje problematiku soci\u00e1ln\u011b vylou\u010den\u00fdch lid\u00ed a vztahu ostatn\u00edch k nim. Zde je uk\u00e1zka z knihy, v\u011bnovan\u00e1 rozhovoru s L. J.<\/p>\n<p><!--more-->Ladislav Jakl, tajemnik prezidenta \u010cR<br \/>\nZn\u00e1m hodn\u011b lid\u00ed, kter\u00fdm se ne\u017eije snadno Pane Jakle, nev\u00edm o \u017e\u00e1dn\u00e9m jin\u00e9m vysoce postaven\u00e9m \u00fa\u0159edn\u00edkovi s cul\u00edkem. Vy ano?<br \/>\nNe. Hlavn\u011b ale musim \u0159ict, \u017ee culik je pouze m\u016fj pracovni u\u010des. Nijak moc se mi nelibi, prost\u011b si jen stahuju dlouhe vlasy, kdy\u017e jsem v u\u0159adu. A cestou z prace si je v\u017edy hned rozpou\u0161tim. Teda ten zbytek, co je\u0161t\u011b mam. Tak\u017ee spi\u0161 by se dalo \u0159ict, \u017ee jsem asi jediny vysoky u\u0159ednik s dlouhymi vlasy. To souvisi s mou rockovou naturou. M\u016fj vztah k bigbitu nebyl konjunkturalni pozou jednoho \u017eivotniho obdobi. Je mym skute\u010dnym \u017eivotnim stylem. Proto m\u011b to nep\u0159e\u0161lo ani s padem bol\u0161evika, ani s v\u011bkem, ani s jakoukoli profesni roli. To mnozi jini\u00a0 se s karierou ost\u0159ihali a i jinak zm\u011bnili. Ne\u0159ikam, \u017ee to je m\u016fj klad nebo zapor, prost\u011b jsem takovy. A snad tim ukazuju jinym, \u017ee neni\u00a0 pravdou, \u017ee se \u010dlov\u011bk musi kv\u016fli karie\u0159e vzdat sve p\u0159irozenosti.<br \/>\nByl jste v\u017edycky tak nekonformn\u00ed?<\/p>\n<p>Soudruh \u0159editel na m\u00e9m gymn\u00e1ziu netoleroval ani k\u0159\u00ed\u017eek na krku nebo tri\u010dko s anglick\u00fdm n\u00e1pisem\u2026 Jist\u011b\u017ee byl. Byl to ka\u017edodenni boj. I maturitni tablo kv\u016fli mym vlas\u016fm zakazali vyv\u011bsit. S tehdej\u0161imi pom\u011bry se musel srazit ka\u017edy, kdo cht\u011bl \u017eit po svem. Vyprav\u011bt o tom dnes se mi u\u017e ani nechce. Kdo to za\u017eil, vi to i beze mne, kdo ne, tomu ty zkazky budou p\u0159ipadal jako historky \u0161edovlasych partyzan\u016f, jak si za\u00a0 valky v lesich d\u011blali polevku ze \u0161i\u0161ek.<\/p>\n<p>Jak vypad\u00e1 v\u0161edn\u00ed pracovn\u00ed den prezidentsk\u00e9ho tajemn\u00edka?<br \/>\nSedim u po\u010dita\u010de a n\u011bco do n\u011bj \u0165ukam. A n\u011bkdy se o n\u011b\u010dem radim s kolegy. Prost\u011b celkem normalni u\u0159ednicka agenda. A ob\u010das n\u011bjaka oficialita. \u0160efa mam docela naro\u010dneho. Krom\u011b toho nejsem jen tajemnikem prezidenta, ale take \u0159editelem politickeho odboru kancela\u0159e. V teto roli mam na starosti praci poradc\u016f a take odd\u011bleni pro styk s ve\u0159ejnosti, co\u017e je cosi jako hradni ombudsman.Jste muzikant. Kde\u00a0 zkou\u0161\u00edte, kde vystupujete a kde v\u016fbec berete \u010das na hran\u00ed?<br \/>\nZkou\u0161im s kapelou Folimanka Blues jednou a\u017e dvakrat tydn\u011b ve vlhkem sklepeni jednoho stareho domu. Vystupujeme v\u0161ude mo\u017en\u011b po klubecha rockovych hospodach. A pokou\u0161im se o\u017eivit i svou dal\u0161i kapelu Etal. A \u010das? Toho mame p\u0159ece v\u0161ichni stejn\u011b. Jde o to, co pova\u017eujeme za d\u016fle\u017eite, \u010demu se rozhodneme ten \u010das dat. A ja muziku za d\u016fle\u017eitou pova\u017euju.<\/p>\n<p>Jste sou\u010d\u00e1st\u00ed pom\u011brn\u011b exkluzivn\u00edho sv\u011bta Pra\u017esk\u00e9ho hradu. Je odtamtud vid\u011bt do podhrad\u00ed?<br \/>\nNejsem sou\u010dasti sv\u011bta Pra\u017eskeho hradu. Chodim na Pra\u017esky hrad do prace a va\u017eim si toho. Ale m\u016fj vlastni sv\u011bt, ten je v podhradi, jako sv\u011bt kohokoli jineho. N\u011bkdy si lidi mysli, \u017ee r\u016fzne televizni tva\u0159e jsou jako kabaty, ktere ti\u0161e \u010dekaji v \u0161atn\u011b na raminku, ne\u017e se zas objevi na\u00a0 obrazovce. Mam sv\u016fj \u017eivot, mnohem normaln\u011bj\u0161i, ne\u017e by n\u011bkoho napadlo. V Praze \u017eije mnoho bezdomovc\u016f, ostatn\u011b jako v ka\u017ed\u00e9m sv\u011btov\u00e9m velkom\u011bst\u011b.<\/p>\n<p>Co si o t\u011bchto lidech mysl\u00edte, jakou s nimi m\u00e1te osobn\u00ed zku\u0161enost?<br \/>\nNedavno jsem takoveho sebral na ulici a vzal ho do jednoho klubu na panaka whisky. \u017de pry n\u011bco takoveho nikdy nepil a \u017ee by ho tam nikdy samotneho nepustili. Tulaci byli v\u017edy, jsou i dnes. Mockrat jsem se s mnohymi bavil nebo jim dal na pivo, ale p\u0159eci jen je rad\u011bji potkavam, kdy\u017e neni moc velke horko.<br \/>\nChudoba m\u00e1 tis\u00edc podob. Jak byste ji definoval vy?<\/p>\n<p>Znam hodn\u011b lidi, kterym se ne\u017eije snadno. Znam i dost lidi, kte\u0159i denn\u011b skuhraji, ale p\u0159itom jim tak zle neni. Mnoho let sveho \u017eivota jsem obracel ka\u017edou korunu, leckdy jsem skoro nem\u011bl ani na jidlo. A n\u011bkdy je t\u011b\u017eke z toho sv\u011bta proniknout jinam. Jsou i lide, kte\u0159i m\u011bli sm\u016flu. Ale takovy je sv\u011bt, lze pomoci n\u011bkolika, ale ne v\u0161em.<\/p>\n<p>Co se d\u00e1 d\u011blat pro to, aby se u n\u00e1s sn\u00ed\u017eil po\u010det chud\u00fdch a soci\u00e1ln\u011b vylou\u010den\u00fdch lid\u00ed?<br \/>\nNa to existuji r\u016fzne moudre projekty, ze kterych kouka jen snaha vycucnout n\u011bjakou dotaci. Nevim, jestli je v\u016fbec mo\u017ene tento po\u010det\u00a0 sni\u017eit. U nas je procento takovych mo\u017ena nejni\u017e\u0161i na sv\u011bt\u011b. V\u017edy takovi budou. Ob\u010das bychom se ale m\u011bli zamyslet, jestli mezi n\u011b nesklouzava n\u011bkdo z na\u0161ich blizkych.<\/p>\n<p>Jakou kn\u00ed\u017eku pr\u00e1v\u011b te\u010f \u010dtete a kter\u00fd film byste doporu\u010dil?<\/p>\n<p>Nejsem posledni leta dobry \u010dtena\u0159 a velky filmovy divak jsem nebyl nikdy. Zrovna jsem do\u010detl Utajene d\u011bjiny podnebi Ji\u0159iho Svobody. A doporu\u010dit film? T\u0159eba Modry samet Davida Lynche. V d\u011btstvi a mladi jsem byl \u010dtena\u0159em fanatickym, dnes mi \u010dteni n\u011bkdy p\u0159ipada, jako \u017eit \u017eivot druhych. To rad\u011bji \u017eiju ten sv\u016fj.<\/p>\n<p>Co budete d\u011blat, a\u017e V\u00e1clavu Klausovi vypr\u0161\u00ed druh\u00e9 funk\u010dn\u00ed obdob\u00ed v \u00fa\u0159adu prezidenta?<br \/>\nTo, co dosud. Budu psat a \u0159ikat to, co pova\u017euji za spravne. Je celkem jedno, kde. A budu pit pivo a hrat muziku. Jako dosud.<\/p>\n","protected":false},"excerpt":{"rendered":"<p>V t\u011bchto dnech vych\u00e1z\u00ed kniha Pavla Kosorina Sl\u00e1va v\u00edt\u011bz\u016fm, \u010dest pora\u017een\u00fdm, aneb Ameriku objevili bezdomovci. Kniha formou rozhovor\u016f s r\u016fzn\u00fdmi zn\u00e1mymi osobnostmi sonduje problematiku soci\u00e1ln\u011b vylou\u010den\u00fdch lid\u00ed a vztahu ostatn\u00edch k nim. Zde je uk\u00e1zka z knihy, v\u011bnovan\u00e1 rozhovoru s L. J.<\/p>\n","protected":false},"author":1,"featured_media":0,"comment_status":"open","ping_status":"open","sticky":false,"template":"","format":"standard","meta":{"ngg_post_thumbnail":0,"footnotes":""},"categories":[13],"tags":[],"class_list":["post-561","post","type-post","status-publish","format-standard","hentry","category-rozhovory"],"_links":{"self":[{"href":"https:\/\/www.ladislavjakl.cz\/index.php?rest_route=\/wp\/v2\/posts\/561","targetHints":{"allow":["GET"]}}],"collection":[{"href":"https:\/\/www.ladislavjakl.cz\/index.php?rest_route=\/wp\/v2\/posts"}],"about":[{"href":"https:\/\/www.ladislavjakl.cz\/index.php?rest_route=\/wp\/v2\/types\/post"}],"author":[{"embeddable":true,"href":"https:\/\/www.ladislavjakl.cz\/index.php?rest_route=\/wp\/v2\/users\/1"}],"replies":[{"embeddable":true,"href":"https:\/\/www.ladislavjakl.cz\/index.php?rest_route=%2Fwp%2Fv2%2Fcomments&post=561"}],"version-history":[{"count":2,"href":"https:\/\/www.ladislavjakl.cz\/index.php?rest_route=\/wp\/v2\/posts\/561\/revisions"}],"predecessor-version":[{"id":563,"href":"https:\/\/www.ladislavjakl.cz\/index.php?rest_route=\/wp\/v2\/posts\/561\/revisions\/563"}],"wp:attachment":[{"href":"https:\/\/www.ladislavjakl.cz\/index.php?rest_route=%2Fwp%2Fv2%2Fmedia&parent=561"}],"wp:term":[{"taxonomy":"category","embeddable":true,"href":"https:\/\/www.ladislavjakl.cz\/index.php?rest_route=%2Fwp%2Fv2%2Fcategories&post=561"},{"taxonomy":"post_tag","embeddable":true,"href":"https:\/\/www.ladislavjakl.cz\/index.php?rest_route=%2Fwp%2Fv2%2Ftags&post=561"}],"curies":[{"name":"wp","href":"https:\/\/api.w.org\/{rel}","templated":true}]}}