{"id":5618,"date":"2015-03-27T08:51:23","date_gmt":"2015-03-27T07:51:23","guid":{"rendered":"http:\/\/www.ladislavjakl.cz\/?p=5618"},"modified":"2015-03-27T08:51:23","modified_gmt":"2015-03-27T07:51:23","slug":"prohlaseni-ladislava-jakla-k-jedne-hnusne-a-vylhane-medialni-kampani","status":"publish","type":"post","link":"https:\/\/www.ladislavjakl.cz\/?p=5618","title":{"rendered":"Prohl\u00e1\u0161en\u00ed Ladislava Jakla k\u00a0jedn\u00e9 hnusn\u00e9 a vylhan\u00e9 medi\u00e1ln\u00ed kampani"},"content":{"rendered":"<p align=\"JUSTIFY\"><a name=\"_GoBack\"><\/a> Je smutn\u00e9, jak doned\u00e1vna i ta seri\u00f3zn\u011bj\u0161\u00ed m\u00e9dia jsou schopna \u0161\u00ed\u0159it zcela nepodlo\u017een\u00e9 f\u00e1my a pomluvy, hlavn\u011b kdy\u017e to m\u016f\u017ee po\u0161kodit n\u011bkoho, kdo se jim nel\u00edb\u00ed. V\u00a0tomto p\u0159\u00edpad\u011b V\u00e1clava Klause a IVK.<\/p>\n<p align=\"JUSTIFY\"><!--more--><\/p>\n<p align=\"JUSTIFY\">Jde o absolutn\u00ed v\u00fdmysly o tom, jak p\u0159es ned\u00e1vno zesnul\u00e9ho pana Kovar\u010d\u00edka, kter\u00fd se ji\u017e nem\u016f\u017ee br\u00e1nit, pr\u00fd chodily \u00faplatky za amnestii. Prefabrik\u00e1to\u0159i t\u00e9to l\u017ei se ani nenam\u00e1hali s\u00a0v\u011brohodnost\u00ed nebo jak\u00fdmkoli sv\u011bdectv\u00edm. Operuj\u00ed dokonce \u00fadajn\u00fdmi transakcemi, kter\u00e9 m\u011bly prob\u011bhnout rok p\u0159ed amnesti\u00ed. V\u00a0takov\u00e9m p\u0159\u00edpad\u011b byly do ob\u0159\u00edho komplotu zata\u017eeny i stovky soudc\u016f, proto\u017ee ti by museli zajistit, aby nikdo z\u00a0doty\u010dn\u00fdch \u00fadajn\u00fdch z\u00e1jemc\u016f o amnestii nebyl po dobu nejm\u00e9n\u011b dal\u0161\u00edho roku odsouzen.<\/p>\n<p align=\"JUSTIFY\">Vyhla\u0161ovat amnestie je pr\u00e1vem prezidenta republiky. Vyhla\u0161oval ji a\u017e dosud ka\u017ed\u00fd prezident, kup\u0159\u00edkladu V\u00e1clav Havel ji vyhl\u00e1sil \u010dty\u0159ikr\u00e1t. Prezident se m\u016f\u017ee rozhodnout ji nevyhl\u00e1sit nebo ji vyhl\u00e1sit podle sv\u00e9ho uv\u00e1\u017een\u00ed. Prezident V\u00e1clav Klaus do sv\u00e9 jedin\u00e9 amnestie zahrnul p\u0159\u00edpady (jejich\u017e konkr\u00e9tn\u00ed seznam nikdo nemohl m\u00edt), kter\u00e9 se vlekly v\u00edce ne\u017e osm let s\u00a0vylou\u010den\u00edm hroz\u00edc\u00ed sazby nad 10 let. V\u00a0pr\u00e1vn\u00edm st\u00e1t\u011b m\u00e1 existovat pr\u00e1vo na spravedliv\u00fd soud a tedy i na p\u0159im\u011b\u0159enou d\u00e9lku \u0159\u00edzen\u00ed. To, \u017ee n\u011bkte\u0159\u00ed lid\u00e9 u n\u00e1s \u010dekaj\u00ed na rozsudek \u010di na osvobozen\u00ed deset i patn\u00e1ct let, je nejen poru\u0161en\u00edm pr\u00e1va na spravedliv\u00fd soud, ale i hrub\u00fdm po\u0161kozen\u00edm mnoha set lid\u00ed na cel\u00fd \u017eivot. Je velkou ostudou, \u017ee tato praxe asi nikomu nevad\u00ed, ale V\u00e1clav Klaus dal svou amnesti\u00ed najevo mj. i to, \u017ee se v\u00a0t\u00e9to v\u011bci mus\u00ed n\u011bco zm\u011bnit. Je \u0161okuj\u00edc\u00ed, \u017ee za tento srozumiteln\u00fd a argumenty podlo\u017een\u00fd p\u0159\u00edstup se mu u\u017e t\u0159et\u00edm rokem dost\u00e1v\u00e1 nejen sp\u00edl\u00e1n\u00ed, ale tak\u00e9 fantasmagorick\u00fdch obvin\u011bn\u00ed i tohoto typu.<\/p>\n<p align=\"JUSTIFY\">Pokud takov\u00e9 pomluvy \u0161\u00ed\u0159\u00ed n\u011bkolik nen\u00e1vistn\u00fdch \u010di pomaten\u00fdch jednotlivc\u016f, lze to pochopit. Ochota, s\u00a0jakou zvedaj\u00ed i tuto pomluvu n\u011bkter\u00e1 na\u0161e m\u00e9dia, je ale jen jejich smutnou ostudou.<\/p>\n","protected":false},"excerpt":{"rendered":"<p>Je smutn\u00e9, jak doned\u00e1vna i ta seri\u00f3zn\u011bj\u0161\u00ed m\u00e9dia jsou schopna \u0161\u00ed\u0159it zcela nepodlo\u017een\u00e9 f\u00e1my a pomluvy, hlavn\u011b kdy\u017e to m\u016f\u017ee po\u0161kodit n\u011bkoho, kdo se jim nel\u00edb\u00ed. V\u00a0tomto p\u0159\u00edpad\u011b V\u00e1clava Klause a IVK.<\/p>\n","protected":false},"author":1,"featured_media":0,"comment_status":"open","ping_status":"open","sticky":false,"template":"","format":"standard","meta":{"ngg_post_thumbnail":0,"footnotes":""},"categories":[6],"tags":[],"class_list":["post-5618","post","type-post","status-publish","format-standard","hentry","category-co-jsem-nerekl"],"_links":{"self":[{"href":"https:\/\/www.ladislavjakl.cz\/index.php?rest_route=\/wp\/v2\/posts\/5618","targetHints":{"allow":["GET"]}}],"collection":[{"href":"https:\/\/www.ladislavjakl.cz\/index.php?rest_route=\/wp\/v2\/posts"}],"about":[{"href":"https:\/\/www.ladislavjakl.cz\/index.php?rest_route=\/wp\/v2\/types\/post"}],"author":[{"embeddable":true,"href":"https:\/\/www.ladislavjakl.cz\/index.php?rest_route=\/wp\/v2\/users\/1"}],"replies":[{"embeddable":true,"href":"https:\/\/www.ladislavjakl.cz\/index.php?rest_route=%2Fwp%2Fv2%2Fcomments&post=5618"}],"version-history":[{"count":1,"href":"https:\/\/www.ladislavjakl.cz\/index.php?rest_route=\/wp\/v2\/posts\/5618\/revisions"}],"predecessor-version":[{"id":5619,"href":"https:\/\/www.ladislavjakl.cz\/index.php?rest_route=\/wp\/v2\/posts\/5618\/revisions\/5619"}],"wp:attachment":[{"href":"https:\/\/www.ladislavjakl.cz\/index.php?rest_route=%2Fwp%2Fv2%2Fmedia&parent=5618"}],"wp:term":[{"taxonomy":"category","embeddable":true,"href":"https:\/\/www.ladislavjakl.cz\/index.php?rest_route=%2Fwp%2Fv2%2Fcategories&post=5618"},{"taxonomy":"post_tag","embeddable":true,"href":"https:\/\/www.ladislavjakl.cz\/index.php?rest_route=%2Fwp%2Fv2%2Ftags&post=5618"}],"curies":[{"name":"wp","href":"https:\/\/api.w.org\/{rel}","templated":true}]}}