{"id":564,"date":"2010-10-01T08:51:48","date_gmt":"2010-10-01T07:51:48","guid":{"rendered":"http:\/\/www.ladislavjakl.cz\/?p=564"},"modified":"2010-10-01T09:00:14","modified_gmt":"2010-10-01T08:00:14","slug":"klaus-slavnostne-otevrel-novy-provoz-tovarny-na-cigarety","status":"publish","type":"post","link":"https:\/\/www.ladislavjakl.cz\/?p=564","title":{"rendered":"Klaus slavnostn\u011b otev\u0159el nov\u00fd provoz tov\u00e1rny na cigarety"},"content":{"rendered":"<p>\u010c\u00e1st rozhovoru a uvnit\u0159 \u010dl\u00e1nku rovn\u011b\u017e audio.<\/p>\n<p><!--more-->Moder\u00e1tor (Jan Richter):<br \/>\nPrezident <strong>V\u00e1clav<\/strong> <strong>Klaus<\/strong> p\u0159i n\u00e1v\u0161t\u011bv\u011b Kutn\u00e9 hory slavnostn\u011b otev\u0159el nov\u00fd provoz tamn\u00ed tov\u00e1rny na cigarety. Projekt podpo\u0159il proto, \u017ee firma je podle n\u011bj p\u0159\u00edkladem \u00fasp\u011b\u0161n\u00e9 privatizace st\u00e1tn\u00edho podniku. Prezident z\u00e1rove\u0148 odm\u00edtl, \u017ee by svou p\u0159\u00edtomnost\u00ed podporoval kou\u0159en\u00ed. Vyslovil se ale proti &#8222;vrchnostensk\u00fdm na\u0159\u00edzen\u00edm&#8220;, kter\u00e1 s kou\u0159en\u00edm bojuj\u00ed.<\/p>\n<p>Host (<strong>V\u00e1clav<\/strong> <strong>Klaus<\/strong>, prezident):<br \/>\nBoj s kou\u0159en\u00edm je veden sm\u011b\u0161n\u00fdm zp\u016fsobem. Z\u00e1kazy se nikdy nic ned\u00e1 vy\u0159e\u0161it a v\u0161ichni v\u00edme, \u017ee v historii lidstva ka\u017ed\u00e1 prohibice vedla k negativn\u00edm efekt\u016fm a v\u017edycky vedla k tomu, \u017ee se vyr\u00e1b\u011bly cigarety podom\u00e1cku daleko hor\u0161\u00ed a pa\u0161ovaly se. To je hloup\u00e9 a to by politici nem\u011bli d\u011blat. J\u00e1 podporuji boj s omezov\u00e1n\u00edm kou\u0159en\u00ed vrchnostensk\u00fdm na\u0159\u00edzen\u00edm, to je n\u011bco jin\u00e9ho ne\u017e podpora kou\u0159en\u00ed.<\/p>\n<p>Moder\u00e1tor (Jan Richter):<br \/>\nO prezidentov\u011b n\u00e1v\u0161t\u011bv\u011b v tov\u00e1rn\u011b na cigarety a jeho postoji ke kou\u0159en\u00ed jsem hovo\u0159il tak\u00e9 s vedouc\u00edm politick\u00e9ho odboru Kancel\u00e1\u0159e prezidenta republiky Ladislavem Jaklem.<\/p>\n<p>Host (Ladislav Jakl, vedouc\u00ed politick\u00e9ho odboru Kancel\u00e1\u0159e prezidenta republiky):<br \/>\nJ\u00e1 mysl\u00edm, \u017ee je v\u0161eobecn\u011b zn\u00e1mo, \u017ee pan prezident je celo\u017eivotn\u00ed neku\u0159\u00e1k, je to sportovn\u011b zalo\u017een\u00fd \u010dlov\u011bk a rozhodn\u011b nepat\u0159\u00ed mezi ty ve\u0159ejn\u011b zn\u00e1m\u00e9 osobnosti kulturn\u00edho nebo politick\u00e9ho \u017eivota, kter\u00e9 by \u0161li \u0161patn\u00fdm p\u0159\u00edkladem a byli by se n\u011bkde schopni ukazovat s cigaretou. Takov\u00e1 fotografie <strong>V\u00e1clava<\/strong> <strong>Klause<\/strong> ur\u010dit\u011b neexistuje.<\/p>\n<p>Moder\u00e1tor (Jan Richter):<br \/>\nP\u0159esto dnes otev\u0159el nov\u00fd provoz nejmenovan\u00e9 tov\u00e1rny na cigarety v Kutn\u00e9 Ho\u0159e, co ho k tomu vedlo?<\/p>\n<p>Host (Ladislav Jakl, vedouc\u00ed politick\u00e9ho odboru Kancel\u00e1\u0159e prezidenta republiky):<br \/>\n\u0160lo o v\u00fdznamnou investici \u0159\u00e1dov\u011b stovek milion\u016f. Je to v\u00fdznamn\u00e1 injekce do region\u00e1ln\u00ed ekonomiky. Je to i v\u00fdznamn\u00fd zam\u011bstnavatel pro Kutnou horu. Tak\u017ee \u0161lo o d\u016fle\u017eitou ud\u00e1lost, kter\u00e1 si zasluhovala pozornost a snad tak\u00e9 podporu.<\/p>\n<p>Moder\u00e1tor (Jan Richter):<br \/>\nPan prezident \u0159ekl, \u017ee nen\u00ed pro podporu kou\u0159en\u00ed, nebo \u017ee t\u00edm necht\u011bl podpo\u0159it kou\u0159en\u00ed, nicm\u00e9n\u011b \u017ee je proti vrchnostensk\u00e9mu omezov\u00e1n\u00ed kou\u0159en\u00ed, je podle pana prezidenta pot\u0159eba kou\u0159en\u00ed omezovat a jestli\u017ee ano, jak tedy?<\/p>\n<p>Host (Ladislav Jakl, vedouc\u00ed politick\u00e9ho odboru Kancel\u00e1\u0159e prezidenta republiky):<br \/>\nSt\u00e1t by podle pana prezidenta v\u016fbec do omezov\u00e1n\u00ed kou\u0159en\u00ed zasahovat nem\u011bl. Je to soukrom\u00e1 osobn\u00ed v\u011bc, osobn\u00ed rozhodnut\u00ed ka\u017ed\u00e9ho \u010dlov\u011bka. Je nepochybn\u00e9, \u017ee kou\u0159en\u00ed m\u00e1 b\u00fdt omezov\u00e1no ve ve\u0159ejn\u00fdch prostor\u00e1ch, kam \u010dlov\u011bk p\u0159ij\u00edt mus\u00ed, \u017ee by p\u0159ed kou\u0159en\u00edm m\u011bly b\u00fdt chr\u00e1n\u011bny d\u011bti, ale pokud jde o dosp\u011bl\u00e9 a soukrom\u00fd prostor, tak by to m\u011blo b\u00fdt nech\u00e1no na ka\u017ed\u00e9m.<\/p>\n<p>Moder\u00e1tor (Jan Richter):<br \/>\nPan prezident \u0159ekl, \u017ee z\u00e1kazy se ned\u00e1 nic \u0159e\u0161it. V tom p\u0159\u00edpad\u011b kdybychom mluvili o drog\u00e1ch, tak tam to jaksi neplat\u00ed. Kde je podle pana prezidenta ta hranice, kde je zdrav\u00e9 kou\u0159en\u00ed omezit a zak\u00e1zat a kde nechat na v\u016fli jednotlivce, dosp\u011bl\u00e9ho \u010dlov\u011bka, aby kou\u0159il tam, kde chce?<\/p>\n<p>Host (Ladislav Jakl, vedouc\u00ed politick\u00e9ho odboru Kancel\u00e1\u0159e prezidenta republiky):<br \/>\nDrogy nejsou povolen\u00e1 leg\u00e1ln\u00ed komodita. Tab\u00e1k je leg\u00e1ln\u00ed povolen\u00e1 komodita.<\/p>\n<p>Moder\u00e1tor (Jan Richter):<br \/>\nTo se m\u016f\u017ee zm\u011bnit samoz\u0159ejm\u011b z\u00e1konem.<\/p>\n<p>Host (Ladislav Jakl, vedouc\u00ed politick\u00e9ho odboru Kancel\u00e1\u0159e prezidenta republiky):<br \/>\nTuto debatu zat\u00edm v\u016fbec nikdo neotev\u0159el a pokud by j\u00ed n\u011bkdo otev\u0159el, bylo by aspo\u0148 \u010destn\u00e9 a f\u00e9rov\u00e9, kdyby \u0159ekl: zaka\u017eme kou\u0159en\u00ed. Ale je zvl\u00e1\u0161tn\u00ed, \u017ee na trhu existuje norm\u00e1ln\u00ed leg\u00e1ln\u00ed povolen\u00e1 komodita, ale\u00a0lid\u00e9, kte\u0159\u00ed si toto leg\u00e1ln\u00ed zbo\u017e\u00ed vyberou,\u00a0jsou \u0161ikanov\u00e1ni, persekuov\u00e1ni. Pokud je to leg\u00e1ln\u00ed zbo\u017e\u00ed, tak by m\u011bl k n\u011bmu b\u00fdt norm\u00e1ln\u00ed p\u0159\u00edstup, jako k jak\u00e9mukoli zbo\u017e\u00ed a ne, \u017ee se budeme tv\u00e1\u0159it, \u017ee konzumenti ur\u010dit\u00e9ho leg\u00e1ln\u00edho typu zbo\u017e\u00ed by m\u011bli b\u00fdt n\u011bjak postihov\u00e1ni.<\/p>\n<p>Moder\u00e1tor (Jan Richter):<br \/>\nD\u011bkuji za rozhovor.<\/p>\n<p><object classid=\"clsid:d27cdb6e-ae6d-11cf-96b8-444553540000\" width=\"280\" height=\"40\" codebase=\"http:\/\/download.macromedia.com\/pub\/shockwave\/cabs\/flash\/swflash.cab#version=6,0,40,0\"><param name=\"src\" value=\"https:\/\/www.ladislavjakl.cz\/data\/radiozurnal2_280_40.swf\" \/><embed type=\"application\/x-shockwave-flash\" width=\"280\" height=\"40\" src=\"https:\/\/www.ladislavjakl.cz\/data\/radiozurnal2_280_40.swf\"><\/embed><\/object><\/p>\n","protected":false},"excerpt":{"rendered":"<p>\u010c\u00e1st rozhovoru a uvnit\u0159 \u010dl\u00e1nku rovn\u011b\u017e audio.<\/p>\n","protected":false},"author":1,"featured_media":0,"comment_status":"open","ping_status":"open","sticky":false,"template":"","format":"standard","meta":{"ngg_post_thumbnail":0,"footnotes":""},"categories":[13],"tags":[],"class_list":["post-564","post","type-post","status-publish","format-standard","hentry","category-rozhovory"],"_links":{"self":[{"href":"https:\/\/www.ladislavjakl.cz\/index.php?rest_route=\/wp\/v2\/posts\/564","targetHints":{"allow":["GET"]}}],"collection":[{"href":"https:\/\/www.ladislavjakl.cz\/index.php?rest_route=\/wp\/v2\/posts"}],"about":[{"href":"https:\/\/www.ladislavjakl.cz\/index.php?rest_route=\/wp\/v2\/types\/post"}],"author":[{"embeddable":true,"href":"https:\/\/www.ladislavjakl.cz\/index.php?rest_route=\/wp\/v2\/users\/1"}],"replies":[{"embeddable":true,"href":"https:\/\/www.ladislavjakl.cz\/index.php?rest_route=%2Fwp%2Fv2%2Fcomments&post=564"}],"version-history":[{"count":4,"href":"https:\/\/www.ladislavjakl.cz\/index.php?rest_route=\/wp\/v2\/posts\/564\/revisions"}],"predecessor-version":[{"id":568,"href":"https:\/\/www.ladislavjakl.cz\/index.php?rest_route=\/wp\/v2\/posts\/564\/revisions\/568"}],"wp:attachment":[{"href":"https:\/\/www.ladislavjakl.cz\/index.php?rest_route=%2Fwp%2Fv2%2Fmedia&parent=564"}],"wp:term":[{"taxonomy":"category","embeddable":true,"href":"https:\/\/www.ladislavjakl.cz\/index.php?rest_route=%2Fwp%2Fv2%2Fcategories&post=564"},{"taxonomy":"post_tag","embeddable":true,"href":"https:\/\/www.ladislavjakl.cz\/index.php?rest_route=%2Fwp%2Fv2%2Ftags&post=564"}],"curies":[{"name":"wp","href":"https:\/\/api.w.org\/{rel}","templated":true}]}}