{"id":5640,"date":"2015-04-01T14:05:33","date_gmt":"2015-04-01T12:05:33","guid":{"rendered":"http:\/\/www.ladislavjakl.cz\/?p=5640"},"modified":"2015-04-01T14:06:18","modified_gmt":"2015-04-01T12:06:18","slug":"lada-jakl-odpovida-na-vase-trefne-dotazy","status":"publish","type":"post","link":"https:\/\/www.ladislavjakl.cz\/?p=5640","title":{"rendered":"L\u00e1\u010fa Jakl odpov\u00edd\u00e1 na va\u0161e trefn\u00e9 dotazy"},"content":{"rendered":"<p><!--more--><\/p>\n<p><strong>Hraje v\u00e1\u017en\u00e1 hudba ve tv\u00e9m \u017eivot\u011b n\u011bjakou roli?<\/strong><br \/>\nV\u017edy jsem r\u00e1d poslouchal i tzv. v\u00e1\u017enou hudbu. Ale, abych se p\u0159iznal, sp\u00ed\u0161 jako relaxaci. Proto\u017ee u bigb\u00edtu jsem m\u00edval po\u0159\u00e1d sklony m\u00edsto samotn\u00e9 hudby vn\u00edmat jej\u00ed st\u0159eva, jak to tam ud\u011blali, jak je to aran\u017eovan\u00e9 a jak zahran\u00e9. Mysl\u00edm ale, \u017ee te\u010f u\u017e um\u00edm v\u00edc poslouchat jen pro pot\u011b\u0161en\u00ed. Jakoukoli hudbu.<\/p>\n<p><strong>Poznamenalo n\u011bjak tv\u00e9 politick\u00e9 anga\u017em\u00e1 tvoje hudebn\u00ed aktivity?<\/strong><br \/>\nNo, leda t\u00edm, \u017ee m\u011b pr\u00fd hodn\u011b lid\u00ed mezi muzikanty a \u010dinovn\u00edky kolem muziky nesn\u00e1\u0161\u00ed. Hlavn\u011b asi takov\u00fdch, co m\u011b v\u016fbec neznaj\u00ed. Tak\u017ee na n\u011bjak\u00e9 festivaly m\u011b nikdy moc nezvali. Ale ti, kdo na\u0161i muziku a mne znaj\u00ed, ka\u0161lou na to, kdo kam z muzikant\u016f chod\u00ed p\u0159es den do pr\u00e1ce a co p\u00ed\u0161e do novin. Zaj\u00edm\u00e1 je muzika a p\u0159\u00e1telstv\u00ed. Na\u0161t\u011bst\u00ed je takov\u00fdch dost.<\/p>\n<p><strong>Hudbu skl\u00e1d\u00e1\u0161 ty. Je pro hudebn\u00edka d\u016fle\u017eit\u00e1 znalost not? A ty s\u00e1m, skl\u00e1d\u00e1\u0161 v not\u00e1ch?<\/strong><br \/>\nM\u00e1m za sebou p\u00e1r let hudebky, zp\u00edv\u00e1n\u00ed ve sboru, kapelnick\u00fd kurs a lidovou konzervato\u0159. Tam v\u0161ude se do m\u011b n\u011bjakou hudebn\u00ed nauku sna\u017eili nacpat. Ale moc velk\u00fd \u00fasp\u011bch to nem\u011blo. N\u011bjak\u00e9 z\u00e1klady m\u00e1m, ale dost slab\u00e9. Sp\u00ed\u0161 pou\u017e\u00edv\u00e1m v\u0161elijak\u00e9 sv\u00e9 pomocn\u00e9 zna\u010dky. Jen zcela v\u00fdjime\u010dn\u011b nap\u00ed\u0161u n\u011bjak\u00fd motiv pro spoluhr\u00e1\u010de do not, ale trv\u00e1 mi to stra\u0161n\u011b dlouho a ur\u010dit\u011b tam m\u00e1m i chyby. Znalost not je u hudebn\u00edka ur\u010dit\u011b bonus.<\/p>\n<p><strong>Kde bere\u0161 inspiraci?<\/strong><br \/>\nSta\u010dilo by \u0159\u00edct ze \u017eivota, ale tak jednoduch\u00e9 to nebude. Leckdo by to pochopil tak, \u017ee p\u00ed\u0161u p\u00edsni\u010dky o sob\u011b, o sv\u00e9m \u017eivot\u011b, \u017ee ho popisuju. Ale tak to nen\u00ed. P\u00ed\u0161u o v\u011bcech, kter\u00e9 se mezi lidmi d\u011bj\u00ed. O pocitech, kter\u00e9 lid\u00ed c\u00edt\u00ed. A nemus\u00edm to b\u00fdt v\u017edy j\u00e1 s\u00e1m, n\u011bkdy je to odpozorov\u00e1no, ale v\u017edy se m\u011b to n\u011bjak t\u00fdk\u00e1, jinak by m\u011b to nemotivovalo napsat o tom p\u00edsni\u010dku. To v\u0161echno \u0159\u00edk\u00e1m i z alibismu, proto\u017ee u\u017e jsem se setkal s t\u00edm, \u017ee n\u011bjakou p\u00edse\u0148 t\u0159eba o \u017een\u00e1ch n\u011bkdo pochopil tak, \u017ee p\u00ed\u0161u o n\u011bjak\u00e9 konkr\u00e9tn\u00ed, kter\u00e1 m\u011b mu\u010d\u00ed. A nebo kdy\u017e s nads\u00e1zkou zp\u00edv\u00e1m o vulg\u00e1rn\u00edm chlap\u00e1ctv\u00ed, \u017ee to je m\u016fj vlastn\u00ed manifest. A ona je to sranda. Sranda z vlastnosti, kter\u00e9 ob\u010das podlehne ka\u017ed\u00fd chlap. Asi bych m\u011bl dodat, \u017ee krom\u011b lid\u00ed, vztah\u016f a \u017een je mi inspirac\u00ed pivo. Ne tak, \u017ee se opiju a v tom stavu hled\u00e1m inspiraci. Inspirac\u00ed je po\u017eitek z chuti piva, proto\u017ee ten po\u017eitek miluju.<\/p>\n<p><strong>Co nebo kdo a v kolika litech t\u011b ovlivnilo, \u017ee bude\u0161 hr\u00e1t rock?<\/strong><br \/>\nUr\u010dit\u011b nejv\u00edc m\u00ed brat\u0159i. Jsem nejmlad\u0161\u00ed ze \u010dty\u0159. A dva ze t\u0159\u00ed m\u00fdch bratr\u016f maj\u00ed cel\u00fd \u017eivot k bigb\u00edtu bl\u00edzko. Jeden ho u\u017e od ran\u00fdch \u0161edes\u00e1t\u00fdch let hr\u00e1l, druh\u00fd je velk\u00fd sb\u011bratel unik\u00e1tn\u00edch nahr\u00e1vek. V bigb\u00edtov\u00e9 zku\u0161ebn\u011b jsem poprv\u00e9 st\u00e1l, kdy\u017e mi bylo p\u011bt. Pro mne tahle muzika neza\u010dala pubertou nebo adolescenc\u00ed, je to pro m\u011b to, co pro m\u00e9 mnoh\u00e9 vrstevn\u00edky Ko\u010dka leze d\u00edrou. Ze za\u010d\u00e1tku jsem tak\u00e9 v\u00edc poslouchal ne\u017e hr\u00e1l, po\u0159\u00e1dal jsem u\u017e v od sv\u00fdch patn\u00e1cti poslechov\u00e9 fonot\u00e9ky, na kter\u00e9 chodili i o p\u016fl generace star\u0161\u00ed fandov\u00e9 bigb\u00edtu. Ale pak se to n\u011bjak zlomilo a skoro jsem p\u0159estal poslouchat a muzikou jsem u\u017e jen \u017eil.<\/p>\n<p><strong>Jak dlouho trv\u00e1, ne\u017e vytvo\u0159\u00ed\u0161 hudbu a texty na cel\u00e9 CD?<\/strong><br \/>\nCel\u00fd \u017eivot. P\u0159eh\u00e1n\u00edm jen m\u00e1lo. Ud\u011bl\u00e1m do roka n\u011bkdy t\u0159eba jen jednu p\u00edse\u0148, jindy o m\u00e1lo v\u00edc. A u\u017e\u00edv\u00e1m u nich n\u011bkdy motivy, kter\u00e9 jsem si p\u0159ipravil t\u0159eba i p\u0159ed dvaceti lety. Ale nedostatek p\u00edsn\u00ed nen\u00ed ta hlavn\u00ed brzda p\u0159i roz\u0161i\u0159ov\u00e1n\u00ed reperto\u00e1ru. Tou je m\u00e1 neochota pou\u0161t\u011bt nov\u00e9 p\u00edsn\u011b z rukou d\u0159\u00edv, ne\u017e m\u00e1m pocit, \u017ee dosavadn\u00ed u\u017e jsou dob\u0159e secvi\u010den\u00e9. A takov\u00fd pocit nem\u00e1m skoro nikdy. Muzikant\u016fm jsem touhle vlastnost\u00ed pr\u00e1vem v\u017edy lezl na nervy, necht\u011bj\u00ed po\u0159\u00e1d dokola jen brousit star\u00fd reperto\u00e1r, cht\u011bj\u00ed novou potravu. M\u00edsto abych se v tom zlep\u0161oval, za\u010dal jsem se po v\u00fdm\u011bn\u00e1ch \u010dlen\u016f kapely je\u0161t\u011b v\u00edc b\u00e1t, \u017ee se kontury s nov\u00fdmi muzikanty rozma\u017eou a j\u00e1 m\u00e1m rad\u0161i v\u0161e \u010dist\u00e9 a p\u0159esn\u00e9. Ale v\u00edm, \u017ee to nen\u00ed spr\u00e1vn\u00fd muzikantsk\u00fd ani lidsk\u00fd p\u0159\u00edstup. Je nejvy\u0161\u0161\u00ed \u010das, abych ho p\u0159ehodnotil a ten \u0161upl\u00edk za\u010dal otev\u00edrat \u010dast\u011bji.<\/p>\n<p><strong>Na jak\u00fd n\u00e1stroj mimo kytary je\u0161t\u011b hraje\u0161?<\/strong><br \/>\nM\u00fdm p\u016fvodn\u00edm n\u00e1strojem byly housle. S\u00e1m jsem se v\u0161ak cel\u00fd \u017eivot pova\u017eoval hlavn\u011b za buben\u00edka, i kdy\u017e jsem na bic\u00ed nehr\u00e1l u\u017e 20 let. Ale muziku prost\u011b vn\u00edm\u00e1m hlavn\u011b p\u0159es rytmus. Na kytaru jsem se za\u010dal u\u010dit jen pro to, \u017ee se mi s n\u00ed l\u00e9pe skl\u00e1d\u00e1, ne\u017e u vybrnk\u00e1v\u00e1n\u00ed na piano. A kdy\u017e u\u017e jsem to na ni slo\u017eil, tak to na ni teda i hraju, ale za velk\u00e9ho kytaristu se nepova\u017euju. N\u011bco bych asi zahr\u00e1l na p\u00ed\u0161\u0165aly a fl\u00e9tny. Ale hlavn\u011b, n\u00e1stroj je jen prost\u0159edek k vyj\u00e1d\u0159en\u00ed. Dejte mi do ruky t\u0159eba popelnici a n\u011bco z n\u00ed vyraz\u00edm. Co\u017e je v\u00fdrok, kter\u00fd jsem ukradl snad Lennonovi.<\/p>\n<p><strong>Pro\u010d vlastn\u011b d\u011bl\u00e1\u0161 muziku?<\/strong><br \/>\nJe to nejabstraktn\u011bj\u0161\u00ed forma vyj\u00e1d\u0159en\u00ed pocitu. A taky m\u011b d\u011bsn\u011b bav\u00ed.<\/p>\n<p><strong>Co v muzice nesn\u00e1\u0161\u00ed\u0161? Co ti v muzice vad\u00ed?<\/strong><br \/>\nP\u0159edst\u00edr \u00e1n\u00ed. P\u0159edst\u00edr\u00e1n\u00ed slz, sm\u00edchu, v\u00e1\u017enosti i legrace. Kapela nemus\u00ed um\u011bt hr\u00e1t, kdy\u017e je opravdov\u00e1. Takovou si poslechu stokr\u00e1t rad\u0161i, ne\u017e prof\u00edky, kte\u0159\u00ed nev\u011bd\u00ed, pro\u010d vlastn\u011b hrajou.<\/p>\n<p><strong>Kdyby ses mohl naprosto voln\u011b rozhodnout, jakou muziku bys cht\u011bl d\u011blat a s k\u00fdm?<\/strong><br \/>\nM\u00e1m te\u010f v kapele Folimanka Blues ur\u010dit\u011b nejlep\u0161\u00ed sestavu, jakou jsem m\u011bl za cel\u00fdch jej\u00edch 22 let. P\u0159i v\u0161\u00ed \u00fact\u011b k mnoha b\u00fdval\u00fdm \u010dlen\u016fm, z nich\u017e \u010dty\u0159i u\u017e ne\u017eij\u00ed. Tak\u017ee tuhle muziku a s touhle sestavou. I kdy\u017e jednou za \u010das bych si je\u0161t\u011b st\u0159ihnul n\u011bjakou po\u0159\u00e1dnou ul\u00edtlost, jako b\u00fdval Etal.<\/p>\n<p><strong>Ak\u00e9 miesto zaober\u00e1 podla teba hudba u \u010desk\u00e9ho \u010dloveka v dne\u0161nej dobe?<\/strong><br \/>\nD\u016fle\u017eit\u00e9 , jako to bylo v\u017edy. \u010ce\u0161i jsou velmi muzik\u00e1ln\u00ed (i kdy\u017e nemaj\u00ed smysl pro rytmus) a hudbu maj\u00ed r\u00e1di. Jakoukoliv. A mo\u017en\u00e1 i v\u00edc ne\u017e d\u0159\u00edv. D\u0159\u00edv se muzikou zab\u00fdvali jen n\u011bkte\u0159\u00ed. Byli ochotni leccos ob\u011btovat, aby se dostali ke k\u00fd\u017een\u00fdm nahr\u00e1vk\u00e1m. A ostatn\u00edm bylo jedno, co poslouchaj\u00ed, klidn\u011b jim sta\u010dil rozhlas po dr\u00e1t\u011b. Dnes ale v\u011bt\u0161ina mlad\u00fdch vyhled\u00e1v\u00e1 pr\u00e1v\u011b p\u0159esn\u011b tu muziku, kter\u00e1 jim pasuje. Ano, jsou to \u010dasto hodn\u011b plytk\u00e9 \u017e\u00e1nry, ale oni maj\u00ed d\u016fvod, pro\u010d si ji vybrali a nen\u00ed jim jedno, co poslouchaj\u00ed. Muzika dnes u n\u00e1s taky nen\u00ed prost\u0159edkem boje za jin\u00fd lep\u0161\u00ed sv\u011bt, jako b\u00fdvala v n\u011bkter\u00fdch dob\u00e1ch. A asi je to tak i dob\u0159e. M\u00e1 n\u00e1\u0161 sv\u011bt jen obohacovat. A \u00fapln\u011b sta\u010d\u00ed, kdy\u017e ka\u017ed\u00fd obohat\u00ed s\u00e1m sebe.<\/p>\n<p><strong>Vid\u00ed\u0161 aj nejak\u00e9 priazniv\u00e9 momenty vo v\u00fdvoji hudobn\u00e9ho sveta od \u010dias big beatov\u00e9ho &#8222;pr\u00edmu&#8220; do dne\u0161nej doby?<\/strong><br \/>\nV ka\u017ed\u00e9m p\u0159\u00edpad\u011b ano. I j\u00e1 pat\u0159\u00edm my\u0161lenkov\u011b a hudebn\u011b do p\u0159elomu 60. a 70. let. I j\u00e1 tuhle dobu pova\u017euju za zlatou \u00e9ru. Ale p\u0159ece si v\u0161ichni pamatujeme \u00fapadek muziky v 80. letech. Nikdy bych tehdy neuv\u011b\u0159il, \u017ee se jm\u00e9na jako Santana, Clapton nebo Cocker je\u0161t\u011b n\u011bkdy stanou sou\u010d\u00e1st\u00ed b\u011b\u017en\u00e9 lidov\u00e9 popkultury. V 80. letech m\u011bla elektrick\u00e1 kytara k masov\u00e9 hub\u011b vstup zak\u00e1z\u00e1n. Ale zhruba v pr\u016fb\u011bhu 90. let se to za\u010dalo l\u00e1mat, p\u0159i\u0161ly velk\u00e9 comebacky a z t\u00e9hle renesance bigb\u00edtu a bluesu \u017eijeme dodnes.<\/p>\n<p><strong>Pro kapelu skl\u00e1d\u00e1\u0161 nejen hudbu, ale tak\u00e9 texty. V 80. letech jsi skl\u00e1dal hudbu pro divadeln\u00ed p\u00edsni\u010dky. Jak se ti d\u011blala hudba na ciz\u00ed texty?<\/strong><br \/>\nTo byla pro mne stra\u0161n\u011b zaj\u00edmav\u00e1 zku\u0161enost. Kdy\u017e \u010dlov\u011bk d\u011bl\u00e1 komplet svou p\u00edse\u0148, ud\u011bl\u00e1 si ji podle sv\u00e9ho, ne\u0159e\u0161\u00ed \u017e\u00e1dn\u00fd \u00fakol. Ale na hotov\u00fd ciz\u00ed text se mus\u00ed \u010dlov\u011bk jinak koncentrovat a dostat ze sebe t\u0159eba i to, co by samo od sebe nevylezlo. Ciz\u00ed text je v\u00fdzva, cesta dokopce. Na vlastn\u00ed p\u00edsni to jde hladce samosp\u00e1dem. I proto p\u00e1r p\u00edsn\u00ed z tehdej\u0161\u00ed &#8222;divadeln\u00ed&#8220; \u00e9ry hraju dodnes, ciz\u00ed text m\u011b tenkr\u00e1t p\u0159inutil ud\u011blat mo\u017en\u00e1 i n\u011bco zaj\u00edmav\u011bj\u0161\u00edho. Vlastn\u011b dokonce i kdy\u017e odpov\u00edd\u00e1m na v\u0161echny tyhle (nebo jin\u00e9) ot\u00e1zky, napadaj\u00ed m\u011b ur\u010dit\u011b jin\u00e9 my\u0161lenky, ne\u017e kter\u00e9 by m\u011b napadly, kdybych psal jen n\u011bco s\u00e1m od sebe, bez vn\u011bj\u0161\u00edho podn\u011btu.<\/p>\n<p><strong>Jak to, \u017ee v muzice a p\u0159i priv\u00e1tn\u00ed komunikaci na libovoln\u00e9 t\u00e9ma jsi docela fajn chlap a m\u00e1me na spoustu v\u011bc\u00ed velmi bl\u00edzk\u00e9 n\u00e1zory, ale p\u0159ed touto osobn\u00ed zku\u0161enost\u00ed jsem t\u011b z tv\u00fdch p\u0159edchoz\u00edch medi\u00e1ln\u00edch vystoupen\u00ed pokl\u00e1dal za n\u011bkoho, s k\u00fdm si asi nem\u00e1m co \u0159\u00edct?<\/strong><br \/>\nHm. Medi\u00e1ln\u00ed vystoupen\u00ed&#8230; Bu\u010f v\u00e1s nenechaj\u00ed \u0159\u00edci sv\u00e9 my\u0161lenky a zkarikuj\u00ed v\u00e1s, p\u0159evypr\u00e1v\u011bj\u00ed a shod\u00ed, nebo vysl\u00fdchaj\u00ed ve stylu: p\u0159iznej se, \u017ee jsi lump. A na to se t\u011b\u017eko reaguje jinak, ne\u017e odpov\u011bd\u00ed, \u017ee jako lump se pt\u00e1 ten tazatel. V obou p\u0159\u00edpadech vylezu jako nep\u0159\u00edtel lidstva. Ano, setk\u00e1v\u00e1m se s t\u00edm cel\u00fd \u017eivot, \u017ee nejv\u00edc m\u011b nesn\u00e1\u0161ej\u00ed ti, co m\u011b vlastn\u011b neznaj\u00ed, a kdy\u017e maj\u00ed tu \u0161anci, \u010dasto p\u0159edsudek p\u0159ehodnot\u00ed. No, a n\u011bkoho na\u017eivo t\u0159eba na\u0161tvu je\u0161t\u011b v\u00edc.<\/p>\n<p><strong>Kolik \u010dasu denn\u011b (t\u00fddn\u011b, m\u011bs\u00ed\u010dn\u011b) muzice v\u011bnuje\u0161?<\/strong><br \/>\nP\u0159edpokl\u00e1d\u00e1m, \u017ee se bav\u00edme o hran\u00ed, ne o poslouch\u00e1n\u00ed. Je to n\u00e1razov\u00e9. T\u0159eba na podzim jsem m\u011bl kytaru v ruce ka\u017ed\u00fd den. Pak jsem byl dlouho nemocn\u00fd a po nemoci jsem se k tomu u\u017e nevr\u00e1til, tak\u017ee te\u010f si zahraju doma tak jednou t\u00fddn\u011b a jen p\u00e1r minut. Zpravidla kv\u016fli tomu, \u017ee pot\u0159ebuju doladit n\u011bjak\u00e9 aran\u017ee. Co se t\u00fd\u010de zkou\u0161en\u00ed, tak je\u0161t\u011b p\u0159ed p\u00e1r lety jsme zkou\u0161eli dvakr\u00e1t t\u00fddn\u011b, to u\u017e bych nezvl\u00e1dl. Te\u010f zkou\u0161\u00edme tak jednou dvakr\u00e1t do m\u011bs\u00edce.<\/p>\n<p><strong>Kolikr\u00e1t denn\u011b (t\u00fddn\u011b, m\u011bs\u00ed\u010dn\u011b) m\u00e1\u0161 chu\u0165 se v\u0161\u00edm pra\u0161tit a j\u00edt rad\u011bji na pivo?<\/strong><br \/>\nTo nen\u00ed moc pravideln\u00e1 v\u011bc. Ale za\u017eil jsem i n\u011bkolik zklam\u00e1n\u00ed t\u0159eba z nepoveden\u00fdch koncert\u016f. Takov\u00e9ho \u00fasil\u00ed a pak t\u0159eba n\u011bkdo n\u011bco zvo\u0159e, nebo neza\u0159\u00edd\u00ed, nebo p\u0159ijde m\u00e1lo lid\u00ed. To pak se \u010dlov\u011bk pt\u00e1, jestli to \u00fasil\u00ed stoj\u00ed za to. Ale pak p\u0159ijde zase poveden\u00e1 chv\u00edle a v\u0161e je zapomenuto a energie se vrac\u00ed do \u017eil.<\/p>\n<p><strong>St\u00e1v\u00e1 se ti n\u011bkdy na koncertech nebo jin\u00fdch hudebn\u00edch akc\u00edch, \u017ee t\u011b lid\u00e9 napadaj\u00ed kv\u016fli tv\u00e9mu ve\u0159ejn\u00e9mu p\u016fsoben\u00ed? Jak na to reaguje\u0161 a co si o tom mysl\u00ed\u0161?<\/strong><br \/>\nTo snad ani nepamatuju. Takov\u00ed lid\u00e9 prost\u011b na n\u00e1\u0161 koncert nep\u0159ijdou. A pokud je to n\u011bjak\u00e1 spole\u010dn\u00e1 akce s v\u00edce kapelami, kam p\u0159ijdou p\u016fvodn\u011b na n\u011bkoho jin\u00e9ho, ti na m\u011b n\u011bkdy koukaj\u00ed p\u0159ekvapen\u011b. A pak si \u010dasto se mnou daj\u00ed pivo nebo pan\u00e1ka.<\/p>\n<p><strong>V\u0161eobecn\u011b je zn\u00e1mo, \u017ee tv\u00fdm velk\u00fdm kon\u00ed\u010dkem je pivo. Jak to jde dohromady s \u017eiv\u00fdm hran\u00edm? U\u017e se ti n\u011bkdy stalo, \u017ee jsi vylezl na podium \u00fapln\u011b na ka\u0161i?<\/strong><br \/>\nPokud v\u00edm, tak dvakr\u00e1t za \u017eivot. A za r\u00e1me\u010dek bych si to zrovna nedal. J\u00e1 jsem na to hodn\u011b opatrn\u00fd a p\u0159ed hran\u00edm si d\u00e1v\u00e1m tak dv\u011b piva a dost. A nav\u00edc buzeruju spoluhr\u00e1\u010de, kdy\u017e je vid\u00edm u t\u0159et\u00edho. Dohromady to ale jde, proto\u017ee po produkci je \u010dasu na popit\u00ed obvykle dost.<\/p>\n<p><strong>Jsi schopen bez roz\u010dilen\u00ed poslouchat n\u011bjak\u00e9 \u010desk\u00e9 r\u00e1dio? A pro\u010d?<\/strong><br \/>\nV aut\u011b poslouch\u00e1m Beat. Tam bych sice ubral takov\u00fd ten kytarov\u00fd pop a p\u0159idal bych n\u011bjakou alternativu, ale oni nehrajou jen pro mne, \u017ee. Poslouchat se d\u00e1 i Dur a Jazz \u010cesk\u00e9ho rozhlasu. Ale zpravodajsk\u00e9 stanice, tam m\u011b vyto\u010d\u00ed nejd\u0159\u00edv n\u011bjak\u00e1 stra\u0161n\u00e1 p\u00edsni\u010dka a vz\u00e1p\u011bt\u00ed doraz\u00ed manipulativn\u00ed koment\u00e1\u0159.<\/p>\n<p><strong>Mysl\u00ed\u0161 si, \u017ee je v\u011bt\u0161\u00ed nab\u00eddka nebo popt\u00e1vka v oblasti produkce rockov\u00e9 hudby v \u010cech\u00e1ch? Je v sou\u010dasn\u00e9 dob\u011b v\u00edce konzument\u016f nebo naopak tv\u016frc\u016f, nejr\u016fzn\u011bj\u0161\u00ed \u00farovn\u011b?<\/strong><br \/>\nKdysi n\u011bkdo \u0159ekl, \u017ee je v\u011bdecky spo\u010d\u00edt\u00e1no, \u017ee b\u00e1sn\u011b p\u00ed\u0161e v\u00edc lid\u00ed, ne\u017e je \u010dte. Mo\u017en\u00e1 je to s bigb\u00edtem podobn\u00e9. Nab\u00eddky je ur\u010dit\u011b v\u00edc. Je hodn\u011b kapel, kter\u00e9 maj\u00ed co \u0159\u00edct a um\u011bj\u00ed hr\u00e1t, ale nemaj\u00ed s\u00edlu prorazit, proto\u017ee propagace je hrozn\u011b n\u00e1ro\u010dn\u00e1. D\u0159\u00edv se n\u011bco \u0161ustlo a hrnuly se davy. Dneska maj\u00ed lidi mnohem v\u00edc l\u00e1kadel, co d\u011blat s voln\u00fdm \u010dasem. Ale v\u017edycky, kdy\u017e si na to n\u011bjak\u00fd zn\u00e1m\u00fd muzikant st\u011b\u017euje, zept\u00e1m se ho, kdy byl naposled na koncert\u011b sv\u00fdch kamar\u00e1d\u016f, kdy on je naposled podpo\u0159il.<\/p>\n<p><strong>Doch\u00e1z\u00ed v tomto smyslu k n\u011bjak\u00e9mu v\u00fdvoji? Kvantitativn\u011b i kvalitativn\u011b. T\u0159eba z pohledu tv\u00e9ho dlouh\u00e9ho muzikantsk\u00e9ho \u017eivota. A pokud ano, jak jsi s t\u00edm spokojen a jak se p\u0159\u00edpadn\u011b adaptujete?<\/strong><br \/>\nJasn\u011b\u017ee doch\u00e1z\u00ed. Ubejv\u00e1 lid\u00ed. St\u00e1rnou, pohodln\u00ed. Adaptovat se lze jen dvoj\u00edm zp\u016fsobem: p\u0159etrhnout se p\u0159i propagaci, nebo hr\u00e1t m\u00e9n\u011b \u010dasto. D\u011bl\u00e1me oboj\u00ed.<\/p>\n<p><strong>Jak dok\u00e1\u017ee\u0161 kloubit svoji velmi n\u00e1ro\u010dnou pr\u00e1ci s tv\u00fdm vystupov\u00e1n\u00edm s kapelou FB i jej\u00edm veden\u00edm?<\/strong><br \/>\nTo by b\u00fdvala byla trefn\u00e1 ot\u00e1zka p\u0159ed p\u011bti, deseti, patn\u00e1cti lety. Dnes u\u017e zdaleka tak n\u00e1ro\u010dnou pr\u00e1ci nem\u00e1m. A tehdy? \u010clov\u011bk mus\u00ed m\u00edt sv\u00e9 priority a ty nelze zanedb\u00e1vat za \u017e\u00e1dn\u00fdch okolnost\u00ed. A muzika pro mne v\u017edy byla prioritou. Jen\u017ee n\u011bkdy se klouben\u00ed holt vykloub\u00ed, to se mi ale moc \u010dasto nest\u00e1valo.<\/p>\n<p><strong>Tvoje texty re\u017e\u00fa do \u017eiv\u00e9ho, zdaj\u00fa sa mi hodne satirick\u00e9. Nevyh\u00fdbaj\u00fa sa t\u00e9mam ako smr\u0165, priatelstvo, ludsk\u00e1 blbos\u0165, nie v poslednom rade \u017eensk\u00e9 a pivo. \u017dije\u0161 skuto\u010dne tak, ako spieva\u0161?<\/strong><br \/>\n\u017diju, jinak by to byla p\u0159etv\u00e1\u0159ka. Ale jak jsem \u0159\u00edkal, ne v\u0161echna t\u00e9mata se osobn\u011b t\u00fdkaj\u00ed p\u0159\u00edmo \u017eivota m\u00e9ho. Sp\u00ed\u0161 ta t\u00e9mata d\u00fdch\u00e1m spolu se vzduchem, ve kter\u00e9m p\u0159i sv\u00e9m zp\u016fsobu \u017eivota pluju. Kdybych \u017eil jinak, tak se s nimi nepotk\u00e1m. Nebo bych je m\u011bl ze t\u0159et\u00ed ruky. A to by bylo poznat.<\/p>\n<p><strong>Ako sa zn\u00e1\u0161a tvoj &#8222;civil&#8220; s no\u010dn\u00fdm big beatom? Blues kontra rock and roll \u010di ABBA kontra Zappa, &#8230; alebo?<\/strong><br \/>\nABBA kontra Zappa, to je dobr\u00e9 p\u0159irovn\u00e1n\u00ed. U\u017e jsem to \u0159\u00edkal mockr\u00e1t: je na to jedin\u00fd recept: nem\u00edchat. Kdy\u017e sm\u00edch\u00e1te ohe\u0148 a led, vznikne bl\u00e1to. To j\u00e1 rad\u011bji jednou ohe\u0148 a pak zase led. Tak\u017ee m\u016fj civil se prost\u011b s no\u010dn\u00edm bigb\u00edtem nesm\u00ed potkat.<\/p>\n<p><strong>Vad\u00ed ti, \u017ee tv\u00e9 fanynky st\u00e1rnou?<\/strong><br \/>\nJasn\u011b \u017ee ano, to bych nem\u011bl v p\u00edsni, kter\u00e1 se zrovna jmenuje Fanynky, ten ver\u0161 &#8222;a ty star\u00e1 Mary, uka\u017e rad\u0161i dcery&#8220;. Ba ne. St\u00e1rnut\u00ed je kr\u00e1sn\u00fd, my taky st\u00e1rneme. Na st\u00e1rnut\u00ed je blb\u00e9 jen to ch\u00e1traj\u00edc\u00ed zdrav\u00ed, v\u0161e ostatn\u00ed je po\u0159\u00e1d lep\u0161\u00ed, \u010dlov\u011bk m\u00e1 ze \u017eivota mnohem v\u00edc, kdy\u017e u\u017e ho um\u00ed vychutn\u00e1vat. Ale ne \u017ee by n\u00e1m ob\u010das n\u011bjak\u00e1 mladice pod p\u00f3diem neud\u011blala radost. No, ud\u011bl\u00e1m te\u010f jednu v\u00fdjimku, kterou jsem v \u017eivot\u011b neud\u011blal. V\u017edy sv\u00e9 p\u00edsn\u011b do posledn\u00ed chv\u00edle taj\u00edm. Ani muzikanti z kapely obvykle nev\u011bd\u00ed, co to vlastn\u011b nov\u00e9ho nacvi\u010duj\u00ed a o \u010dem to bude. A nikde neprozrazuju p\u0159edem z\u00e1kladn\u00ed f\u00f3r, n\u00e1m\u011bt, nikdy nikomu nep\u0159ehr\u00e1v\u00e1m p\u0159edem uk\u00e1zky. Ven mus\u00ed j\u00edt v\u0161e a\u017e hotov\u00e9. Ale ud\u011bl\u00e1m v\u00fdjimku, kdy\u017e u\u017e jsem dostal takovou nahr\u00e1vku. Jedna z m\u00fdch p\u0159\u00ed\u0161t\u00edch p\u00edsn\u00ed je p\u0159esn\u011b o tom. O st\u00e1rnouc\u00edch fanynk\u00e1ch. Ji\u017e brzy ve va\u0161ich u\u0161\u00edch.<\/p>\n<p><strong>Pro\u010d tak m\u00e1lo hrajou FB v r\u00e1di\u00edch?<\/strong><br \/>\nPro\u010d? Asi to neznaj\u00ed. Asi jsme nikdy neum\u011bli ty r\u00e1dia po\u0159\u00e1dn\u011b oslovit. Ale t\u0159eba na Beatu n\u00e1s ob\u010das hrajou. Na n\u00e1s r\u00e1dia u\u0161et\u0159\u00ed, nejsem registrov\u00e1n v OSA.<\/p>\n<p><strong>Jak se ti l\u00edbilo vystoupen\u00ed ve Cvikov\u011b? M\u00e1te spolupr\u00e1ci s n\u011bjak\u00fdm pivovarem? A bude se n\u011bjak\u00fd takov\u00fd koncert opakovat?<\/strong><br \/>\nAno, hr\u00e1li jsme loni na podzim p\u0159i slavnostn\u00edm znovuotev\u0159en\u00ed pivovaru ve Cvikov\u011b. Kr\u00e1sn\u00e1 stavba, kr\u00e1sn\u00e1 akce. I kdy\u017e teda byla hrozn\u00e1 zima, hr\u00e1lo se venku a j\u00e1 m\u011bl hore\u010dku. Vlastn\u011b to byla takov\u00e1 nane\u010disto p\u0159edpremi\u00e9ra sou\u010dasn\u00e9 podoby kapely. Hr\u00e1li jsme v ne\u00fapln\u00e9 sestav\u011b bez kytaristy a pianista Pavel s n\u00e1ma hr\u00e1l poprv\u00e9. Ale lidi tam byli moc prima, tak\u017ee jsme odj\u00ed\u017ed\u011bli v bezva n\u00e1lad\u011b. Spolupracujeme s B\u0159evnovsk\u00fdm pivovarem, jeho spolumajitel a autor recept\u016f Honza \u0160ur\u00e1\u0148 n\u00e1m osobn\u011b sponzorsky to\u010dil jejich \u00fa\u017easn\u00e1 piva na dvac\u00e1t\u00fdch narozenin\u00e1ch kapely a chyst\u00e1me s nimi dal\u0161\u00ed spole\u010dn\u00e9 v\u011bci. V pivovarech u\u017e jsme hr\u00e1li v\u00edckr\u00e1t, t\u0159eba na Bulovce, v Uhersk\u00e9m Brod\u011b, v Dale\u0161ic\u00edch, v Ro\u017e\u0148av\u011b. To jsou na\u0161e nejmilej\u0161\u00ed akce, to bychom si n\u011bkdy ur\u010dit\u011b r\u00e1di zopakovali. Dejte n\u00e1m tip.<\/p>\n<p><strong>Jakou muziku poslouch\u00e1\u0161 krom t\u00e9, kterou produkuje\u0161?<\/strong><br \/>\nKrom\u011b country, dechovky a blb\u00e9ho popu poslouch\u00e1m v\u0161echno mo\u017en\u00e9. Underground, n\u011bjakou tu alternativu, takov\u00e9 ty progres\u00edvn\u00ed rocky, ale taky modern\u00ed jazz. A Jan\u00e1\u010dka nebo Martin\u016f. A jednou do roka si pust\u00edm asi dvacet desek Franka Zappy v \u0159ad\u011b za sebou, to trv\u00e1 i n\u011bkolik dn\u016f a kr\u00e1sn\u011b mi to vymyje palici. A blues od star\u00fdch \u010dernoch\u016f. Ale nade v\u0161\u00edm jsou Led Zeppelin.<\/p>\n<p><strong>J e ti z n\u011bjak\u00e9 p\u00edsn\u011b smutno?<\/strong><br \/>\nNerad to p\u0159izn\u00e1v\u00e1m, ale j\u00e1 jsem hodn\u011b doj\u00edmac\u00ed. U n\u011bkter\u00fdch p\u00edsni\u010dek, kdy\u017e jsem s\u00e1m, se norm\u00e1ln\u011b rozbre\u010d\u00edm. Hlavn\u011b u takov\u00fdch, kdy se ten zp\u011bv\u00e1k jako sna\u017e\u00ed navenek d\u011blat, \u017ee u\u017e ho to nebol\u00ed, a p\u0159itom z n\u011bj te\u010de, \u017ee to nen\u00ed pravda.<\/p>\n<p><strong>O kter\u00e9m slovn\u00edm obratu (spojen\u00ed) z textu tv\u00fdch p\u00edsn\u00ed si mysl\u00ed\u0161, \u017ee se ti fakt povedl?<\/strong><br \/>\nJejej, to takhle z hlavy asi neum\u00edm \u0159\u00edct. Ale dobr\u00e1, tak t\u0159eba tohle, to se hod\u00ed na z\u00e1v\u011br: V\u0161echno u\u017e je zme\u0161k\u00e1no, ze \u017eiv\u00e9ho vyrv\u00e1no, je pozd\u011b &#8230;<\/p>\n<p><a href=\"http:\/\/folimankablues.cz\/index.php?id=rozhovory&amp;text=rozhovor_lada\" target=\"_blank\">Zdroj<\/a><\/p>\n","protected":false},"excerpt":{"rendered":"","protected":false},"author":1,"featured_media":0,"comment_status":"open","ping_status":"open","sticky":false,"template":"","format":"standard","meta":{"ngg_post_thumbnail":0,"footnotes":""},"categories":[4,13],"tags":[],"class_list":["post-5640","post","type-post","status-publish","format-standard","hentry","category-hudba","category-rozhovory"],"_links":{"self":[{"href":"https:\/\/www.ladislavjakl.cz\/index.php?rest_route=\/wp\/v2\/posts\/5640","targetHints":{"allow":["GET"]}}],"collection":[{"href":"https:\/\/www.ladislavjakl.cz\/index.php?rest_route=\/wp\/v2\/posts"}],"about":[{"href":"https:\/\/www.ladislavjakl.cz\/index.php?rest_route=\/wp\/v2\/types\/post"}],"author":[{"embeddable":true,"href":"https:\/\/www.ladislavjakl.cz\/index.php?rest_route=\/wp\/v2\/users\/1"}],"replies":[{"embeddable":true,"href":"https:\/\/www.ladislavjakl.cz\/index.php?rest_route=%2Fwp%2Fv2%2Fcomments&post=5640"}],"version-history":[{"count":2,"href":"https:\/\/www.ladislavjakl.cz\/index.php?rest_route=\/wp\/v2\/posts\/5640\/revisions"}],"predecessor-version":[{"id":5642,"href":"https:\/\/www.ladislavjakl.cz\/index.php?rest_route=\/wp\/v2\/posts\/5640\/revisions\/5642"}],"wp:attachment":[{"href":"https:\/\/www.ladislavjakl.cz\/index.php?rest_route=%2Fwp%2Fv2%2Fmedia&parent=5640"}],"wp:term":[{"taxonomy":"category","embeddable":true,"href":"https:\/\/www.ladislavjakl.cz\/index.php?rest_route=%2Fwp%2Fv2%2Fcategories&post=5640"},{"taxonomy":"post_tag","embeddable":true,"href":"https:\/\/www.ladislavjakl.cz\/index.php?rest_route=%2Fwp%2Fv2%2Ftags&post=5640"}],"curies":[{"name":"wp","href":"https:\/\/api.w.org\/{rel}","templated":true}]}}