{"id":5643,"date":"2015-04-02T14:34:45","date_gmt":"2015-04-02T12:34:45","guid":{"rendered":"http:\/\/www.ladislavjakl.cz\/?p=5643"},"modified":"2015-04-02T14:36:06","modified_gmt":"2015-04-02T12:36:06","slug":"prace-na-hrade-mi-nechybi-rika-ladislav-jakl","status":"publish","type":"post","link":"https:\/\/www.ladislavjakl.cz\/?p=5643","title":{"rendered":"Pr\u00e1ce na Hrad\u011b mi nechyb\u00ed, \u0159\u00edk\u00e1 Ladislav Jakl"},"content":{"rendered":"<p>Deset let str\u00e1vil na piedestalu \u010desk\u00e9 politiky, kdy\u017e byl jedn\u00edm z nejbli\u017e\u0161\u00edch spolupracovn\u00edk\u016f prezidenta republiky. Jak\u00fd je b\u00fdval\u00fd prezident\u016fv tajemn\u00edk?<\/p>\n<p><!--more--><br \/>\nLadislav Jakl se do ve\u0159ejn\u00e9 zn\u00e1mosti dostal p\u0159edev\u0161\u00edm jako \u0159editel politick\u00e9ho odboru Kancel\u00e1\u0159e prezidenta republiky V\u00e1clava Klause. V t\u00e9to funkci nen\u00ed u\u017e t\u00e9m\u011b\u0159 dva roky a rozhodn\u011b se mu nest\u00fdsk\u00e1. \u201eOd t\u00e9 doby jsem nem\u011bl na sob\u011b kravatu a nesv\u00e1zal si ani jednou vlasy do cul\u00edku,\u201c \u0159\u00edk\u00e1.<\/p>\n<p>B\u011bhem sv\u00e9 kari\u00e9ry nasb\u00edral Jakl podle sv\u00fdch slov hodn\u011b kritik\u016f. N\u011bkte\u0159\u00ed dokonce psali, \u017ee st\u0159ihaj\u00ed metr do dne, kdy odejde z funkce. \u201eP\u0159izn\u00e1m se, \u017ee j\u00e1 jsem si ho podv\u011bdom\u011b st\u0159ihal taky,\u201c dod\u00e1v\u00e1.<\/p>\n<p><strong>N\u00e1ro\u010dn\u00fd Hrad<\/strong><\/p>\n<p>\u201eBylo to hodn\u011b vysiluj\u00edc\u00ed. Jednalo se pr\u00e1ci n\u00e1ro\u010dnou jak \u010dasov\u011b, tak psychicky i fyzicky. T\u011bch deset let na Hrad\u011b plus \u010dty\u0159i roky ve sn\u011bmovn\u011b mi docela sta\u010dilo,\u201c \u0159\u00edk\u00e1 Ladislav Jakl.<\/p>\n<p>S b\u00fdval\u00fdm prezidentem ale spolupracuje i nad\u00e1le. Tentokr\u00e1t v Institu V\u00e1clava Klause. \u201eNe\u0161el jsem do ve\u0159ejn\u00e9ho \u017eivota s pocitem, \u017ee chci b\u00fdt \u00fa\u0159edn\u00edkem. Podstatnou hodnotou jsou pro m\u011b my\u0161lenky a ideje, kter\u00fdm v\u011b\u0159\u00edm,\u201c \u0159\u00edk\u00e1 b\u00fdval\u00fd tajemn\u00edk.<\/p>\n<p><strong>Novin\u00e1\u0159 i hudebn\u00edk<\/strong><\/p>\n<p>Jakl p\u016fsobil jako novin\u00e1\u0159, ale vystudoval tak\u00e9 konzervato\u0159. \u201ePrvn\u00ed dva ro\u010dn\u00edky jsem absolvoval je\u0161t\u011b za socialismu, pak jsem \u0161el na vojnu a zbytek \u0161koly jsem dod\u011blal v \u00fapln\u011b jin\u00fdch polistopadov\u00fdch pom\u011brech,\u201c pov\u00edd\u00e1 o sv\u00e9m \u017eivot\u011b.<\/p>\n<p class=\"citation\"><em>\u201eV\u017edy jsem t\u00edhnul k takov\u00e9mu druhu hudby, kter\u00fdm bych se neu\u017eivil ani tehdy a dost mo\u017en\u00e1 ani te\u010f.\u201c<\/em><br \/>\n<em><strong>Ladislav Jakl<\/strong><\/em><\/p>\n<p>Bigb\u00edt podle Jaklova tvrzen\u00ed byl, je a bude jeho \u017eivotem. Hudb\u011b se p\u0159esto nev\u011bnoval hned od za\u010d\u00e1tku. \u201eRodi\u010de si p\u0159edstavovali trochu seri\u00f3zn\u011bj\u0161\u00ed povol\u00e1n\u00ed. Asi by nep\u0159e\u017eili, kdybych se vyka\u0161lal na studia a za\u010dal hr\u00e1t n\u011bkde po sklep\u00edch,\u201c vypr\u00e1v\u00ed.<\/p>\n<p>Tehdy se tedy rozhodl pro \u017eurnalistiku. Netou\u017eil p\u0159itom st\u00e1t se uzn\u00e1van\u00fdm novin\u00e1\u0159em. \u201eBylo mi skoro jedno, kam p\u016fjdu. \u017durnalistika mi p\u0159i\u0161la jako prodlou\u017een\u00fd gympl. Nevzpom\u00edn\u00e1m si, \u017ee by mi ta \u0161kola n\u011bco zvl\u00e1\u0161tn\u00edho dala. Snad krom\u011b \u010de\u0161tiny,\u201c vzpom\u00edn\u00e1 dnes Jakl.<\/p>\n<p><iframe loading=\"lazy\" style=\"border: none; height: 160px; width: 100%; overflow: hidden;\" src=\"http:\/\/prehravac.rozhlas.cz\/audio\/3351826\/embedded\/dark\" width=\"300\" height=\"150\" scrolling=\"no\"><\/iframe><\/p>\n<p><a href=\"http:\/\/www.rozhlas.cz\/dvojka\/jejakaje\/_zprava\/prace-na-hrade-mi-nechybi-rika-ladislav-jakl--1473711\" target=\"_blank\">Zdroj<\/a><\/p>\n","protected":false},"excerpt":{"rendered":"<p>Deset let str\u00e1vil na piedestalu \u010desk\u00e9 politiky, kdy\u017e byl jedn\u00edm z nejbli\u017e\u0161\u00edch spolupracovn\u00edk\u016f prezidenta republiky. Jak\u00fd je b\u00fdval\u00fd prezident\u016fv tajemn\u00edk?<\/p>\n","protected":false},"author":1,"featured_media":0,"comment_status":"open","ping_status":"open","sticky":false,"template":"","format":"standard","meta":{"ngg_post_thumbnail":0,"footnotes":""},"categories":[11,13],"tags":[],"class_list":["post-5643","post","type-post","status-publish","format-standard","hentry","category-ozvena","category-rozhovory"],"_links":{"self":[{"href":"https:\/\/www.ladislavjakl.cz\/index.php?rest_route=\/wp\/v2\/posts\/5643","targetHints":{"allow":["GET"]}}],"collection":[{"href":"https:\/\/www.ladislavjakl.cz\/index.php?rest_route=\/wp\/v2\/posts"}],"about":[{"href":"https:\/\/www.ladislavjakl.cz\/index.php?rest_route=\/wp\/v2\/types\/post"}],"author":[{"embeddable":true,"href":"https:\/\/www.ladislavjakl.cz\/index.php?rest_route=\/wp\/v2\/users\/1"}],"replies":[{"embeddable":true,"href":"https:\/\/www.ladislavjakl.cz\/index.php?rest_route=%2Fwp%2Fv2%2Fcomments&post=5643"}],"version-history":[{"count":5,"href":"https:\/\/www.ladislavjakl.cz\/index.php?rest_route=\/wp\/v2\/posts\/5643\/revisions"}],"predecessor-version":[{"id":5648,"href":"https:\/\/www.ladislavjakl.cz\/index.php?rest_route=\/wp\/v2\/posts\/5643\/revisions\/5648"}],"wp:attachment":[{"href":"https:\/\/www.ladislavjakl.cz\/index.php?rest_route=%2Fwp%2Fv2%2Fmedia&parent=5643"}],"wp:term":[{"taxonomy":"category","embeddable":true,"href":"https:\/\/www.ladislavjakl.cz\/index.php?rest_route=%2Fwp%2Fv2%2Fcategories&post=5643"},{"taxonomy":"post_tag","embeddable":true,"href":"https:\/\/www.ladislavjakl.cz\/index.php?rest_route=%2Fwp%2Fv2%2Ftags&post=5643"}],"curies":[{"name":"wp","href":"https:\/\/api.w.org\/{rel}","templated":true}]}}