{"id":5692,"date":"2015-04-16T13:35:56","date_gmt":"2015-04-16T11:35:56","guid":{"rendered":"http:\/\/www.ladislavjakl.cz\/?p=5692"},"modified":"2015-04-16T13:37:48","modified_gmt":"2015-04-16T11:37:48","slug":"cameronova-lecka","status":"publish","type":"post","link":"https:\/\/www.ladislavjakl.cz\/?p=5692","title":{"rendered":"Cameronova l\u00e9\u010dka"},"content":{"rendered":"<p>Britsk\u00fd premi\u00e9r David Cameron ji\u017e p\u0159ed n\u011bkolika lety av\u00edzoval, \u017ee se v\u00a0p\u0159\u00edpad\u011b v\u00edt\u011bzstv\u00ed v p\u0159\u00ed\u0161t\u00edch volb\u00e1ch zasad\u00ed za kon\u00e1n\u00ed referenda o \u010dlenstv\u00ed Spojen\u00e9ho kr\u00e1lovstv\u00ed v\u00a0Evropsk\u00e9 unii.<\/p>\n<p><!--more--><\/p>\n<p>Na prvn\u00ed pohled ta zpr\u00e1va vypad\u00e1 jako z\u00e1blesk rozumu v\u00a0tup\u00e9 bruselsk\u00e9 \u0161edi. Ale nedejme se spl\u00e9st. Cameron rozhodn\u011b nepl\u00e1nuje vystoupit z\u00a0EU. Je p\u0159\u00edli\u0161 zadob\u0159e s\u00a0euroestablishmentem. Sleduje p\u0159esn\u00fd opak. Jednak chce potla\u010dit vnitrostranick\u00e9 konkurenty z\u00a0\u0159ad eurokritik\u016f a vz\u00edt jim t\u00e9ma. Slibuje cel\u00e9 ty roky referendum a\u017e po volb\u00e1ch, pokud je ov\u0161em vyhraje. T\u00edm si sv\u00e9 kritiky zavazuje a oni tak musej\u00ed p\u0159ekousnout \u017e\u00ed\u017ealu, tv\u00e1\u0159it se loy\u00e1ln\u011b a p\u0159\u00e1t Cameronovi v\u00edt\u011bzstv\u00ed. Kdyby to myslel v\u00e1\u017en\u011b, vyhl\u00e1sil by referendum u\u017e d\u00e1vno. A p\u0159edev\u0161\u00edm, Cameron po takov\u00fdch volb\u00e1ch ud\u011bl\u00e1 otev\u0159en\u011b \u010di skryt\u011b v\u0161e, aby p\u0159\u00edpadn\u00e9 referendum dopadlo probruselsky a on t\u00edm svou vnitrostranickou opozici definitivn\u011b zni\u010dil. Jeho kritici by v\u00a0referendu nem\u011bli platformu, odkud by sv\u016fj boj vedli, proto\u017ee referendum samo by bylo tla\u010deno ofici\u00e1ln\u00edm veden\u00edm konzervativc\u016f. Cameron chce tak\u00e9 sv\u00fdmi sliby vz\u00edt t\u00e9ma i sv\u00fdm hlavn\u00edm volebn\u00edm konkurent\u016fm, Farageov\u011b stran\u011b UKIP. Po volb\u00e1ch jim ho zas vr\u00e1t\u00ed, ale to u\u017e mu bude jedno, bude m\u00edt jistotu premi\u00e9rsk\u00e9ho k\u0159esla na dal\u0161\u00ed roky.<\/p>\n<p>(Odpov\u011b\u010f na anketn\u00ed ot\u00e1zku pro dubnov\u00fd Newsletter IVK: Britsk\u00e9 parlamentn\u00ed volby &#8211; krok k vystoupen\u00ed Brit\u00e1nie z EU?)<\/p>\n","protected":false},"excerpt":{"rendered":"<p>Britsk\u00fd premi\u00e9r David Cameron ji\u017e p\u0159ed n\u011bkolika lety av\u00edzoval, \u017ee se v\u00a0p\u0159\u00edpad\u011b v\u00edt\u011bzstv\u00ed v p\u0159\u00ed\u0161t\u00edch volb\u00e1ch zasad\u00ed za kon\u00e1n\u00ed referenda o \u010dlenstv\u00ed Spojen\u00e9ho kr\u00e1lovstv\u00ed v\u00a0Evropsk\u00e9 unii.<\/p>\n","protected":false},"author":1,"featured_media":0,"comment_status":"open","ping_status":"open","sticky":false,"template":"","format":"standard","meta":{"ngg_post_thumbnail":0,"footnotes":""},"categories":[1],"tags":[],"class_list":["post-5692","post","type-post","status-publish","format-standard","hentry","category-publikovane-clanky"],"_links":{"self":[{"href":"https:\/\/www.ladislavjakl.cz\/index.php?rest_route=\/wp\/v2\/posts\/5692","targetHints":{"allow":["GET"]}}],"collection":[{"href":"https:\/\/www.ladislavjakl.cz\/index.php?rest_route=\/wp\/v2\/posts"}],"about":[{"href":"https:\/\/www.ladislavjakl.cz\/index.php?rest_route=\/wp\/v2\/types\/post"}],"author":[{"embeddable":true,"href":"https:\/\/www.ladislavjakl.cz\/index.php?rest_route=\/wp\/v2\/users\/1"}],"replies":[{"embeddable":true,"href":"https:\/\/www.ladislavjakl.cz\/index.php?rest_route=%2Fwp%2Fv2%2Fcomments&post=5692"}],"version-history":[{"count":3,"href":"https:\/\/www.ladislavjakl.cz\/index.php?rest_route=\/wp\/v2\/posts\/5692\/revisions"}],"predecessor-version":[{"id":5695,"href":"https:\/\/www.ladislavjakl.cz\/index.php?rest_route=\/wp\/v2\/posts\/5692\/revisions\/5695"}],"wp:attachment":[{"href":"https:\/\/www.ladislavjakl.cz\/index.php?rest_route=%2Fwp%2Fv2%2Fmedia&parent=5692"}],"wp:term":[{"taxonomy":"category","embeddable":true,"href":"https:\/\/www.ladislavjakl.cz\/index.php?rest_route=%2Fwp%2Fv2%2Fcategories&post=5692"},{"taxonomy":"post_tag","embeddable":true,"href":"https:\/\/www.ladislavjakl.cz\/index.php?rest_route=%2Fwp%2Fv2%2Ftags&post=5692"}],"curies":[{"name":"wp","href":"https:\/\/api.w.org\/{rel}","templated":true}]}}