{"id":5696,"date":"2015-04-16T15:42:00","date_gmt":"2015-04-16T13:42:00","guid":{"rendered":"http:\/\/www.ladislavjakl.cz\/?p=5696"},"modified":"2015-04-16T15:43:49","modified_gmt":"2015-04-16T13:43:49","slug":"objev-ministryne-prace-drazsi-zbozi-pujde-na-odbyt-lepe","status":"publish","type":"post","link":"https:\/\/www.ladislavjakl.cz\/?p=5696","title":{"rendered":"Objev ministryn\u011b pr\u00e1ce: dra\u017e\u0161\u00ed zbo\u017e\u00ed p\u016fjde na odbyt l\u00e9pe"},"content":{"rendered":"<p>Ob\u011b na\u0161e ministryn\u011b pr\u00e1ce a soci\u00e1ln\u00edch v\u011bc\u00ed p\u0159i\u0161ly s\u00a0geni\u00e1ln\u00edm a unik\u00e1tn\u00edm n\u00e1padem, jak zv\u00fd\u0161it prosperitu n\u011bkter\u00fdch kulhaj\u00edc\u00edch odv\u011btv\u00ed na\u0161eho hospod\u00e1\u0159stv\u00ed. Prost\u011b se producent\u016fm dan\u00e9ho oboru na\u0159\u00edd\u00ed zvednout cenu v\u00fdrobk\u016f.<\/p>\n<p><!--more--><br \/>\nLogika je jednoduch\u00e1: za zdra\u017een\u00e9 v\u00fdrobky inkasuj\u00ed producenti v\u00edce pen\u011bz a pen\u00edze takto nalit\u00e9 do odv\u011btv\u00ed nastartuj\u00ed novou prosperitu, p\u0159il\u00e1kaj\u00ed dal\u0161\u00ed producenty, kter\u00fdm se najednou za\u010dne v\u00fdroba u\u017e vypl\u00e1cet, a bude po kulh\u00e1n\u00ed.<\/p>\n<p>Mal\u00fd p\u0159\u00edklad. Nebude se da\u0159it zmrzlin\u00e1\u0159\u016fm. Bude jich na trhu m\u00e1lo a jejich p\u0159\u00edjmy budou slab\u00e9, tak\u017ee se nov\u00ed z\u00e1jemci o tento obor zrovna nehrnou. Tak se zmrzlin\u00e1\u0159\u016fm nak\u00e1\u017ee, \u017ee jejich zmrzliny musej\u00ed st\u00e1t nejm\u00e9n\u011b sto korun. Zmrzlin\u00e1\u0159\u016fm se zv\u00fd\u0161\u00ed zisk, bude se jim da\u0159it a zv\u00fd\u0161\u00ed to jejich \u017eivotn\u00ed \u00farove\u0148. A prodej zmrzliny se za\u010dne vypl\u00e1cet v\u011bt\u0161\u00edmu po\u010dtu lid\u00ed.<\/p>\n<p>Nebo t\u0159eba auta. Toto odv\u011btv\u00ed sice u n\u00e1s dnes prosperuje, ale zam\u011bstnanci si st\u011b\u017euj\u00ed na n\u00edzk\u00e9 platy a mo\u017en\u00e1 budou i st\u00e1vkovat. \u0158e\u0161en\u00ed je jednoduch\u00e9: na\u0159\u00eddit automobilk\u00e1m zdra\u017een\u00ed aut. T\u0159eba \u017ee nejlevn\u011bj\u0161\u00ed \u0161kodovka mus\u00ed st\u00e1t nejm\u00e9n\u011b p\u016fl milionu. Ekonomick\u00e1 situace firem se dramaticky zlep\u0161\u00ed a hned bude i na lep\u0161\u00ed platy.<\/p>\n<p>\u017de t\u00e9to \u00favaze cosi sch\u00e1z\u00ed? No jeje. Tahle poh\u00e1dka by platila jen za situace nulov\u00e9 elasticity popt\u00e1vky. Prost\u011b \u017ee by popt\u00e1vka z\u016fstala st\u00e1le stejn\u00e1, cena necena. Jenom\u017ee popt\u00e1vka v\u00a0norm\u00e1ln\u00edm sv\u011bt\u011b stejn\u00e1 nen\u00ed a popt\u00e1van\u00e9 mno\u017estv\u00ed reaguje mj. i na cenu. Ty drah\u00e9 zmrzliny a drah\u00e1 auta by jednodu\u0161e nikdo nekupoval a ob\u011b odv\u011btv\u00ed by zkrachovala.<\/p>\n<p>P\u0159esto to na\u0161e ministryn\u011b Tominov\u00e1 i Marksov\u00e1 mysl\u00ed v\u00e1\u017en\u011b. P\u0159i debat\u011b o minim\u00e1ln\u00ed mzd\u011b a o jej\u00edm p\u0159\u00edpadn\u00e9m zv\u00fd\u0161en\u00ed ob\u011b po\u0159\u00e1d dokola opakuj\u00ed, \u017ee kdy\u017e se minim\u00e1ln\u00ed mzda zv\u00fd\u0161\u00ed, lidem se za\u010dne v\u00edce vypl\u00e1cet pracovat, ubude nezam\u011bstnan\u00fdch a trh pr\u00e1ce za\u010dne prosperovat.<\/p>\n<p>Z\u00e1kladn\u00ed my\u0161lenkov\u00e1 chyba spo\u010d\u00edv\u00e1 v\u00a0tom, \u017ee minim\u00e1ln\u00ed mzdou nena\u0159izujete zam\u011bstnavatel\u016fm platit vy\u0161\u0161\u00ed mzdy, ne\u017e kter\u00e9 by odpov\u00eddaly jejich popt\u00e1vce po pracovn\u00ed s\u00edle. Kdepak. Vy t\u00edm naopak na\u0159izujete zam\u011bstnanc\u016fm, \u017ee cenu sv\u00e9 pr\u00e1ce musej\u00ed povinn\u011b zv\u00fd\u0161it, i kdy\u017e sami necht\u011bj\u00ed. A nesm\u011bj\u00ed ji zlevnit, pokud ji drahou neprodaj\u00ed. A stane se jim p\u0159esn\u011b to, co zmrzlin\u00e1\u0159\u016fm a automobilk\u00e1m. O jejich p\u0159edra\u017eenou nab\u00eddku nebude m\u00edt zam\u011bstnavatel z\u00e1jem, neprodaj\u00ed ji a nebudou m\u00edt nic.<\/p>\n<p>Marksov\u00e1 s\u00a0Tominovou vytv\u00e1\u0159ej\u00ed legendu, \u017ee nezam\u011bstnanost vznik\u00e1 tehdy, kdy jsou mzdy tak n\u00edzk\u00e9, \u017ee se lidem nevyplat\u00ed pracovat. Ale v\u016fbec ne. To bychom nezam\u011bstnanost m\u011bli \u0159e\u0161it sp\u00ed\u0161e sn\u00ed\u017een\u00edm d\u00e1vek nezam\u011bstnan\u00fdm. Nezam\u011bstnanost vznik\u00e1 tehdy, kdy\u017e po pr\u00e1ci nen\u00ed popt\u00e1vka. Zam\u011bstnavatel\u00e9 maj\u00ed pot\u00ed\u017ee s\u00a0odbytem a o n\u00e1kup dal\u0161\u00edho zbo\u017e\u00ed s n\u00e1zvem pracovn\u00ed s\u00edla nemaj\u00ed z\u00e1jem. A do toho p\u0159ijde na\u0159\u00edzen\u00ed, \u017ee ono zbo\u017e\u00ed bude k\u00a0dost\u00e1n\u00ed je\u0161t\u011b dr\u00e1\u017e. To m\u00e1 jako povzbudit zam\u011bstnavatele, aby si ho kupovali v\u00edce? Dra\u017e\u0161\u00ed zmrzliny podpo\u0159\u00ed jejich milovn\u00edky, aby si je v\u00edce kupovali? Dra\u017e\u0161\u00ed auta povzbud\u00ed z\u00e1kazn\u00edky, aby si je v\u00edce kupovali? Pr\u00e1v\u011b \u017ee p\u0159esn\u011b naopak.<\/p>\n<p>Kupovat auta, zmrzlinu \u010di pr\u00e1ci nen\u00ed povinn\u00e9. V\u017edy p\u0159edch\u00e1z\u00ed \u00favaha o p\u0159\u00ednosu a o cen\u011b. A kdy\u017e cena stoupne, ochota z\u00e1jemce klesne. A odnesou to nejv\u00edc ty nejlevn\u011bj\u0161\u00ed \u0161kodovky, zmrzliny a pr\u00e1ce. Nikdo nebude kupovat b\u011b\u017en\u00e9 zmrzliny, fabie a m\u00e9n\u011b kvalifikovanou pr\u00e1ci.<\/p>\n<p>Tato vl\u00e1da m\u00e1 pln\u00e1 \u00fasta o inkluzi soci\u00e1ln\u011b vylou\u010den\u00fdch. A te\u010f jim zdra\u017euje jejich jedin\u00fd potenci\u00e1ln\u00ed produkt na trhu: jejich pr\u00e1ci. Pokud pr\u00e1v\u011b tyto lidi chce na\u0161e vl\u00e1da dostat z\u00a0pasti, a\u0165 naopak pracovn\u00ed trh zjednodu\u0161\u00ed. Minim\u00e1ln\u00ed mzda nen\u00ed z\u00e1rukou vy\u0161\u0161\u00edch plat\u016f, stejn\u011b jako povinn\u011b dra\u017e\u0161\u00ed zmrzliny nejsou z\u00e1rukou p\u0159\u00edjmu zmrzlin\u00e1\u0159\u016f.<\/p>\n<p>Zru\u0161te minim\u00e1ln\u00ed mzdu, a u\u017e v\u016fbec ji nezvy\u0161ujte. Pom\u016f\u017eete t\u00edm zam\u011bstnanosti, soci\u00e1ln\u011b nejslab\u0161\u00edm a je\u0161t\u011b o\u017eiv\u00edte ekonomiku.<\/p>\n<p><a href=\"http:\/\/jakl.blog.idnes.cz\/c\/458400\/objev-ministryne-prace-drazsi-zbozi-pujde-na-odbyt-lepe.html\" target=\"_blank\">Zdroj<\/a><\/p>\n","protected":false},"excerpt":{"rendered":"<p>Ob\u011b na\u0161e ministryn\u011b pr\u00e1ce a soci\u00e1ln\u00edch v\u011bc\u00ed p\u0159i\u0161ly s\u00a0geni\u00e1ln\u00edm a unik\u00e1tn\u00edm n\u00e1padem, jak zv\u00fd\u0161it prosperitu n\u011bkter\u00fdch kulhaj\u00edc\u00edch odv\u011btv\u00ed na\u0161eho hospod\u00e1\u0159stv\u00ed. Prost\u011b se producent\u016fm dan\u00e9ho oboru na\u0159\u00edd\u00ed zvednout cenu v\u00fdrobk\u016f.<\/p>\n","protected":false},"author":1,"featured_media":0,"comment_status":"open","ping_status":"open","sticky":false,"template":"","format":"standard","meta":{"ngg_post_thumbnail":0,"footnotes":""},"categories":[18],"tags":[],"class_list":["post-5696","post","type-post","status-publish","format-standard","hentry","category-postrehy"],"_links":{"self":[{"href":"https:\/\/www.ladislavjakl.cz\/index.php?rest_route=\/wp\/v2\/posts\/5696","targetHints":{"allow":["GET"]}}],"collection":[{"href":"https:\/\/www.ladislavjakl.cz\/index.php?rest_route=\/wp\/v2\/posts"}],"about":[{"href":"https:\/\/www.ladislavjakl.cz\/index.php?rest_route=\/wp\/v2\/types\/post"}],"author":[{"embeddable":true,"href":"https:\/\/www.ladislavjakl.cz\/index.php?rest_route=\/wp\/v2\/users\/1"}],"replies":[{"embeddable":true,"href":"https:\/\/www.ladislavjakl.cz\/index.php?rest_route=%2Fwp%2Fv2%2Fcomments&post=5696"}],"version-history":[{"count":2,"href":"https:\/\/www.ladislavjakl.cz\/index.php?rest_route=\/wp\/v2\/posts\/5696\/revisions"}],"predecessor-version":[{"id":5698,"href":"https:\/\/www.ladislavjakl.cz\/index.php?rest_route=\/wp\/v2\/posts\/5696\/revisions\/5698"}],"wp:attachment":[{"href":"https:\/\/www.ladislavjakl.cz\/index.php?rest_route=%2Fwp%2Fv2%2Fmedia&parent=5696"}],"wp:term":[{"taxonomy":"category","embeddable":true,"href":"https:\/\/www.ladislavjakl.cz\/index.php?rest_route=%2Fwp%2Fv2%2Fcategories&post=5696"},{"taxonomy":"post_tag","embeddable":true,"href":"https:\/\/www.ladislavjakl.cz\/index.php?rest_route=%2Fwp%2Fv2%2Ftags&post=5696"}],"curies":[{"name":"wp","href":"https:\/\/api.w.org\/{rel}","templated":true}]}}